{"id":476086,"date":"2025-10-20T02:45:39","date_gmt":"2025-10-20T02:45:39","guid":{"rendered":"https:\/\/www.europesays.com\/fr\/476086\/"},"modified":"2025-10-20T02:45:39","modified_gmt":"2025-10-20T02:45:39","slug":"toulon-ecrase-le-racing-92","status":"publish","type":"post","link":"https:\/\/www.europesays.com\/fr\/476086\/","title":{"rendered":"Toulon \u00e9crase le Racing 92"},"content":{"rendered":"<p><strong>Le RCT a largement domin\u00e9 le<br \/>\nRacing 92 \u00e0 Mayol (45-21) et poursuit son invincibilit\u00e9 \u00e0<br \/>\ndomicile.<\/strong><\/p>\n<p>La forteresse toulonnaise n\u2019est toujours pas tomb\u00e9e aux mains<br \/>\ndes \u00e9quipes du Top 14. A l\u2019occasion du match de cl\u00f4ture de cette 7e<br \/>\njourn\u00e9e, Toulon a ma\u00eetris\u00e9 le Racing 92 en inscrivant six essais<br \/>\n(45-21) et empoche une troisi\u00e8me victoire de rang \u00e0 Mayol. D\u00e9fait<br \/>\nsur la pelouse de Clermont la semaine pass\u00e9e, le RCT a parfaitement<br \/>\nrelev\u00e9 la t\u00eate, emmen\u00e9 par Melvyn Jaminet et Ga\u00ebl Dr\u00e9an tr\u00e8s<br \/>\ninspir\u00e9s.<\/p>\n<p>Le premier, auteur du deuxi\u00e8me essai, a r\u00e9alis\u00e9 un 100 % au pied<br \/>\n(4\/4), tandis que le second s\u2019est offert un nouvel essai, surfant<br \/>\nsur sa dynamique des derni\u00e8res semaines et ses acc\u00e9l\u00e9rations<br \/>\nfulgurantes durant la rencontre. A quelques jours de la liste du XV<br \/>\nde France pour la tourn\u00e9e d\u2019automne, le Toulonnais de 24 ans a<br \/>\nmarqu\u00e9 des points.<\/p>\n<p>Toulon dominateur, Serin touch\u00e9 aux c\u00f4tes<\/p>\n<p>Dans un d\u00e9but de match \u00e9quilibr\u00e9 o\u00f9 Fickou (15e), auteur d\u2019une<br \/>\nbelle prestation, r\u00e9pondait \u00e0 l\u2019ouverture du score de Brex (10e),<br \/>\nToulon a r\u00e9ussi n\u00e9anmoins \u00e0 se montrer plus cr\u00e9atif, profitant des<br \/>\nerreurs de pied de l\u2019ouvreur Pricsiantelli. A plusieurs reprises,<br \/>\nle Francilien, qui honorait une deuxi\u00e8me titularisation \u00e0 ce poste<br \/>\navec son \u00e9quipe, a manqu\u00e9 de justesse (10e, 22e) avec des coups de<br \/>\npied peu efficace sur les p\u00e9nalit\u00e9s obtenues.<\/p>\n<p>En face, la volont\u00e9 toulonnaise a fait la diff\u00e9rence, comme sur<br \/>\nles franchissements de Jaminet et Dr\u00e9an. Si Toulon m\u00e8ne \u00e0 la pause<br \/>\n(24-7), un point noir vient ternir les 40 premi\u00e8res minutes avec la<br \/>\nsortie sur blessure de Baptiste Serin (27e). Impactant sur les deux<br \/>\npremiers essais de son \u00e9quipe, le demi de m\u00eal\u00e9e a subi un plaquage<br \/>\nde Joey Manu et est sorti apr\u00e8s avoir pass\u00e9 quelques secondes au<br \/>\nsol. Une mauvaise nouvelle \u00e9galement pour le XV de France.<\/p>\n<p>Nonu encore d\u00e9cisif<\/p>\n<p>Le Racing n\u2019a pas d\u00e9m\u00e9rit\u00e9, montrant quelques signes de r\u00e9voltes<br \/>\nau retour des vestiaires. Si Mercer avait permis \u00e0 Toulon de<br \/>\nprendre virtuellement le bonus offensif en d\u00e9but de deuxi\u00e8me<br \/>\nmi-temps (51e), Maxime Baudonne a redonn\u00e9 l\u2019espoir aux Racingmen<br \/>\nsuite \u00e0 une s\u00e9ance de trois minutes intense (56e, 31-14). Les<br \/>\nvisiteurs pensait m\u00eame revenir \u00e0 10 unit\u00e9s du RCT (59e) avec un<br \/>\ntroisi\u00e8me essai, mais le plaquage de Ravutaumada \u00e9tait finalement<br \/>\nsanctionn\u00e9, laissant le Racing \u00e0 17 longueurs de son<br \/>\nadversaire.<\/p>\n<p>Finalement, Toulon a compt\u00e9 sur l\u2019exp\u00e9riment\u00e9 Ma\u2019a Nonu, qui<br \/>\ndisputait son 100e match avec le club varois. Un troisi\u00e8me essai en<br \/>\ntrois sorties de banc \u00e0 43 ans. Le bonus a \u00e9t\u00e9 confirm\u00e9 en fin de<br \/>\nmatch gr\u00e2ce \u00e0 l\u2019essai d\u2019Alainu\u2019uese inscrit apr\u00e8s la sir\u00e8ne. Une<br \/>\ns\u00e9rie de pick and gos a profit\u00e9 au deuxi\u00e8me ligne pour sceller le<br \/>\nscore du match (45-21).<\/p>\n","protected":false},"excerpt":{"rendered":"Le RCT a largement domin\u00e9 le Racing 92 \u00e0 Mayol (45-21) et poursuit son invincibilit\u00e9 \u00e0 domicile. La&hellip;\n","protected":false},"author":2,"featured_media":433114,"comment_status":"","ping_status":"","sticky":false,"template":"","format":"standard","meta":{"footnotes":""},"categories":[9619],"tags":[1111,11,1777,674,1011,27,12,882,5421,25,57681,478,2310],"class_list":{"0":"post-476086","1":"post","2":"type-post","3":"status-publish","4":"format-standard","5":"has-post-thumbnail","7":"category-toulon","8":"tag-actu","9":"tag-actualites","10":"tag-eu","11":"tag-europe","12":"tag-fr","13":"tag-france","14":"tag-news","15":"tag-provence-alpes-cote-dazur","16":"tag-racing-92","17":"tag-republique-francaise","18":"tag-sport365-fr","19":"tag-top-14","20":"tag-toulon"},"share_on_mastodon":{"url":"https:\/\/pubeurope.com\/@fr\/115404205107353491","error":""},"_links":{"self":[{"href":"https:\/\/www.europesays.com\/fr\/wp-json\/wp\/v2\/posts\/476086","targetHints":{"allow":["GET"]}}],"collection":[{"href":"https:\/\/www.europesays.com\/fr\/wp-json\/wp\/v2\/posts"}],"about":[{"href":"https:\/\/www.europesays.com\/fr\/wp-json\/wp\/v2\/types\/post"}],"author":[{"embeddable":true,"href":"https:\/\/www.europesays.com\/fr\/wp-json\/wp\/v2\/users\/2"}],"replies":[{"embeddable":true,"href":"https:\/\/www.europesays.com\/fr\/wp-json\/wp\/v2\/comments?post=476086"}],"version-history":[{"count":0,"href":"https:\/\/www.europesays.com\/fr\/wp-json\/wp\/v2\/posts\/476086\/revisions"}],"wp:featuredmedia":[{"embeddable":true,"href":"https:\/\/www.europesays.com\/fr\/wp-json\/wp\/v2\/media\/433114"}],"wp:attachment":[{"href":"https:\/\/www.europesays.com\/fr\/wp-json\/wp\/v2\/media?parent=476086"}],"wp:term":[{"taxonomy":"category","embeddable":true,"href":"https:\/\/www.europesays.com\/fr\/wp-json\/wp\/v2\/categories?post=476086"},{"taxonomy":"post_tag","embeddable":true,"href":"https:\/\/www.europesays.com\/fr\/wp-json\/wp\/v2\/tags?post=476086"}],"curies":[{"name":"wp","href":"https:\/\/api.w.org\/{rel}","templated":true}]}}