{"id":476094,"date":"2025-10-20T02:56:45","date_gmt":"2025-10-20T02:56:45","guid":{"rendered":"https:\/\/www.europesays.com\/fr\/476094\/"},"modified":"2025-10-20T02:56:45","modified_gmt":"2025-10-20T02:56:45","slug":"comment-on-ma-vole-le-racing-club-de-strasbourg","status":"publish","type":"post","link":"https:\/\/www.europesays.com\/fr\/476094\/","title":{"rendered":"Comment on m\u2019a vol\u00e9 le Racing Club de Strasbourg"},"content":{"rendered":"<p>                                <b>I. Un club \u00e0 l\u2019agonie, un r\u00eave collectif<\/b><\/p>\n<p>En 2011, le Racing Club de Strasbourg vivait l\u2019un des moments les plus sombres de son histoire. Rel\u00e9gu\u00e9 au niveau amateur, surendett\u00e9, menac\u00e9 de disparition pure et simple, le club semblait condamn\u00e9.<\/p>\n<p>C\u2019est \u00e0 ce moment-l\u00e0 que j\u2019ai d\u00e9cid\u00e9 d\u2019intervenir. Mon id\u00e9e \u00e9tait claire : <b>sauver le Racing en inventant un nouveau mod\u00e8le de gouvernance du football.<\/b><\/p>\n<p>Je ne voulais pas racheter un club pour le poss\u00e9der, mais pour le <b>rendre \u00e0 ceux \u00e0 qui il appartient vraiment<\/b> : les supporters, les salari\u00e9s et la ville de Strasbourg.<\/p>\n<p>Mon projet : cr\u00e9er la <b>premi\u00e8re Soci\u00e9t\u00e9 Coop\u00e9rative d\u2019Int\u00e9r\u00eat Collectif (SCIC)<\/b> du football fran\u00e7ais.<\/p>\n<p>Un mod\u00e8le o\u00f9 chaque acteur \u2014 supporters, collectivit\u00e9s, partenaires, salari\u00e9s \u2014 aurait eu voix au chapitre, pour un football transparent, durable et d\u00e9mocratique.<\/p>\n<p>L\u2019actionnaire majoritaire de l\u2019\u00e9poque, Jafar Hilali, a accept\u00e9 de me c\u00e9der le club \u00e0 condition que je concr\u00e9tise ce projet.<\/p>\n<p>Le prix ? <b>1 euro symbolique.<\/b><\/p>\n<p>                                          Agrandir l\u2019image : Illustration 1        <\/p>\n<p>\u00ab Thomas Fritz, install\u00e9 chez lui, serein, raconte comment il a rachet\u00e9 \u00e0 l\u2019homme d\u2019affaires Jafar Hilali le Racing Club de Strasbourg, club exsangue et rel\u00e9gu\u00e9, pour la modique somme d\u2019un euro. \u00bb]<\/p>\n<p>Ce n\u2019\u00e9tait pas une lubie, mais une tentative sinc\u00e8re d\u2019introduire dans le football une <b>\u201ccr\u00e9ative attitude comme mod\u00e8le social\u201d<\/b>.<\/p>\n<p><b>II. Du r\u00eave \u00e0 la man\u0153uvre<\/b><\/p>\n<p>Mais \u00e0 peine le rachat sign\u00e9, <b>le r\u00eave s\u2019est transform\u00e9 en si\u00e8ge.<\/b><\/p>\n<p>J\u2019ai \u00e9t\u00e9 <b>emp\u00each\u00e9 d\u2019acc\u00e9der au stade, bloqu\u00e9 dans l\u2019acc\u00e8s aux documents financiers, et progressivement \u00e9cart\u00e9 des discussions.<\/b><\/p>\n<p>Le climat est devenu surr\u00e9aliste : le projet coop\u00e9ratif d\u00e9rangeait.<\/p>\n<p>Puis, le coup d\u00e9cisif est venu de <b>Fr\u00e9d\u00e9ric Sitterl\u00e9<\/b>, cens\u00e9 m\u2019accompagner dans la relance du club.<\/p>\n<p>Du jour au lendemain, il s\u2019est retir\u00e9, me laissant sans appui financier.<\/p>\n<p>Ce retrait a fragilis\u00e9 le dossier et ouvert la porte \u00e0 une <b>liquidation judiciaire orchestr\u00e9e<\/b>, dans laquelle Sitterl\u00e9 a pu <b>reprendre le club contre moi.<\/b><\/p>\n<p>Quelques mois plus tard, le Racing changeait encore de mains, revendu <b>\u00e0 Marc Keller pour deux euros symboliques.<\/b><\/p>\n<p>                                          Agrandir l\u2019image : Illustration 2        <\/p>\n<p>Entre ces lignes anodines, tout un pan de v\u00e9rit\u00e9 a disparu :<\/p>\n<p>le projet originel, coop\u00e9ratif et citoyen, avait \u00e9t\u00e9 effac\u00e9.<\/p>\n<p>Et celui qui l\u2019avait initi\u00e9 \u2014 moi \u2014 a \u00e9t\u00e9 <b>sorti du stade par la force<\/b>, <b>priv\u00e9 d\u2019acc\u00e8s \u00e0 son propre dossier<\/b>, et <b>effac\u00e9 de l\u2019histoire officielle<\/b>.<\/p>\n<p><b>III. De l\u2019id\u00e9al coop\u00e9ratif au retour des actionnaires<\/b><\/p>\n<p>Le Racing a surv\u00e9cu, oui. Il est m\u00eame redevenu un club phare du football fran\u00e7ais.<\/p>\n<p>Mais le sens du projet a \u00e9t\u00e9 totalement renvers\u00e9.<\/p>\n<p>L\u2019id\u00e9e d\u2019un <b>club citoyen<\/b>, gouvern\u00e9 collectivement, a laiss\u00e9 place \u00e0 <b>un mod\u00e8le actionnarial classique<\/b>, centr\u00e9 sur la rentabilit\u00e9.<\/p>\n<p>En 2023, le club a \u00e9t\u00e9 revendu \u00e0 <b>BlueCo<\/b>, le consortium am\u00e9ricain propri\u00e9taire de Chelsea, pour un montant estim\u00e9 entre <b>45 et 75 millions d\u2019euros<\/b>.<\/p>\n<p>Une plus-value vertigineuse, b\u00e2tie sur les ruines de ce que j\u2019avais tent\u00e9 de construire autrement.<\/p>\n<p><b>IV. Le mod\u00e8le SCIC refait surface : Bastia, Sochaux et les \u00e9conomistes du sport<\/b><\/p>\n<p>Ce que j\u2019avais voulu initier \u00e0 Strasbourg, un club <b>SCIC, local, transparent, collectif<\/b>, a depuis fait \u00e9cole ailleurs.<\/p>\n<p>Des clubs comme <b>Bastia<\/b> ou <b>Sochaux<\/b>, confront\u00e9s \u00e0 des crises similaires, <b>ont repris ce mod\u00e8le coop\u00e9ratif<\/b> pour assurer leur survie tout en impliquant leurs supporters.<\/p>\n<p>Et aujourd\u2019hui, <b>de nombreux \u00e9conomistes du sport<\/b> d\u00e9fendent ouvertement ce mod\u00e8le :<\/p>\n<p>la SCIC appara\u00eet comme <b>la meilleure voie<\/b> pour garantir la stabilit\u00e9 financi\u00e8re, la participation citoyenne et la transparence des clubs.<\/p>\n<p>Autrement dit : <b>le mod\u00e8le que j\u2019avais propos\u00e9 en 2011 \u00e9tait simplement en avance de dix ans.<\/b><\/p>\n<p><b>V. Un go\u00fbt amer, mais une conviction intacte<\/b><\/p>\n<p>Le Racing est aujourd\u2019hui en haut de l\u2019affiche.<\/p>\n<p>Et tant mieux pour ses supporters, qui m\u00e9ritent cette r\u00e9ussite.<\/p>\n<p>Mais pour moi, cette histoire garde <b>un go\u00fbt amer<\/b>.<\/p>\n<p>Pas seulement \u00e0 cause de la trahison, mais parce que le football fran\u00e7ais a <b>rat\u00e9 une occasion historique<\/b> de devenir exemplaire.<\/p>\n<p>Je n\u2019ai jamais voulu m\u2019enrichir avec le Racing.<\/p>\n<p>Je voulais en faire <b>un bien commun<\/b>, une aventure collective o\u00f9 chacun aurait eu sa place.<\/p>\n<p>On m\u2019a vol\u00e9 ce projet.<\/p>\n<p>Mais on ne me volera pas l\u2019id\u00e9e :<\/p>\n<p>\ud83d\udc49 <b>un autre football reste possible.<\/b><\/p>\n<p><b>Thomas BRANT (vrai nom Thomas FRITZ)<\/b><\/p>\n","protected":false},"excerpt":{"rendered":"I. Un club \u00e0 l\u2019agonie, un r\u00eave collectif En 2011, le Racing Club de Strasbourg vivait l\u2019un des&hellip;\n","protected":false},"author":2,"featured_media":476095,"comment_status":"","ping_status":"","sticky":false,"template":"","format":"standard","meta":{"footnotes":""},"categories":[2820],"tags":[1111,11,5621,7886,11871,59966,55647,1777,674,59967,18671,1011,27,59968,59969,775,59970,25323,21026,11786,12,8708,24894,25,59971,14187,640,59972,34652],"class_list":{"0":"post-476094","1":"post","2":"type-post","3":"status-publish","4":"format-standard","5":"has-post-thumbnail","7":"category-strasbourg","8":"tag-actu","9":"tag-actualites","10":"tag-bastia","11":"tag-blueco","12":"tag-chelsea","13":"tag-democratie-economique","14":"tag-economie-du-sport","15":"tag-eu","16":"tag-europe","17":"tag-football-cooperatif","18":"tag-football-francais","19":"tag-fr","20":"tag-france","21":"tag-frederic-sitterle","22":"tag-gouvernance-participative","23":"tag-grand-est","24":"tag-jafar-hilali","25":"tag-marc-keller","26":"tag-mediapart","27":"tag-multipropriete","28":"tag-news","29":"tag-racing-club-de-strasbourg","30":"tag-rcsa","31":"tag-republique-francaise","32":"tag-scic","33":"tag-sochaux","34":"tag-strasbourg","35":"tag-thomas-fritz","36":"tag-transparence"},"share_on_mastodon":{"url":"https:\/\/pubeurope.com\/@fr\/115404248442055794","error":""},"_links":{"self":[{"href":"https:\/\/www.europesays.com\/fr\/wp-json\/wp\/v2\/posts\/476094","targetHints":{"allow":["GET"]}}],"collection":[{"href":"https:\/\/www.europesays.com\/fr\/wp-json\/wp\/v2\/posts"}],"about":[{"href":"https:\/\/www.europesays.com\/fr\/wp-json\/wp\/v2\/types\/post"}],"author":[{"embeddable":true,"href":"https:\/\/www.europesays.com\/fr\/wp-json\/wp\/v2\/users\/2"}],"replies":[{"embeddable":true,"href":"https:\/\/www.europesays.com\/fr\/wp-json\/wp\/v2\/comments?post=476094"}],"version-history":[{"count":0,"href":"https:\/\/www.europesays.com\/fr\/wp-json\/wp\/v2\/posts\/476094\/revisions"}],"wp:featuredmedia":[{"embeddable":true,"href":"https:\/\/www.europesays.com\/fr\/wp-json\/wp\/v2\/media\/476095"}],"wp:attachment":[{"href":"https:\/\/www.europesays.com\/fr\/wp-json\/wp\/v2\/media?parent=476094"}],"wp:term":[{"taxonomy":"category","embeddable":true,"href":"https:\/\/www.europesays.com\/fr\/wp-json\/wp\/v2\/categories?post=476094"},{"taxonomy":"post_tag","embeddable":true,"href":"https:\/\/www.europesays.com\/fr\/wp-json\/wp\/v2\/tags?post=476094"}],"curies":[{"name":"wp","href":"https:\/\/api.w.org\/{rel}","templated":true}]}}