{"id":476110,"date":"2025-10-20T03:07:12","date_gmt":"2025-10-20T03:07:12","guid":{"rendered":"https:\/\/www.europesays.com\/fr\/476110\/"},"modified":"2025-10-20T03:07:12","modified_gmt":"2025-10-20T03:07:12","slug":"previsions-du-lundi-20-octobre-2025-19","status":"publish","type":"post","link":"https:\/\/www.europesays.com\/fr\/476110\/","title":{"rendered":"pr\u00e9visions du lundi 20 octobre 2025"},"content":{"rendered":"<p class=\"mb-4 text-lg md:leading-8 break-words\"><strong>M\u00e9t\u00e9o &#8211; Aujourd&rsquo;hui, des nuages ne voudront pas laisser leur place au soleil. Des pluies \u00e9parses tomberont. Les temp\u00e9ratures seront de 14\u00b0C la matin\u00e9e et de 15\u00b0C l&rsquo;apr\u00e8s-midi&#8230;<\/strong><\/p>\n<p class=\"mb-4 text-lg md:leading-8 break-words\">La grisaille ne se dissipe toujours pas, il y aura encore des nuages aujourd&rsquo;hui. Il va faire 15\u00b0C en moyenne \u00e0 Lille. La ville sera touch\u00e9e par un vent de sud-ouest de 27 km\/h. C&rsquo;est \u00e0 un ciel couvert de nuages qu&rsquo;il faudra s&rsquo;attendre le matin. Les valeurs s&rsquo;\u00e9chelonneront entre 13 et 15\u00b0C. Le soleil aura du mal \u00e0 percer au milieu des nuages qui persisteront dans l&rsquo;apr\u00e8s-midi. Du mauvais temps est \u00e0 pr\u00e9voir. Des pluies \u00e9parses vont tomber. Les maximales iront jusqu&rsquo;\u00e0 16\u00b0C et les minimales seront de 15\u00b0C. Le soir, on pense qu&rsquo;il y aura des orages importants. Les temp\u00e9ratures seront comprises entre 14 et 15\u00b0C. Pendant que vous dormirez, dans la nuit de lundi \u00e0 mardi, le ciel sera pluvieux.<\/p>\n<p class=\"mb-4 text-lg md:leading-8 break-words\">Demain, Lille devra encore attendre avant que les nuages ne se dissipent. Les valeurs afficheront entre 12 et 17\u00b0C. Un vent de sud-ouest est pr\u00e9vu : il soufflera \u00e0 25 km\/h. On notera la pr\u00e9sence persistante de nuages le matin. Les temp\u00e9ratures seront de 13\u00b0C au plus bas et de 16\u00b0C au maximum. L&rsquo;apr\u00e8s-midi va rester maussade \u00e0 cause de nuages qui perdurent dans le ciel. Des pluies \u00e9parses vont tomber sur la ville. Les valeurs s&rsquo;\u00e9chelonneront de 14 \u00e0 17\u00b0C. La ville profitera de quelques \u00e9claircies demain soir. Les temp\u00e9ratures tourneront autour des 13\u00b0C.<\/p>\n<p class=\"mb-4 text-lg md:leading-8 break-words\">Les jours qui suivent s&rsquo;annoncent similaires. On pr\u00e9voit des journ\u00e9es pluvieuses, accompagn\u00e9es par des temp\u00e9ratures dans les 13\u00b0C en moyenne.<\/p>\n<p class=\"mb-4 text-lg md:leading-8 break-words\"><a href=\"https:\/\/www.20minutes.fr\/planete\/previsions-meteo\/4180228-20251020-meteo-lille-previsions-lundi-20-octobre-2025?at_medium=RSS%20feed&amp;at_campaign=ynews&amp;utm_source=yahoo&amp;utm_medium=rss&amp;utm_campaign=news_feed&amp;utm_content=read_more_link&quot;\" rel=\"nofollow noopener\" target=\"_blank\" data-ylk=\"slk:Lire la suite sur 20minutes;elm:context_link;itc:0;sec:content-canvas\" class=\"link \">Lire la suite sur 20minutes<\/a><\/p>\n","protected":false},"excerpt":{"rendered":"M\u00e9t\u00e9o &#8211; Aujourd&rsquo;hui, des nuages ne voudront pas laisser leur place au soleil. Des pluies \u00e9parses tomberont. Les&hellip;\n","protected":false},"author":2,"featured_media":476111,"comment_status":"","ping_status":"","sticky":false,"template":"","format":"standard","meta":{"footnotes":""},"categories":[2815],"tags":[1111,11,1777,674,1011,27,811,1913,1307,12,59237,25],"class_list":{"0":"post-476110","1":"post","2":"type-post","3":"status-publish","4":"format-standard","5":"has-post-thumbnail","7":"category-lille","8":"tag-actu","9":"tag-actualites","10":"tag-eu","11":"tag-europe","12":"tag-fr","13":"tag-france","14":"tag-hauts-de-france","15":"tag-la-ville","16":"tag-lille","17":"tag-news","18":"tag-place-au-soleil","19":"tag-republique-francaise"},"share_on_mastodon":{"url":"https:\/\/pubeurope.com\/@fr\/115404291660835982","error":""},"_links":{"self":[{"href":"https:\/\/www.europesays.com\/fr\/wp-json\/wp\/v2\/posts\/476110","targetHints":{"allow":["GET"]}}],"collection":[{"href":"https:\/\/www.europesays.com\/fr\/wp-json\/wp\/v2\/posts"}],"about":[{"href":"https:\/\/www.europesays.com\/fr\/wp-json\/wp\/v2\/types\/post"}],"author":[{"embeddable":true,"href":"https:\/\/www.europesays.com\/fr\/wp-json\/wp\/v2\/users\/2"}],"replies":[{"embeddable":true,"href":"https:\/\/www.europesays.com\/fr\/wp-json\/wp\/v2\/comments?post=476110"}],"version-history":[{"count":0,"href":"https:\/\/www.europesays.com\/fr\/wp-json\/wp\/v2\/posts\/476110\/revisions"}],"wp:featuredmedia":[{"embeddable":true,"href":"https:\/\/www.europesays.com\/fr\/wp-json\/wp\/v2\/media\/476111"}],"wp:attachment":[{"href":"https:\/\/www.europesays.com\/fr\/wp-json\/wp\/v2\/media?parent=476110"}],"wp:term":[{"taxonomy":"category","embeddable":true,"href":"https:\/\/www.europesays.com\/fr\/wp-json\/wp\/v2\/categories?post=476110"},{"taxonomy":"post_tag","embeddable":true,"href":"https:\/\/www.europesays.com\/fr\/wp-json\/wp\/v2\/tags?post=476110"}],"curies":[{"name":"wp","href":"https:\/\/api.w.org\/{rel}","templated":true}]}}