{"id":476112,"date":"2025-10-20T03:08:23","date_gmt":"2025-10-20T03:08:23","guid":{"rendered":"https:\/\/www.europesays.com\/fr\/476112\/"},"modified":"2025-10-20T03:08:23","modified_gmt":"2025-10-20T03:08:23","slug":"le-restaurant-le-republique-doit-deposer-le-bilan","status":"publish","type":"post","link":"https:\/\/www.europesays.com\/fr\/476112\/","title":{"rendered":"Le restaurant Le R\u00e9publique doit d\u00e9poser le bilan"},"content":{"rendered":"\n<p>\u00ab C\u2019est avec le c\u0153ur gros et une \u00e9norme \u00e9motion que j\u2019ai pris la d\u00e9cision de d\u00e9poser le bilan de l\u2019association La petite Lili, qui porte le restaurant \u00e0 Marseille. Je suis chef d\u2019entreprise, j\u2019ai des obligations\u00a0\u00bb, l\u00e2che S\u00e9bastien Richard, chef cuisinier et pr\u00e9sident de l\u2019association La petite Lili. Il poursuit\u00a0: \u00ab\u00a0Je dois payer les salari\u00e9s et honorer mes engagements. \u00bb Le restaurant emploie 18 personnes, dont 7 en parcours d\u2019insertion.<\/p>\n<p> Solidaire et social\n              <\/p>\n<p>Il y a cinq ans, S\u00e9bastien Richard lan\u00e7ait l\u2019association La petite Lili avec un d\u00e9fi\u00a0: r\u00e9unir dans un lieu au m\u00eame moment des clients traditionnels et des b\u00e9n\u00e9ficiaires d\u2019aide alimentaire, attabl\u00e9s c\u00f4te \u00e0 c\u00f4te. \u00ab\u00a0Aller au restaurant, c\u2019est une d\u00e9marche, il ne s\u2019agit pas uniquement de se nourrir\u00a0\u00bb, expliquait-il. Car, manger au restaurant Le\u00a0R\u00e9publique, c\u2019est alors aider \u00e0 cr\u00e9er des emplois et permettre \u00e0 tout le monde de profiter d\u2019un vrai moment \u00e0 table, avec une alimentation saine et sourc\u00e9e.<\/p>\n<p>Ce restaurant unique en France, gr\u00e2ce \u00e0 son association, permet de faire manger des b\u00e9n\u00e9ficiaires de minima sociaux pour 1\u00a0euro. Il finance aussi des formations via l\u2019\u00c9cole marseillaise de l\u2019alimentation et l\u2019h\u00f4tellerie par inclusion (Emahi). Actuellement, les formations continuent et sont dispens\u00e9es ici, au restaurant. \u00ab\u00a0Mais d\u2019autres solutions sont possibles, toutes les histoires ne s\u2019arr\u00eatent pas, et heureusement\u00a0\u00bb, rassure S\u00e9bastien Richard. Avant de rappeler\u00a0: \u00ab Le restaurant reste ouvert. Et si le tribunal demain me dit \u00ab\u00a0on continue\u00a0\u00bb, alors je continuerai.\u00a0\u00bb<\/p>\n","protected":false},"excerpt":{"rendered":"\u00ab C\u2019est avec le c\u0153ur gros et une \u00e9norme \u00e9motion que j\u2019ai pris la d\u00e9cision de d\u00e9poser le&hellip;\n","protected":false},"author":2,"featured_media":476113,"comment_status":"","ping_status":"","sticky":false,"template":"","format":"standard","meta":{"footnotes":""},"categories":[2814],"tags":[1111,11,47249,1777,674,1011,27,884,12,882,25],"class_list":{"0":"post-476112","1":"post","2":"type-post","3":"status-publish","4":"format-standard","5":"has-post-thumbnail","7":"category-marseille","8":"tag-actu","9":"tag-actualites","10":"tag-convivialite","11":"tag-eu","12":"tag-europe","13":"tag-fr","14":"tag-france","15":"tag-marseille","16":"tag-news","17":"tag-provence-alpes-cote-dazur","18":"tag-republique-francaise"},"share_on_mastodon":{"url":"https:\/\/pubeurope.com\/@fr\/115404295572774102","error":""},"_links":{"self":[{"href":"https:\/\/www.europesays.com\/fr\/wp-json\/wp\/v2\/posts\/476112","targetHints":{"allow":["GET"]}}],"collection":[{"href":"https:\/\/www.europesays.com\/fr\/wp-json\/wp\/v2\/posts"}],"about":[{"href":"https:\/\/www.europesays.com\/fr\/wp-json\/wp\/v2\/types\/post"}],"author":[{"embeddable":true,"href":"https:\/\/www.europesays.com\/fr\/wp-json\/wp\/v2\/users\/2"}],"replies":[{"embeddable":true,"href":"https:\/\/www.europesays.com\/fr\/wp-json\/wp\/v2\/comments?post=476112"}],"version-history":[{"count":0,"href":"https:\/\/www.europesays.com\/fr\/wp-json\/wp\/v2\/posts\/476112\/revisions"}],"wp:featuredmedia":[{"embeddable":true,"href":"https:\/\/www.europesays.com\/fr\/wp-json\/wp\/v2\/media\/476113"}],"wp:attachment":[{"href":"https:\/\/www.europesays.com\/fr\/wp-json\/wp\/v2\/media?parent=476112"}],"wp:term":[{"taxonomy":"category","embeddable":true,"href":"https:\/\/www.europesays.com\/fr\/wp-json\/wp\/v2\/categories?post=476112"},{"taxonomy":"post_tag","embeddable":true,"href":"https:\/\/www.europesays.com\/fr\/wp-json\/wp\/v2\/tags?post=476112"}],"curies":[{"name":"wp","href":"https:\/\/api.w.org\/{rel}","templated":true}]}}