{"id":476114,"date":"2025-10-20T03:09:21","date_gmt":"2025-10-20T03:09:21","guid":{"rendered":"https:\/\/www.europesays.com\/fr\/476114\/"},"modified":"2025-10-20T03:09:21","modified_gmt":"2025-10-20T03:09:21","slug":"ils-courent-pour-les-enfants-darmenie","status":"publish","type":"post","link":"https:\/\/www.europesays.com\/fr\/476114\/","title":{"rendered":"ils courent pour les enfants d&rsquo;Arm\u00e9nie"},"content":{"rendered":"<p>Quatre jours et 16\u00a0heures, c&rsquo;est le nouveau record du monde du GR20 aller-retour, r\u00e9alis\u00e9 par le Marseillais Gr\u00e9gory Camerlo. Il \u00e9tait accompagn\u00e9 par ses co\u00e9quipiers Pierre Kaftandjian, Renaud Gambaretti, Laurent Corso et d&rsquo;autres\u00a0: \u00ab\u00a0Sans mon \u00e9quipe, je n&rsquo;y serais jamais arriv\u00e9, confie-t-il. C&rsquo;est l&rsquo;\u00e9quipier Pierre Kaftandjian, qui fait na\u00eetre cette id\u00e9e.<\/p>\n<p>Originaire d&rsquo;Arm\u00e9nie, il voulait faire du sport un vecteur de sensibilisation, pour faire conna\u00eetre au grand public sa noble cause : la m\u00e9moire oubli\u00e9e des g\u00e9nocides d&rsquo;Arm\u00e9nie. C&rsquo;est avec un compteur de 9 heures de sommeil et 15 heures de ravitaillement sur ces 5 jours, que les Marseillais ont sign\u00e9 le record de ce parcours mythique de 360 km et de 25 000 m\u00e8tres de d\u00e9nivel\u00e9 ; r\u00e9put\u00e9 pour ses parties tr\u00e8s techniques, se rapprochant du trail, voire de l&rsquo;ultra-trail.<\/p>\n<p>Ils ont pr\u00e9sent\u00e9 leur exploit lors de la c\u00e9r\u00e9monie de leur partenaire, l&rsquo;association Courir Pour La M\u00e9moire, anim\u00e9e par le pr\u00e9sident d&rsquo;honneur de CPLM Pascal Chamassian.<\/p>\n<p>Une cagnotte est ouverte et les dons seront revers\u00e9s aux enfants d&rsquo;Arm\u00e9nie\u00a0: \u00ab\u00a0La partie humanitaire c&rsquo;\u00e9tait vraiment le plus important, souligne Gr\u00e9gory Camerlo. J&rsquo;aimerais bien aller \u00e0 la rencontre de ces enfants.\u00a0\u00bb<\/p>\n<p>Aujourd&rsquo;hui, de nombreuses aides mat\u00e9rielles ont d\u00e9j\u00e0 \u00e9t\u00e9 apport\u00e9es dans les \u00e9coles, la prochaine \u00e9tape sera d&rsquo;acqu\u00e9rir du mat\u00e9riel sportif pour les gymnases, afin que les enfants puissent avoir acc\u00e8s \u00e0 l&rsquo;\u00e9ducation aussi par le biais du sport.<\/p>\n","protected":false},"excerpt":{"rendered":"Quatre jours et 16\u00a0heures, c&rsquo;est le nouveau record du monde du GR20 aller-retour, r\u00e9alis\u00e9 par le Marseillais Gr\u00e9gory&hellip;\n","protected":false},"author":2,"featured_media":476115,"comment_status":"","ping_status":"","sticky":false,"template":"","format":"standard","meta":{"footnotes":""},"categories":[2814],"tags":[17,1111,11,59973,1777,674,1011,27,6085,15498,884,12,5912,471,882,25,517,60],"class_list":{"0":"post-476114","1":"post","2":"type-post","3":"status-publish","4":"format-standard","5":"has-post-thumbnail","7":"category-marseille","8":"tag-17","9":"tag-actu","10":"tag-actualites","11":"tag-courent","12":"tag-eu","13":"tag-europe","14":"tag-fr","15":"tag-france","16":"tag-ils","17":"tag-inclusion","18":"tag-marseille","19":"tag-news","20":"tag-par","21":"tag-pour","22":"tag-provence-alpes-cote-dazur","23":"tag-republique-francaise","24":"tag-sport","25":"tag-sports"},"share_on_mastodon":{"url":"https:\/\/pubeurope.com\/@fr\/115404299594590473","error":""},"_links":{"self":[{"href":"https:\/\/www.europesays.com\/fr\/wp-json\/wp\/v2\/posts\/476114","targetHints":{"allow":["GET"]}}],"collection":[{"href":"https:\/\/www.europesays.com\/fr\/wp-json\/wp\/v2\/posts"}],"about":[{"href":"https:\/\/www.europesays.com\/fr\/wp-json\/wp\/v2\/types\/post"}],"author":[{"embeddable":true,"href":"https:\/\/www.europesays.com\/fr\/wp-json\/wp\/v2\/users\/2"}],"replies":[{"embeddable":true,"href":"https:\/\/www.europesays.com\/fr\/wp-json\/wp\/v2\/comments?post=476114"}],"version-history":[{"count":0,"href":"https:\/\/www.europesays.com\/fr\/wp-json\/wp\/v2\/posts\/476114\/revisions"}],"wp:featuredmedia":[{"embeddable":true,"href":"https:\/\/www.europesays.com\/fr\/wp-json\/wp\/v2\/media\/476115"}],"wp:attachment":[{"href":"https:\/\/www.europesays.com\/fr\/wp-json\/wp\/v2\/media?parent=476114"}],"wp:term":[{"taxonomy":"category","embeddable":true,"href":"https:\/\/www.europesays.com\/fr\/wp-json\/wp\/v2\/categories?post=476114"},{"taxonomy":"post_tag","embeddable":true,"href":"https:\/\/www.europesays.com\/fr\/wp-json\/wp\/v2\/tags?post=476114"}],"curies":[{"name":"wp","href":"https:\/\/api.w.org\/{rel}","templated":true}]}}