{"id":476116,"date":"2025-10-20T03:10:13","date_gmt":"2025-10-20T03:10:13","guid":{"rendered":"https:\/\/www.europesays.com\/fr\/476116\/"},"modified":"2025-10-20T03:10:13","modified_gmt":"2025-10-20T03:10:13","slug":"a-la-decouverte-du-restaurant-gastronomique-le-president","status":"publish","type":"post","link":"https:\/\/www.europesays.com\/fr\/476116\/","title":{"rendered":"A la d\u00e9couverte du Restaurant gastronomique Le Pr\u00e9sident"},"content":{"rendered":"<p>Ce dimanche 19 octobre 2025, les invit\u00e9s d\u2019Odile Mattei dans Compl\u00e8tement Toqu\u00e9s sont Vincent Leleu et Emmanuel Volle<\/p>\n<p>Odile Mattei nous emm\u00e8ne d\u00e9couvrir le Restaurant Gastronomique de Christophe Marguin, Le Pr\u00e9sident, dans le 6e arrondissement de Lyon \u00e0 deux pas de l\u2019entr\u00e9e principale des enfants du Rh\u00f4ne du Parc de la T\u00eate d\u2019Or.<\/p>\n<p><img fetchpriority=\"high\" decoding=\"async\" width=\"1024\" height=\"683\" src=\"https:\/\/www.europesays.com\/fr\/wp-content\/uploads\/2025\/10\/mathildaperrot-lepresident-salle-bar-web-2-1024x683.jpg\" alt=\"\" class=\"wp-image-114433\"  \/><\/p>\n<p>Vincent Leleu est le chef de cet \u00e9tablissement depuis 7 ans et propose une cuisine de terroir raffin\u00e9e et succulente. Vincent est un chef qui souhaite surprendre ses clients avec de nouvelles cr\u00e9ations tout en red\u00e9couvrant les standards de la gastronomie fran\u00e7aise. Il vise \u00e0 r\u00e9concilier ses clients avec des produits parfois oubli\u00e9s ou mal per\u00e7us. Passionn\u00e9 par la nouvelle sc\u00e8ne culinaire et les anciens livres de cuisine, il aspire \u00e0 revenir \u00e0 l\u2019essentiel, r\u00e9ussissant une synth\u00e8se remarquable o\u00f9 le beau, le bon et le bien s\u2019unissent.<\/p>\n<p>Avec Emmanuel Volle, \u00e9leveur de brebis et producteur de l\u00e9gumineuse en agriculture biologique, dont la ferme se situe \u00e0 la limite M\u00e9zenc et du Velay dans le d\u00e9partement de la Haute-Loire.<\/p>\n<p><img loading=\"lazy\" decoding=\"async\" width=\"820\" height=\"1024\" src=\"https:\/\/www.europesays.com\/fr\/wp-content\/uploads\/2025\/10\/565160517_1419950613472801_605917045885951247_n-820x1024.jpg\" alt=\"\" class=\"wp-image-114436\" style=\"width:496px;height:auto\"  \/><\/p>\n<p>Invit\u00e9s au t\u00e9l\u00e9phone : Christophe et Nicole Marguin, Loris Bresson chef du Restaurant L\u2019Arsenic \u00e0 Lyon 3e, Christian Pilloud du Restaurant Mon Plaisir dans le Doubs et Louis Fargeton de L\u2019Etabli Restaurant \u00e0 Lyon 2e<\/p>\n<p>Plus d\u2019informations : <a href=\"https:\/\/restaurantlepresident.com\/fr\" target=\"_blank\" rel=\"noopener\">https:\/\/restaurantlepresident.com\/fr<\/a><\/p>\n<p>Retrouvez l\u2019\u00e9mission compl\u00e8te dans le podcast ci-dessous : <\/p>\n<p>Christophe Marguin, Pr\u00e9sident des Toques Blanches Lyonnaises est \u00e9galement passionn\u00e9 par l\u2019histoire de la gastronomie, poss\u00e8de plusieurs collections priv\u00e9es exceptionnelles, de vestes de cuisiniers, de m\u00e9dailles et de menus officiels au sein de son restaurant haut de gamme \u00e0 Lyon. Ces objets pr\u00e9cieux sont des t\u00e9moins vivants de l\u2019\u00e9volution de l\u2019art culinaire et des grands moments historiques associ\u00e9s \u00e0 la cuisine fran\u00e7aise.<\/p>\n<p>Il propose \u00e9galement des salons privatisables dans son \u00e9tablissement pour des r\u00e9ceptions pouvant accueillir une dizaine de convives. Cette collection priv\u00e9e du chef n\u2019est pas seulement un hommage \u00e0 la gastronomie, mais aussi un moyen de pr\u00e9server et de transmettre un patrimoine culinaire unique. En exposant ces objets, dans les salons priv\u00e9s de son restaurant ou ses couloirs, le chef partage avec le public une partie essentielle de l\u2019histoire culturelle fran\u00e7aise. Chaque pi\u00e8ce de la collection contribue, \u00e0 sa mani\u00e8re, \u00e0 une meilleure compr\u00e9hension de l\u2019\u00e9volution des pratiques culinaires et des traditions gastronomiques.<\/p>\n<p><img loading=\"lazy\" decoding=\"async\" width=\"1024\" height=\"683\" src=\"https:\/\/www.europesays.com\/fr\/wp-content\/uploads\/2025\/10\/mathildaperrot-lepresident-salons-web-24-1024x683.jpg\" alt=\"\" class=\"wp-image-114437\"  \/><\/p>\n","protected":false},"excerpt":{"rendered":"Ce dimanche 19 octobre 2025, les invit\u00e9s d\u2019Odile Mattei dans Compl\u00e8tement Toqu\u00e9s sont Vincent Leleu et Emmanuel Volle&hellip;\n","protected":false},"author":2,"featured_media":476117,"comment_status":"","ping_status":"","sticky":false,"template":"","format":"standard","meta":{"footnotes":""},"categories":[1889],"tags":[1111,11,2430,59974,59975,1777,674,1011,27,59976,59977,2428,12,59978,25,59979,59980],"class_list":{"0":"post-476116","1":"post","2":"type-post","3":"status-publish","4":"format-standard","5":"has-post-thumbnail","7":"category-lyon","8":"tag-actu","9":"tag-actualites","10":"tag-auvergne-rhone-alpes","11":"tag-christophe-marguin","12":"tag-emmanuel-volle","13":"tag-eu","14":"tag-europe","15":"tag-fr","16":"tag-france","17":"tag-gastronomie-lyonnaise","18":"tag-le-president","19":"tag-lyon","20":"tag-news","21":"tag-odile-matei","22":"tag-republique-francaise","23":"tag-toques-blanches-lyonnaises","24":"tag-vincent-leleu"},"share_on_mastodon":{"url":"https:\/\/pubeurope.com\/@fr\/115404304556733267","error":""},"_links":{"self":[{"href":"https:\/\/www.europesays.com\/fr\/wp-json\/wp\/v2\/posts\/476116","targetHints":{"allow":["GET"]}}],"collection":[{"href":"https:\/\/www.europesays.com\/fr\/wp-json\/wp\/v2\/posts"}],"about":[{"href":"https:\/\/www.europesays.com\/fr\/wp-json\/wp\/v2\/types\/post"}],"author":[{"embeddable":true,"href":"https:\/\/www.europesays.com\/fr\/wp-json\/wp\/v2\/users\/2"}],"replies":[{"embeddable":true,"href":"https:\/\/www.europesays.com\/fr\/wp-json\/wp\/v2\/comments?post=476116"}],"version-history":[{"count":0,"href":"https:\/\/www.europesays.com\/fr\/wp-json\/wp\/v2\/posts\/476116\/revisions"}],"wp:featuredmedia":[{"embeddable":true,"href":"https:\/\/www.europesays.com\/fr\/wp-json\/wp\/v2\/media\/476117"}],"wp:attachment":[{"href":"https:\/\/www.europesays.com\/fr\/wp-json\/wp\/v2\/media?parent=476116"}],"wp:term":[{"taxonomy":"category","embeddable":true,"href":"https:\/\/www.europesays.com\/fr\/wp-json\/wp\/v2\/categories?post=476116"},{"taxonomy":"post_tag","embeddable":true,"href":"https:\/\/www.europesays.com\/fr\/wp-json\/wp\/v2\/tags?post=476116"}],"curies":[{"name":"wp","href":"https:\/\/api.w.org\/{rel}","templated":true}]}}