{"id":476120,"date":"2025-10-20T03:13:26","date_gmt":"2025-10-20T03:13:26","guid":{"rendered":"https:\/\/www.europesays.com\/fr\/476120\/"},"modified":"2025-10-20T03:13:26","modified_gmt":"2025-10-20T03:13:26","slug":"un-commando-de-quatre-personnes-activement-recherche-la-piste-du-grand-banditisme","status":"publish","type":"post","link":"https:\/\/www.europesays.com\/fr\/476120\/","title":{"rendered":"un \u00ab\u00a0commando\u00a0\u00bb de quatre personnes activement recherch\u00e9, la piste du grand banditisme"},"content":{"rendered":"<p>            Par<br \/>\n        <strong><br \/>\n            <a href=\"https:\/\/actu.fr\/auteur\/thomas-martin\" title=\"Consulter tous les articles de Thomas Martin\" target=\"_blank\" rel=\"noopener\">Thomas Martin<\/a><br \/>\n        <\/strong><\/p>\n<p>        Publi\u00e9 le<\/p>\n<p>            19 oct. 2025 \u00e0 20h04        <\/p>\n<p>Un \u00ab\u00a0commando\u00a0\u00bb de quatre personnes est recherch\u00e9 apr\u00e8s avoir perp\u00e9tr\u00e9 le spectaculaire cambriolage de <a href=\"https:\/\/actu.fr\/ile-de-france\/paris_75056\/cambriolage-au-louvre-voici-les-bijoux-qui-ont-ete-voles-dans-le-plus-grand-musee-du-monde_63321715.html\" target=\"_blank\" rel=\"noopener\">bijoux historiques<\/a> au <a href=\"https:\/\/actu.fr\/tag\/louvre\" target=\"_blank\" rel=\"noopener\">Louvre<\/a> dimanche matin et avoir fui sur des scooters, a indiqu\u00e9 la procureure de Paris <a href=\"https:\/\/actu.fr\/ile-de-france\/paris_75056\/laure-beccuau-devient-la-premiere-femme-procureure-de-la-republique-de-paris_45754643.html\" target=\"_blank\" rel=\"noopener\">Laure Beccuau<\/a> sur BFM TV.<\/p>\n<p>Les hommes ont pris la fuite sur des scooters<\/p>\n<p class=\" wall-content\">\u00ab\u00a0Nous avons sur les lieux quatre malfaiteurs qui agissent, deux qui arrivent, l\u2019un au volant de cette nacelle, l\u2019autre en qualit\u00e9 de passager, et deux autres malfaiteurs qui pr\u00e9c\u00e8dent et suivent la nacelle au moment o\u00f9 elle s\u2019installe sous le balcon qui va permettre l\u2019acc\u00e8s direct \u00e0 la galerie\u00a0\u00bb, a d\u00e9clar\u00e9 la magistrate.<\/p>\n<p class=\" wall-content\">Les alarmes \u00ab\u00a0\u00e9taient en fonctionnement\u00a0\u00bb, le poste central de s\u00e9curit\u00e9 \u00ab\u00a0en a \u00e9t\u00e9 destinataire\u00a0\u00bb, il \u00ab\u00a0reste la question de savoir si les gardiens ont entendu ces alarmes\u00a0\u00bb et de d\u00e9terminer si ces alarmes ont bien \u00ab\u00a0sonn\u00e9\u00a0\u00bb dans la pi\u00e8ce objet du vol, a ajout\u00e9 la procureure.<br \/>Ces quatre hommes avaient le visage \u00ab\u00a0dissimul\u00e9\u00a0\u00bb et se sont enfuis \u00ab\u00a0sur des scooters de haute puissance\u00a0\u00bb, a ajout\u00e9 la magistrate, \u00e9voquant aussi la possible existence de \u00ab\u00a0commanditaires\u00a0\u00bb et de \u00ab\u00a0petites mains\u00a0\u00bb au sein de ce groupe criminel.<\/p>\n<p class=\" wall-content\">La procureure a indiqu\u00e9 que les voleurs ont \u00ab\u00a0menac\u00e9 les gardiens pr\u00e9sents sur les lieux (\u2026) avec les disqueuses\u00a0\u00bb qu\u2019ils ont utilis\u00e9es pour fracturer les vitrines contenant les bijoux.<\/p>\n<p>Qui est derri\u00e8re cette op\u00e9ration ?\u00a0<\/p>\n<p class=\" wall-content\">L\u2019hypoth\u00e8se d\u2019une ing\u00e9rence \u00e9trang\u00e8re n\u2019est \u00e0 ce stade \u00ab\u00a0pas privil\u00e9gi\u00e9e\u00a0\u00bb, \u00ab\u00a0on est plut\u00f4t dans une hypoth\u00e8se de grand banditisme\u00a0\u00bb, a dit en revanche Mme Beccuau.<\/p>\n<p class=\" wall-content\">\u00ab\u00a0La criminalit\u00e9 organis\u00e9e peut avoir deux objectifs, soit d\u2019avoir agi au b\u00e9n\u00e9fice d\u2019un commanditaire, soit d\u2019avoir\u00a0\u00bb voulu obtenir \u00ab\u00a0des pierres pr\u00e9cieuses pour pratiquer des op\u00e9rations de blanchiment\u00a0\u00bb, a relev\u00e9 la magistrate.<\/p>\n<p>Votre r\u00e9gion, votre actu !<\/p>\n<p>Recevez chaque jour les infos qui comptent pour vous.<\/p>\n<p>\t<a href=\"https:\/\/actu.fr\/newsletter\" class=\"ac-btn ac-btn--corner ac-btn--medium ac-btn--blue800\" target=\"_blank\" rel=\"noopener\">S&rsquo;incrire<\/a><\/p>\n<p class=\" wall-content\">La procureure a aussi annonc\u00e9 que les investigations ont \u00ab\u00a0re\u00e7u un t\u00e9moignage au cours de cette enqu\u00eate d\u2019un de nos concitoyens qui a signal\u00e9 \u00e0 la police judiciaire le fait que l\u2019un des malfaiteurs s\u2019est d\u00e9barrass\u00e9 du gilet jaune dont il \u00e9tait porteur\u00a0\u00bb, et qui est \u00ab\u00a0d\u00e9sormais entre les mains des enqu\u00eateurs\u00a0\u00bb.<\/p>\n<p class=\" wall-content\">La procureure a \u00e9voqu\u00e9 le fait qu\u2019une \u00ab\u00a0soixantaine d\u2019enqu\u00eateurs\u00a0\u00bb \u00e9taient mobilis\u00e9s et assur\u00e9 de la \u00ab\u00a0d\u00e9termination totale\u00a0\u00bb des autorit\u00e9s pour retrouver les voleurs.<\/p>\n<p class=\" wall-content\">Mme Beccuau \u00ab\u00a0ne doute pas que (le mus\u00e9e) pourra rouvrir\u00a0\u00bb dans \u00ab\u00a0les prochains jours\u00a0\u00bb, les constatations techniques semblant \u00ab\u00a0d\u00e9sormais achev\u00e9es\u00a0\u00bb.\u00a0<\/p>\n<p class=\" wall-content\"><strong>AFP<\/strong><\/p>\n<p class=\" wall-content\">Personnalisez votre actualit\u00e9 en ajoutant vos villes et m\u00e9dias en favori avec <a href=\"https:\/\/moncompte.actu.fr\" title=\"D\u00e9couvez Mon Actu\" rel=\"nofollow noopener\" data-trk=\"{&quot;cta&quot;:{&quot;action&quot;:&quot;https:\\\/\\\/moncompte.actu.fr&quot;,&quot;category&quot;:&quot;mon compte&quot;,&quot;from&quot;:&quot;article footer&quot;,&quot;name&quot;:&quot;Mon actu&quot;,&quot;type&quot;:&quot;cta&quot;}}\" target=\"_blank\">Mon Actu<\/a>.<\/p>\n","protected":false},"excerpt":{"rendered":"Par Thomas Martin Publi\u00e9 le 19 oct. 2025 \u00e0 20h04 Un \u00ab\u00a0commando\u00a0\u00bb de quatre personnes est recherch\u00e9 apr\u00e8s&hellip;\n","protected":false},"author":2,"featured_media":476121,"comment_status":"","ping_status":"","sticky":false,"template":"","format":"standard","meta":{"footnotes":""},"categories":[1592],"tags":[1111,11,1174,1777,674,118,1011,27,662,11274,3094,12,626,25],"class_list":{"0":"post-476120","1":"post","2":"type-post","3":"status-publish","4":"format-standard","5":"has-post-thumbnail","7":"category-ile-de-france","8":"tag-actu","9":"tag-actualites","10":"tag-cambriolage","11":"tag-eu","12":"tag-europe","13":"tag-faits-divers","14":"tag-fr","15":"tag-france","16":"tag-ile-de-france","17":"tag-louvre","18":"tag-musee-du-louvre","19":"tag-news","20":"tag-paris","21":"tag-republique-francaise"},"share_on_mastodon":{"url":"https:\/\/pubeurope.com\/@fr\/115404315318229152","error":""},"_links":{"self":[{"href":"https:\/\/www.europesays.com\/fr\/wp-json\/wp\/v2\/posts\/476120","targetHints":{"allow":["GET"]}}],"collection":[{"href":"https:\/\/www.europesays.com\/fr\/wp-json\/wp\/v2\/posts"}],"about":[{"href":"https:\/\/www.europesays.com\/fr\/wp-json\/wp\/v2\/types\/post"}],"author":[{"embeddable":true,"href":"https:\/\/www.europesays.com\/fr\/wp-json\/wp\/v2\/users\/2"}],"replies":[{"embeddable":true,"href":"https:\/\/www.europesays.com\/fr\/wp-json\/wp\/v2\/comments?post=476120"}],"version-history":[{"count":0,"href":"https:\/\/www.europesays.com\/fr\/wp-json\/wp\/v2\/posts\/476120\/revisions"}],"wp:featuredmedia":[{"embeddable":true,"href":"https:\/\/www.europesays.com\/fr\/wp-json\/wp\/v2\/media\/476121"}],"wp:attachment":[{"href":"https:\/\/www.europesays.com\/fr\/wp-json\/wp\/v2\/media?parent=476120"}],"wp:term":[{"taxonomy":"category","embeddable":true,"href":"https:\/\/www.europesays.com\/fr\/wp-json\/wp\/v2\/categories?post=476120"},{"taxonomy":"post_tag","embeddable":true,"href":"https:\/\/www.europesays.com\/fr\/wp-json\/wp\/v2\/tags?post=476120"}],"curies":[{"name":"wp","href":"https:\/\/api.w.org\/{rel}","templated":true}]}}