{"id":476130,"date":"2025-10-20T03:18:11","date_gmt":"2025-10-20T03:18:11","guid":{"rendered":"https:\/\/www.europesays.com\/fr\/476130\/"},"modified":"2025-10-20T03:18:11","modified_gmt":"2025-10-20T03:18:11","slug":"invasion-de-lukraine-une-attaque-de-drone-fait-deux-morts-dans-la-region-russe-de-belgorod","status":"publish","type":"post","link":"https:\/\/www.europesays.com\/fr\/476130\/","title":{"rendered":"Invasion de l&rsquo;Ukraine &#8211; Une attaque de drone fait deux morts dans la r\u00e9gion russe de Belgorod"},"content":{"rendered":"<p class=\"ap-StoryElement ap-StoryElement--mb ap-StoryText\">\u00ab\u00a0Deux civils ont \u00e9t\u00e9 tu\u00e9s dans le village de Yasnye Zori lorsqu&rsquo;un drone a largu\u00e9 des explosifs sur une entreprise agricole\u00a0\u00bb, a rapport\u00e9 Viatcheslav Gladkov sur le r\u00e9seau social Telegram. Un autre civil a \u00e9t\u00e9 bless\u00e9, a-t-il ajout\u00e9.<\/p>\n<p class=\"ap-StoryElement ap-StoryElement--mb ap-StoryText\">Depuis le d\u00e9but de son offensive il y a trois ans et demi, la Russie lance quasi quotidiennement des drones et des missiles sur l&rsquo;Ukraine, qui r\u00e9pond r\u00e9guli\u00e8rement en frappant le territoire russe, et notamment des infrastructures \u00e9nerg\u00e9tiques.<\/p>\n","protected":false},"excerpt":{"rendered":"\u00ab\u00a0Deux civils ont \u00e9t\u00e9 tu\u00e9s dans le village de Yasnye Zori lorsqu&rsquo;un drone a largu\u00e9 des explosifs sur&hellip;\n","protected":false},"author":2,"featured_media":2837,"comment_status":"","ping_status":"","sticky":false,"template":"","format":"standard","meta":{"footnotes":""},"categories":[1591],"tags":[11,2120,1887,12,1885,1886,132,220,809],"class_list":{"0":"post-476130","1":"post","2":"type-post","3":"status-publish","4":"format-standard","5":"has-post-thumbnail","7":"category-russie","8":"tag-actualites","9":"tag-conflit","10":"tag-federation-de-russie","11":"tag-news","12":"tag-russia","13":"tag-russian-federation","14":"tag-russie","15":"tag-ukraine","16":"tag-violence"},"share_on_mastodon":{"url":"https:\/\/pubeurope.com\/@fr\/115404335761032525","error":""},"_links":{"self":[{"href":"https:\/\/www.europesays.com\/fr\/wp-json\/wp\/v2\/posts\/476130","targetHints":{"allow":["GET"]}}],"collection":[{"href":"https:\/\/www.europesays.com\/fr\/wp-json\/wp\/v2\/posts"}],"about":[{"href":"https:\/\/www.europesays.com\/fr\/wp-json\/wp\/v2\/types\/post"}],"author":[{"embeddable":true,"href":"https:\/\/www.europesays.com\/fr\/wp-json\/wp\/v2\/users\/2"}],"replies":[{"embeddable":true,"href":"https:\/\/www.europesays.com\/fr\/wp-json\/wp\/v2\/comments?post=476130"}],"version-history":[{"count":0,"href":"https:\/\/www.europesays.com\/fr\/wp-json\/wp\/v2\/posts\/476130\/revisions"}],"wp:featuredmedia":[{"embeddable":true,"href":"https:\/\/www.europesays.com\/fr\/wp-json\/wp\/v2\/media\/2837"}],"wp:attachment":[{"href":"https:\/\/www.europesays.com\/fr\/wp-json\/wp\/v2\/media?parent=476130"}],"wp:term":[{"taxonomy":"category","embeddable":true,"href":"https:\/\/www.europesays.com\/fr\/wp-json\/wp\/v2\/categories?post=476130"},{"taxonomy":"post_tag","embeddable":true,"href":"https:\/\/www.europesays.com\/fr\/wp-json\/wp\/v2\/tags?post=476130"}],"curies":[{"name":"wp","href":"https:\/\/api.w.org\/{rel}","templated":true}]}}