{"id":476135,"date":"2025-10-20T03:22:31","date_gmt":"2025-10-20T03:22:31","guid":{"rendered":"https:\/\/www.europesays.com\/fr\/476135\/"},"modified":"2025-10-20T03:22:31","modified_gmt":"2025-10-20T03:22:31","slug":"handball-les-francaises-dominent-lallemagne-en-match-amical-flippes-un-peu-plus-dans-lhistoire","status":"publish","type":"post","link":"https:\/\/www.europesays.com\/fr\/476135\/","title":{"rendered":"Handball. Les Fran\u00e7aises dominent l&rsquo;Allemagne en match amical, Flippes un peu plus dans l&rsquo;histoire"},"content":{"rendered":"<p>Ce contenu est bloqu\u00e9 car vous n&rsquo;avez pas accept\u00e9 les cookies et autres traceurs.<\/p>\n<p>En cliquant sur \u00ab J\u2019accepte \u00bb, les cookies et autres traceurs seront d\u00e9pos\u00e9s et vous pourrez visualiser les contenus  (<a href=\"\" class=\"consentModule_policy\" target=\"_blank\" title=\"Consulter la politique de protection des donn\u00e9es du fournisseur\">plus d&rsquo;informations<\/a>).<\/p>\n<p>En cliquant sur \u00ab J\u2019accepte tous les cookies \u00bb, vous autorisez des d\u00e9p\u00f4ts de cookies et autres traceurs pour le stockage de vos donn\u00e9es sur nos sites et applications \u00e0 des fins de personnalisation et de ciblage publicitaire.<\/p>\n<p class=\"consentModule_secondaryText\">Vous gardez la possibilit\u00e9 de retirer votre consentement \u00e0 tout moment en consultant notre <a href=\"https:\/\/www.ledauphine.com\/protection-des-donnees\" target=\"_blank\" title=\"Consulter notre politique de protection des donn\u00e9es\" rel=\"nofollow noopener\">politique de protection des donn\u00e9es<\/a>. <br \/>&#13;<br \/>\n            <a href=\"https:\/\/www.ledauphine.com\/sport\/2025\/03\/06\/javascript:Didomi.notice.show()\" class=\"consentModule_cmp\" rel=\"nofollow noopener\" target=\"_blank\">G\u00e9rer mes choix<\/a>&#13;\n        <\/p>\n<p>&#13;<br \/>\n                        J&rsquo;accepte&#13;<br \/>\n            J&rsquo;accepte tous les cookies&#13;\n        <\/p>\n<p>Face aux Allemandes, justement, le s\u00e9lectionneur tricolore a d\u00fb composer avec plusieurs nouveaux visages et sans de nombreuses cadres, absentes par choix ou bless\u00e9es comme Estelle Nze Minko, <a href=\"https:\/\/www.ledauphine.com\/p\/chloe-valentini\" target=\"_blank\" rel=\"nofollow noopener\">Chlo\u00e9 Valentini<\/a>, Pauletta Foppa ou encore Tamara Horacek.<\/p>\n<p>Ondono et Toublanc en verve<\/p>\n<p>Ces absences n&rsquo;ont pas emp\u00each\u00e9 les co\u00e9quipi\u00e8res de <a href=\"https:\/\/www.ledauphine.com\/p\/laura-glauser\" target=\"_blank\" rel=\"nofollow noopener\">Laura Glauser<\/a> &#8211; capitaine en l&rsquo;absence de Nze Minko mais rest\u00e9e sur le banc &#8211; d&rsquo;offrir une partition s\u00e9rieuse en premi\u00e8re p\u00e9riode, emmen\u00e9es en attaque par Oriane Ondono (5 buts) et Alicia Toublanc (5 buts) -, impeccable aux jets de 7 m\u00e8tres.<\/p>\n<p>Les Bleues ont ensuite d\u00fb r\u00e9sister au retour allemand apr\u00e8s la pause. Quelques parades bien senties de Floriane Andr\u00e9 et une bonne fin de match de <a href=\"https:\/\/www.ledauphine.com\/p\/meline-nocandy\" target=\"_blank\" rel=\"nofollow noopener\">M\u00e9line Nocandy<\/a>, <a href=\"https:\/\/www.ledauphine.com\/sport\/2024\/11\/28\/a-l-euro-le-nouveau-chapitre-des-bleues-debute-vraiment\" target=\"_blank\" rel=\"nofollow noopener\">absente \u00e0 l&rsquo;Euro car bless\u00e9e<\/a>, ont permis aux Fran\u00e7aises de s&rsquo;\u00e9viter une frayeur.<\/p>\n<p>Ce contenu est bloqu\u00e9 car vous n&rsquo;avez pas accept\u00e9 les cookies et autres traceurs.<\/p>\n<p>En cliquant sur \u00ab J\u2019accepte \u00bb, les cookies et autres traceurs seront d\u00e9pos\u00e9s et vous pourrez visualiser les contenus  (<a href=\"\" class=\"consentModule_policy\" target=\"_blank\" title=\"Consulter la politique de protection des donn\u00e9es du fournisseur\">plus d&rsquo;informations<\/a>).<\/p>\n<p>En cliquant sur \u00ab J\u2019accepte tous les cookies \u00bb, vous autorisez des d\u00e9p\u00f4ts de cookies et autres traceurs pour le stockage de vos donn\u00e9es sur nos sites et applications \u00e0 des fins de personnalisation et de ciblage publicitaire.<\/p>\n<p class=\"consentModule_secondaryText\">Vous gardez la possibilit\u00e9 de retirer votre consentement \u00e0 tout moment en consultant notre <a href=\"https:\/\/www.ledauphine.com\/protection-des-donnees\" target=\"_blank\" title=\"Consulter notre politique de protection des donn\u00e9es\" rel=\"nofollow noopener\">politique de protection des donn\u00e9es<\/a>. <br \/>&#13;<br \/>\n            <a href=\"https:\/\/www.ledauphine.com\/sport\/2025\/03\/06\/javascript:Didomi.notice.show()\" class=\"consentModule_cmp\" rel=\"nofollow noopener\" target=\"_blank\">G\u00e9rer mes choix<\/a>&#13;\n        <\/p>\n<p>&#13;<br \/>\n                        J&rsquo;accepte&#13;<br \/>\n            J&rsquo;accepte tous les cookies&#13;\n        <\/p>\n<p class=\"componentDescription\">300 buts pour Laura Flippes en s\u00e9lection<\/p>\n<p>\t<img class=\"placeholder-svg\" loading=\"lazy\" decoding=\"async\" src=\"https:\/\/cdn-files.prsmedia.fr\/files\/REDAC\/images\/svg\/placeholders\/twitter-X.svg\" alt=\"Twitter PlaceHolder\"\/><\/p>\n<p>  Premi\u00e8res pour Dury et Errard<\/p>\n<p>La rencontre a aussi \u00e9t\u00e9 l&rsquo;occasion pour certaines de faire leur apparition en \u00e9quipe premi\u00e8re : les aili\u00e8res Nina Dury et Manon Errard, tout comme le pivot Lilou Pintat, championnes du monde U20.<\/p>\n<p>La France retrouvera l&rsquo;Allemagne samedi, \u00e0 Besan\u00e7on (18h).<\/p>\n","protected":false},"excerpt":{"rendered":"Ce contenu est bloqu\u00e9 car vous n&rsquo;avez pas accept\u00e9 les cookies et autres traceurs. En cliquant sur \u00ab&hellip;\n","protected":false},"author":2,"featured_media":476136,"comment_status":"","ping_status":"","sticky":false,"template":"","format":"standard","meta":{"footnotes":""},"categories":[1587],"tags":[11,672,1804,1805,1803,1777,674,107,1801,1792,12,1802,517,1947],"class_list":{"0":"post-476135","1":"post","2":"type-post","3":"status-publish","4":"format-standard","5":"has-post-thumbnail","7":"category-allemagne","8":"tag-actualites","9":"tag-allemagne","10":"tag-bundesrepublik-deutschland","11":"tag-de","12":"tag-deutschland","13":"tag-eu","14":"tag-europe","15":"tag-fil-info","16":"tag-germany","17":"tag-handball","18":"tag-news","19":"tag-republique-federale-dallemagne","20":"tag-sport","21":"tag-sport-national"},"share_on_mastodon":{"url":"https:\/\/pubeurope.com\/@fr\/115404351852406707","error":""},"_links":{"self":[{"href":"https:\/\/www.europesays.com\/fr\/wp-json\/wp\/v2\/posts\/476135","targetHints":{"allow":["GET"]}}],"collection":[{"href":"https:\/\/www.europesays.com\/fr\/wp-json\/wp\/v2\/posts"}],"about":[{"href":"https:\/\/www.europesays.com\/fr\/wp-json\/wp\/v2\/types\/post"}],"author":[{"embeddable":true,"href":"https:\/\/www.europesays.com\/fr\/wp-json\/wp\/v2\/users\/2"}],"replies":[{"embeddable":true,"href":"https:\/\/www.europesays.com\/fr\/wp-json\/wp\/v2\/comments?post=476135"}],"version-history":[{"count":0,"href":"https:\/\/www.europesays.com\/fr\/wp-json\/wp\/v2\/posts\/476135\/revisions"}],"wp:featuredmedia":[{"embeddable":true,"href":"https:\/\/www.europesays.com\/fr\/wp-json\/wp\/v2\/media\/476136"}],"wp:attachment":[{"href":"https:\/\/www.europesays.com\/fr\/wp-json\/wp\/v2\/media?parent=476135"}],"wp:term":[{"taxonomy":"category","embeddable":true,"href":"https:\/\/www.europesays.com\/fr\/wp-json\/wp\/v2\/categories?post=476135"},{"taxonomy":"post_tag","embeddable":true,"href":"https:\/\/www.europesays.com\/fr\/wp-json\/wp\/v2\/tags?post=476135"}],"curies":[{"name":"wp","href":"https:\/\/api.w.org\/{rel}","templated":true}]}}