{"id":476139,"date":"2025-10-20T03:24:16","date_gmt":"2025-10-20T03:24:16","guid":{"rendered":"https:\/\/www.europesays.com\/fr\/476139\/"},"modified":"2025-10-20T03:24:16","modified_gmt":"2025-10-20T03:24:16","slug":"union-europeenne-le-conseil-muscle-les-reglementations-sur-la-securite-des-jouets","status":"publish","type":"post","link":"https:\/\/www.europesays.com\/fr\/476139\/","title":{"rendered":"Union europ\u00e9enne : Le conseil muscle les r\u00e9glementations sur la s\u00e9curit\u00e9 des jouets"},"content":{"rendered":"<p>Le Conseil de l\u2019Union europ\u00e9enne (UE) a approuv\u00e9 le 13 octobre un nouveau r\u00e8glement sur la s\u00e9curit\u00e9 des jouets. Ce texte renforce la protection des enfants contre les substances chimiques dangereuses et introduit un passeport num\u00e9rique de produit destin\u00e9 \u00e0 am\u00e9liorer la tra\u00e7abilit\u00e9 et la surveillance du march\u00e9. Une nouvelle \u00e9tape de franchie dans la [\u2026]<\/p>\n","protected":false},"excerpt":{"rendered":"Le Conseil de l\u2019Union europ\u00e9enne (UE) a approuv\u00e9 le 13 octobre un nouveau r\u00e8glement sur la s\u00e9curit\u00e9 des&hellip;\n","protected":false},"author":2,"featured_media":476140,"comment_status":"","ping_status":"","sticky":false,"template":"","format":"standard","meta":{"footnotes":""},"categories":[1586],"tags":[11,1777,674,1779,1011,27,6647,12,59985,59986,25,38064,1778,364],"class_list":{"0":"post-476139","1":"post","2":"type-post","3":"status-publish","4":"format-standard","5":"has-post-thumbnail","7":"category-europe","8":"tag-actualites","9":"tag-eu","10":"tag-europe","11":"tag-european-union","12":"tag-fr","13":"tag-france","14":"tag-jouets","15":"tag-news","16":"tag-passeport-numerique","17":"tag-reglementations","18":"tag-republique-francaise","19":"tag-substances-chimiques","20":"tag-ue","21":"tag-union-europeenne"},"share_on_mastodon":{"url":"https:\/\/pubeurope.com\/@fr\/115404359103249463","error":""},"_links":{"self":[{"href":"https:\/\/www.europesays.com\/fr\/wp-json\/wp\/v2\/posts\/476139","targetHints":{"allow":["GET"]}}],"collection":[{"href":"https:\/\/www.europesays.com\/fr\/wp-json\/wp\/v2\/posts"}],"about":[{"href":"https:\/\/www.europesays.com\/fr\/wp-json\/wp\/v2\/types\/post"}],"author":[{"embeddable":true,"href":"https:\/\/www.europesays.com\/fr\/wp-json\/wp\/v2\/users\/2"}],"replies":[{"embeddable":true,"href":"https:\/\/www.europesays.com\/fr\/wp-json\/wp\/v2\/comments?post=476139"}],"version-history":[{"count":0,"href":"https:\/\/www.europesays.com\/fr\/wp-json\/wp\/v2\/posts\/476139\/revisions"}],"wp:featuredmedia":[{"embeddable":true,"href":"https:\/\/www.europesays.com\/fr\/wp-json\/wp\/v2\/media\/476140"}],"wp:attachment":[{"href":"https:\/\/www.europesays.com\/fr\/wp-json\/wp\/v2\/media?parent=476139"}],"wp:term":[{"taxonomy":"category","embeddable":true,"href":"https:\/\/www.europesays.com\/fr\/wp-json\/wp\/v2\/categories?post=476139"},{"taxonomy":"post_tag","embeddable":true,"href":"https:\/\/www.europesays.com\/fr\/wp-json\/wp\/v2\/tags?post=476139"}],"curies":[{"name":"wp","href":"https:\/\/api.w.org\/{rel}","templated":true}]}}