{"id":476141,"date":"2025-10-20T03:25:15","date_gmt":"2025-10-20T03:25:15","guid":{"rendered":"https:\/\/www.europesays.com\/fr\/476141\/"},"modified":"2025-10-20T03:25:15","modified_gmt":"2025-10-20T03:25:15","slug":"leaders-meilleure-attaque-et-co-meilleure-defense-de-ligue-1-les-olympiens-a-toute-bringue","status":"publish","type":"post","link":"https:\/\/www.europesays.com\/fr\/476141\/","title":{"rendered":"leaders, meilleure attaque et co-meilleure d\u00e9fense de Ligue 1\u2026 les Olympiens \u00e0 toute bringue"},"content":{"rendered":"<p>Leader de la Ligue 1 apr\u00e8s <a href=\"https:\/\/www.laprovence.com\/article\/om\/1300280080259214\/om-le-havre-apres-un-festival-de-buts-les-olympiens-prennent-les-commandes-de-la-ligue-1\" target=\"_blank\" rel=\"noopener\">sa victoire \u00e9clatante contre Le\u00a0Havre (6-2)<\/a> samedi, l\u2019OM r\u00e9alise un parcours presque sans faute depuis le 1er\u00a0septembre. Si bien que les deux sorties de route du mois d\u2019ao\u00fbt <a href=\"https:\/\/www.laprovence.com\/article\/om\/4120376282408514\/lom-battu-a-rennes-une-douche-froide-pour-commencer\" target=\"_blank\" rel=\"noopener\">\u00e0 Rennes<\/a> (1-0) et \u00e0 <a href=\"https:\/\/www.laprovence.com\/article\/om\/5834575634075214\/lyon-om-1-0-une-nouvelle-defaite-qui-marque-tres-mal-pour-les-olympiens\" target=\"_blank\" rel=\"noopener\">Lyon<\/a> (1-0), ainsi que le psychodrame de l\u2019affaire Rabiot, semblent d\u00e9sormais tr\u00e8s loin dans le r\u00e9troviseur. \u00ab\u00a0Si le soir du match \u00e0 Rennes on vous avait dit qu\u2019on serait premier, vous ne l\u2019auriez pas cru. Maintenant, c\u2019est une r\u00e9alit\u00e9\u00a0\u00bb, savourait d\u2019ailleurs Bilal Nadir, auteur d\u2019une bonne entr\u00e9e face aux Normands, avec une passe d\u00e9cisive \u00e0 la cl\u00e9. Il faut dire qu\u2019avec cinq victoires de rang en L1 (dont une de prestige contre le PSG), dix-huit points dans la besace, la meilleure attaque du championnat (21 buts inscrits apr\u00e8s 8 journ\u00e9es) et la meilleure d\u00e9fense (7 buts encaiss\u00e9s, \u00e0 \u00e9galit\u00e9 avec Lens), le club olympien affiche un visage plus que s\u00e9duisant.<\/p>\n<p>Le match nul spectaculaire du PSG contre Strasbourg (3-3) et la d\u00e9faite de Lyon \u00e0 Nice (3-2) lui ont en plus offert un boulevard pour prendre les commandes. \u00ab\u00a0C\u2019est un jour tr\u00e8s important car l\u2019OM est premier, <a href=\"https:\/\/www.laprovence.com\/article\/om\/2274751417733514\/om-le-havre-6-2-on-veut-rester-la-haut-en-tete-du-classement-lance-roberto-de-zerbi\" target=\"_blank\" rel=\"noopener\">appr\u00e9ciait ainsi Roberto De Zerbi<\/a>. C\u2019est le m\u00e9rite de Pablo Longoria, Medhi Benatia et des joueurs. Mais nous &#8230;<\/p>\n","protected":false},"excerpt":{"rendered":"Leader de la Ligue 1 apr\u00e8s sa victoire \u00e9clatante contre Le\u00a0Havre (6-2) samedi, l\u2019OM r\u00e9alise un parcours presque&hellip;\n","protected":false},"author":2,"featured_media":476142,"comment_status":"","ping_status":"","sticky":false,"template":"","format":"standard","meta":{"footnotes":""},"categories":[2],"tags":[17,11,834,59987,554,1011,27,37601,3022,26820,12,149,25],"class_list":{"0":"post-476141","1":"post","2":"type-post","3":"status-publish","4":"format-standard","5":"has-post-thumbnail","7":"category-actualites","8":"tag-17","9":"tag-actualites","10":"tag-attaque","11":"tag-co-meilleure","12":"tag-defense","13":"tag-fr","14":"tag-france","15":"tag-leaders","16":"tag-ligue","17":"tag-meilleure","18":"tag-news","19":"tag-om","20":"tag-republique-francaise"},"share_on_mastodon":{"url":"https:\/\/pubeurope.com\/@fr\/115404363027466406","error":""},"_links":{"self":[{"href":"https:\/\/www.europesays.com\/fr\/wp-json\/wp\/v2\/posts\/476141","targetHints":{"allow":["GET"]}}],"collection":[{"href":"https:\/\/www.europesays.com\/fr\/wp-json\/wp\/v2\/posts"}],"about":[{"href":"https:\/\/www.europesays.com\/fr\/wp-json\/wp\/v2\/types\/post"}],"author":[{"embeddable":true,"href":"https:\/\/www.europesays.com\/fr\/wp-json\/wp\/v2\/users\/2"}],"replies":[{"embeddable":true,"href":"https:\/\/www.europesays.com\/fr\/wp-json\/wp\/v2\/comments?post=476141"}],"version-history":[{"count":0,"href":"https:\/\/www.europesays.com\/fr\/wp-json\/wp\/v2\/posts\/476141\/revisions"}],"wp:featuredmedia":[{"embeddable":true,"href":"https:\/\/www.europesays.com\/fr\/wp-json\/wp\/v2\/media\/476142"}],"wp:attachment":[{"href":"https:\/\/www.europesays.com\/fr\/wp-json\/wp\/v2\/media?parent=476141"}],"wp:term":[{"taxonomy":"category","embeddable":true,"href":"https:\/\/www.europesays.com\/fr\/wp-json\/wp\/v2\/categories?post=476141"},{"taxonomy":"post_tag","embeddable":true,"href":"https:\/\/www.europesays.com\/fr\/wp-json\/wp\/v2\/tags?post=476141"}],"curies":[{"name":"wp","href":"https:\/\/api.w.org\/{rel}","templated":true}]}}