{"id":476148,"date":"2025-10-20T03:31:13","date_gmt":"2025-10-20T03:31:13","guid":{"rendered":"https:\/\/www.europesays.com\/fr\/476148\/"},"modified":"2025-10-20T03:31:13","modified_gmt":"2025-10-20T03:31:13","slug":"alcaraz-domine-aujourdhui-mais-quaurait-il-fait-face-au-big-3","status":"publish","type":"post","link":"https:\/\/www.europesays.com\/fr\/476148\/","title":{"rendered":"\u00ab Alcaraz domine aujourd\u2019hui, mais qu\u2019aurait-il fait face au Big 3 ? \u00bb"},"content":{"rendered":"<p>                <img decoding=\"async\" src=\"https:\/\/www.europesays.com\/fr\/wp-content\/uploads\/2025\/10\/qQW3.jpg\" fetchpriority=\"high\" alt=\"Tsonga : \u00ab Alcaraz domine aujourd\u2019hui, mais qu\u2019aurait-il fait face au Big 3 ? \u00bb\"\/><\/p>\n<p>Dans une interview accord\u00e9e \u00e0 Univers Tennis, Jo-Wilfried Tsonga s\u2019est exprim\u00e9 sur Carlos Alcaraz. Selon l\u2019ancien n\u00b05 mondial, le jeune Espagnol domine aujourd\u2019hui le circuit, mais le comparer aux l\u00e9gendes de sa g\u00e9n\u00e9ration reste un exercice difficile.<\/p>\n<p>Quels r\u00e9sultats obtiendrait Carlos Alcaraz s\u2019il faisait face au Big 3 ? Une question \u00e0 laquelle de nombreux anciens joueurs ont tent\u00e9 de r\u00e9pondre, certains estimant qu\u2019Alcaraz, par exemple, aurait pu \u00eatre plus fort que Federer, Nadal ou Djokovic.<\/p>\n<p>De son c\u00f4t\u00e9, Jo-Wilfried Tsonga admet qu\u2019il aurait aim\u00e9 voir Alcaraz se confronter \u00e0 sa g\u00e9n\u00e9ration, compos\u00e9e du Big 3 et de nombreux autres joueurs redoutables :<\/p>\n<p>\u00ab Alcaraz est un joueur vraiment complet. Apr\u00e8s, aujourd\u2019hui, est-ce qu\u2019il est plus fort que ces joueurs-l\u00e0 ? Mentalement, physiquement\u2026 On ne sait pas trop.<\/p>\n<p>Ce que j\u2019aurais aim\u00e9 voir, c\u2019est Alcaraz gagner Roland-Garros en battant Del Potro au troisi\u00e8me tour, Murray en huiti\u00e8mes, Djokovic en quarts, Federer en demie et Nadal en finale.<\/p>\n<p>C\u2019est ce que j\u2019aurais aim\u00e9 voir, parce qu\u2019aujourd\u2019hui il domine de la t\u00eate et des \u00e9paules. Ils sont deux pour l\u2019instant (avec Sinner) et il n\u2019a qu\u2019un seul rival. \u00bb<\/p>\n","protected":false},"excerpt":{"rendered":"Dans une interview accord\u00e9e \u00e0 Univers Tennis, Jo-Wilfried Tsonga s\u2019est exprim\u00e9 sur Carlos Alcaraz. Selon l\u2019ancien n\u00b05 mondial,&hellip;\n","protected":false},"author":2,"featured_media":476149,"comment_status":"","ping_status":"","sticky":false,"template":"","format":"standard","meta":{"footnotes":""},"categories":[1415],"tags":[1011,27,60,1467],"class_list":{"0":"post-476148","1":"post","2":"type-post","3":"status-publish","4":"format-standard","5":"has-post-thumbnail","7":"category-tennis","8":"tag-fr","9":"tag-france","10":"tag-sports","11":"tag-tennis"},"share_on_mastodon":{"url":"https:\/\/pubeurope.com\/@fr\/115404386475410265","error":""},"_links":{"self":[{"href":"https:\/\/www.europesays.com\/fr\/wp-json\/wp\/v2\/posts\/476148","targetHints":{"allow":["GET"]}}],"collection":[{"href":"https:\/\/www.europesays.com\/fr\/wp-json\/wp\/v2\/posts"}],"about":[{"href":"https:\/\/www.europesays.com\/fr\/wp-json\/wp\/v2\/types\/post"}],"author":[{"embeddable":true,"href":"https:\/\/www.europesays.com\/fr\/wp-json\/wp\/v2\/users\/2"}],"replies":[{"embeddable":true,"href":"https:\/\/www.europesays.com\/fr\/wp-json\/wp\/v2\/comments?post=476148"}],"version-history":[{"count":0,"href":"https:\/\/www.europesays.com\/fr\/wp-json\/wp\/v2\/posts\/476148\/revisions"}],"wp:featuredmedia":[{"embeddable":true,"href":"https:\/\/www.europesays.com\/fr\/wp-json\/wp\/v2\/media\/476149"}],"wp:attachment":[{"href":"https:\/\/www.europesays.com\/fr\/wp-json\/wp\/v2\/media?parent=476148"}],"wp:term":[{"taxonomy":"category","embeddable":true,"href":"https:\/\/www.europesays.com\/fr\/wp-json\/wp\/v2\/categories?post=476148"},{"taxonomy":"post_tag","embeddable":true,"href":"https:\/\/www.europesays.com\/fr\/wp-json\/wp\/v2\/tags?post=476148"}],"curies":[{"name":"wp","href":"https:\/\/api.w.org\/{rel}","templated":true}]}}