{"id":476150,"date":"2025-10-20T03:33:23","date_gmt":"2025-10-20T03:33:23","guid":{"rendered":"https:\/\/www.europesays.com\/fr\/476150\/"},"modified":"2025-10-20T03:33:23","modified_gmt":"2025-10-20T03:33:23","slug":"7e-titre-motogp-le-plus-grand-come-back-du-sport","status":"publish","type":"post","link":"https:\/\/www.europesays.com\/fr\/476150\/","title":{"rendered":"7e titre MotoGP, le plus grand come-back du sport"},"content":{"rendered":"<p>2184.\u00a0C&rsquo;est le nombre de jours qui s\u00e9paraient le dernier sacre de <strong>Marc M\u00e1rquez<\/strong> de son retour au sommet en cette saison 2025. Une \u00e9ternit\u00e9 dans le sport de haut niveau. Ce dimanche au <strong>Grand Prix du Japon<\/strong>, le pilote du Ducati Lenovo Team a \u00e9crit l&rsquo;un des chapitres les plus incroyables de l&rsquo;histoire de la <strong>MotoGP<\/strong>, d\u00e9crochant son septi\u00e8me titre mondial dans la cat\u00e9gorie reine, son neuvi\u00e8me au total.<\/p>\n<p>Apr\u00e8s des ann\u00e9es marqu\u00e9es par les blessures, les doutes et les changements d&rsquo;\u00e9quipe, le natif de Cervera a confirm\u00e9 que la r\u00e9silience est l&rsquo;apanage des plus grands. Son chemin vers cette couronne est d\u00e9j\u00e0 consid\u00e9r\u00e9 par beaucoup comme le plus grand come-back jamais r\u00e9alis\u00e9 dans le sport mondial.<\/p>\n<p>Le sacre au Grand Prix du Japon : une seconde place historique<\/p>\n<p>C&rsquo;est sur le circuit embl\u00e9matique de <strong>Motegi<\/strong>, terre du constructeur Honda qu&rsquo;il a quitt\u00e9, que Marc M\u00e1rquez a scell\u00e9 son destin. Arriv\u00e9 au <strong>Japon<\/strong> avec une avance confortable, l&rsquo;Espagnol n&rsquo;avait besoin que d&rsquo;une deuxi\u00e8me place, peu importe le r\u00e9sultat de son dernier rival pour le titre, son fr\u00e8re <strong>Alex M\u00e1rquez<\/strong> (Ducati Gresini).<\/p>\n<p>Et c&rsquo;est exactement ce qu&rsquo;il a fait. Au terme d&rsquo;une course ma\u00eetris\u00e9e, M\u00e1rquez a franchi la ligne d&rsquo;arriv\u00e9e juste derri\u00e8re son co\u00e9quipier, <strong>Francesco Bagnaia<\/strong>, qui signait l\u00e0 sa deuxi\u00e8me victoire de la saison. Parti troisi\u00e8me, l&rsquo;octuple champion du monde a su faire preuve de patience, s&rsquo;extirpant de la pression de <strong>Joan Mir<\/strong> (Honda) pour se lancer \u00e0 la poursuite de Bagnaia en milieu de course.<\/p>\n<p>La victoire de l&rsquo;Italien a toutefois \u00e9t\u00e9 marqu\u00e9e par un frisson : <a href=\"https:\/\/www.lequipe.fr\/Moto\/Actualites\/Marc-marquez-sacre-champion-du-monde-de-motogp-pour-la-7e-fois-apres-sa-deuxieme-place-au-japon-derriere-francesco-bagnaia\/1597328\" target=\"_blank\" rel=\"noopener\">son \u00e9chappement crachant une fum\u00e9e bleue inqui\u00e9tante en fin de course<\/a>. Heureusement, la m\u00e9canique a tenu, offrant un doubl\u00e9 et une liesse inou\u00efe au clan Ducati. Pour sa part, Joan Mir est mont\u00e9 sur la troisi\u00e8me marche du podium, un r\u00e9sultat qui a redonn\u00e9 le sourire \u00e0 Honda qui jouait \u00e0 domicile.<\/p>\n<blockquote class=\"twitter-tweet\">\n<p lang=\"en\" dir=\"ltr\">The smoke is back for <a href=\"https:\/\/twitter.com\/PeccoBagnaia?ref_src=twsrc%5Etfw\" target=\"_blank\" rel=\"noopener\">@PeccoBagnaia<\/a> <a href=\"https:\/\/twitter.com\/hashtag\/JapaneseGP?src=hash&amp;ref_src=twsrc%5Etfw\" target=\"_blank\" rel=\"noopener\">#JapaneseGP<\/a>  <a href=\"https:\/\/t.co\/dVF5nzocRh\">pic.twitter.com\/dVF5nzocRh<\/a><\/p>\n<p> MotoGP (@MotoGP) <a href=\"https:\/\/twitter.com\/MotoGP\/status\/1972174048705515808?ref_src=twsrc%5Etfw\" target=\"_blank\" rel=\"noopener\">September 28, 2025<\/a>\n<\/p><\/blockquote>\n<p>Pour les Fran\u00e7ais, la course fut plus mitig\u00e9e : <strong>Fabio Quartararo<\/strong> (Yamaha) a fini 8e, juste devant <strong>Johann Zarco<\/strong> (LCR Honda) 9e.<\/p>\n<p>2184 jours vers l&rsquo;immortalit\u00e9 : le come-back d&rsquo;une L\u00e9gende<\/p>\n<p>Le dernier titre de Marc M\u00e1rquez remontait \u00e0 2019. L&rsquo;ann\u00e9e 2020 fut celle du tournant tragique, avec sa chute spectaculaire \u00e0 Jerez qui a entra\u00een\u00e9 une fracture de l&rsquo;hum\u00e9rus. \u00ab\u00a0\u00c0 ce moment-l\u00e0, personne ne le savait, mais c&rsquo;est le d\u00e9but de la plus longue route jusqu&rsquo;au sommet que notre sport ait jamais connue,\u00a0\u00bb a-t-on pu lire sur la saison.<\/p>\n<p>S&rsquo;en sont suivies de multiples op\u00e9rations, une p\u00e9nible diplopie (trouble de la vision), et des blessures chroniques \u00e0 l&rsquo;\u00e9paule et \u00e0 la main. Apr\u00e8s 2022 et 2023 pass\u00e9es loin du sommet, le pilote a fait le pari risqu\u00e9 de quitter son \u00e9curie de toujours, Honda, pour rejoindre l&rsquo;\u00e9quipe satellite Ducati Gresini, avant d&rsquo;int\u00e9grer le team d&rsquo;usine <strong>Ducati Lenovo<\/strong> pour sa saison de cons\u00e9cration en 2025.<\/p>\n<p>Ce retour au premier plan, apr\u00e8s avoir tout mis\u00e9 sur une ultime op\u00e9ration pour sauver sa carri\u00e8re, est la preuve d&rsquo;une volont\u00e9 in\u00e9branlable. Il y a seulement deux ans, M\u00e1rquez semblait \u00e0 des ann\u00e9es-lumi\u00e8re de la lutte pour la couronne. Aujourd&rsquo;hui, il est le Champion, apr\u00e8s un voyage sem\u00e9 d&#8217;emb\u00fbches.<\/p>\n<p>Une place d\u00e9finitive dans l&rsquo;histoire du sport<\/p>\n<p>En d\u00e9crochant son septi\u00e8me titre en cat\u00e9gorie reine, Marc M\u00e1rquez rejoint son compatriote espagnol <strong>Valentino Rossi<\/strong> au palmar\u00e8s des pilotes les plus titr\u00e9s de la cat\u00e9gorie. Seul Giacomo Agostini le devance d\u00e9sormais.<\/p>\n<p>Son histoire s&rsquo;inscrit au panth\u00e9on des plus grands retours du sport, aux c\u00f4t\u00e9s de l\u00e9gendes comme Niki Lauda qui a surv\u00e9cu \u00e0 un terrible accident pour reconqu\u00e9rir le titre, ou Michael Jordan qui a triomph\u00e9 apr\u00e8s sa parenth\u00e8se dans le baseball.<\/p>\n<blockquote><p>&#13;<\/p>\n<p>Le chemin parcouru depuis son dernier sacre en 2019 fait probablement de celui-ci le plus grand come-back de l&rsquo;histoire du sport. Le champion de Cervera a prouv\u00e9 que rien n&rsquo;est impossible, m\u00eame apr\u00e8s avoir touch\u00e9 le fond.<\/p>\n<p>&#13;\n<\/p><\/blockquote>\n<p>Le sacre ne signifie pas la fin des hostilit\u00e9s pour 2025. Avec un <strong>Marc M\u00e1rquez<\/strong> redevenu le comp\u00e9titeur redoutable qu&rsquo;il a toujours \u00e9t\u00e9, et un <strong>Francesco Bagnaia<\/strong> revenu en force en signant la victoire au Japon, l&rsquo;on s&rsquo;attend \u00e0 de f\u00e9roces <strong>duels<\/strong> entre les deux co\u00e9quipiers <strong>Ducati<\/strong> d\u00e8s les derni\u00e8res courses de cette saison, et surtout pour la lutte pour le titre en <strong>2026<\/strong>. Le d\u00e9but d&rsquo;une nouvelle \u00e8re de batailles \u00e9piques est lanc\u00e9.<\/p>\n<p>Classement actuel du championnat du monde \u00e0 l&rsquo;issue du Grand Prix du Japon<\/p>\n<p>Position<\/p>\n<p>Num<\/p>\n<p>Pilote<\/p>\n<p>Team<\/p>\n<p>Marque<\/p>\n<p>Points<\/p>\n<p>Victoires<\/p>\n<p>Poles<\/p>\n<p>Podiums<\/p>\n<p>1<\/p>\n<p>93<\/p>\n<p>Ducati Lenovo Team<\/p>\n<p>541<\/p>\n<p>25<\/p>\n<p>15<\/p>\n<p>31<\/p>\n<p>2<\/p>\n<p>73<\/p>\n<p>Gresini Racing MotoGP<\/p>\n<p>340<\/p>\n<p>3<\/p>\n<p>2<\/p>\n<p>21<\/p>\n<p>3<\/p>\n<p>63<\/p>\n<p>Ducati Lenovo Team<\/p>\n<p>274<\/p>\n<p>3<\/p>\n<p>4<\/p>\n<p>14<\/p>\n<p>4<\/p>\n<p>72<\/p>\n<p>Aprilia Racing<\/p>\n<p>242<\/p>\n<p>2<\/p>\n<p>4<\/p>\n<p>9<\/p>\n<p>5<\/p>\n<p>21<\/p>\n<p>Pertamina enduro VR46 MotoGP Team<\/p>\n<p>196<\/p>\n<p>0<\/p>\n<p>0<\/p>\n<p>4<\/p>\n<p>6<\/p>\n<p>37<\/p>\n<p>Red Bull Ktm Factory Racing<\/p>\n<p>195<\/p>\n<p>0<\/p>\n<p>0<\/p>\n<p>5<\/p>\n<p>7<\/p>\n<p>49<\/p>\n<p>Pertamina enduro VR46 MotoGP Team<\/p>\n<p>182<\/p>\n<p>0<\/p>\n<p>0<\/p>\n<p>6<\/p>\n<p>8<\/p>\n<p>20<\/p>\n<p>Monster Energy Yamaha Motogp<\/p>\n<p>149<\/p>\n<p>0<\/p>\n<p>8<\/p>\n<p>3<\/p>\n<p>9<\/p>\n<p>54<\/p>\n<p>Gresini Racing MotoGP<\/p>\n<p>147<\/p>\n<p>0<\/p>\n<p>0<\/p>\n<p>4<\/p>\n<p>11<\/p>\n<p>33<\/p>\n<p>Red Bull Ktm Factory Racing<\/p>\n<p>105<\/p>\n<p>0<\/p>\n<p>0<\/p>\n<p>0<\/p>\n<p>13<\/p>\n<p>25<\/p>\n<p>Trackhouse Racing<\/p>\n<p>95<\/p>\n<p>0<\/p>\n<p>0<\/p>\n<p>0<\/p>\n<p>14<\/p>\n<p>23<\/p>\n<p>Red Bull Ktm Tech 3<\/p>\n<p>89<\/p>\n<p>0<\/p>\n<p>0<\/p>\n<p>2<\/p>\n<p>16<\/p>\n<p>12<\/p>\n<p>Red Bull Ktm Tech 3<\/p>\n<p>72<\/p>\n<p>0<\/p>\n<p>0<\/p>\n<p>0<\/p>\n<p>17<\/p>\n<p>79<\/p>\n<p>Trackhouse Racing<\/p>\n<p>70<\/p>\n<p>0<\/p>\n<p>0<\/p>\n<p>0<\/p>\n<p>18<\/p>\n<p>43<\/p>\n<p>Prima Pramac Yamaha<\/p>\n<p>58<\/p>\n<p>0<\/p>\n<p>0<\/p>\n<p>0<\/p>\n<p>19<\/p>\n<p>42<\/p>\n<p>Monster Energy Yamaha Motogp<\/p>\n<p>45<\/p>\n<p>0<\/p>\n<p>0<\/p>\n<p>0<\/p>\n<p>20<\/p>\n<p>1<\/p>\n<p>Aprilia Racing<\/p>\n<p>34<\/p>\n<p>0<\/p>\n<p>0<\/p>\n<p>0<\/p>\n<p>21<\/p>\n<p>88<\/p>\n<p>Prima Pramac Yamaha<\/p>\n<p>26<\/p>\n<p>0<\/p>\n<p>0<\/p>\n<p>0<\/p>\n<p>22<\/p>\n<p>44<\/p>\n<p>Red Bull Ktm Tech 3<\/p>\n<p>16<\/p>\n<p>0<\/p>\n<p>0<\/p>\n<p>0<\/p>\n<p>24<\/p>\n<p>32<\/p>\n<p>Aprilia Racing<\/p>\n<p>8<\/p>\n<p>0<\/p>\n<p>0<\/p>\n<p>0<\/p>\n<p>25<\/p>\n<p>7<\/p>\n<p>Prima Pramac Yamaha<\/p>\n<p>8<\/p>\n<p>0<\/p>\n<p>0<\/p>\n<p>0<\/p>\n<p><\/p>\n<p><script async src=\"https:\/\/platform.twitter.com\/widgets.js\" charset=\"utf-8\"><\/script><\/p>\n","protected":false},"excerpt":{"rendered":"2184.\u00a0C&rsquo;est le nombre de jours qui s\u00e9paraient le dernier sacre de Marc M\u00e1rquez de son retour au sommet&hellip;\n","protected":false},"author":2,"featured_media":476151,"comment_status":"","ping_status":"","sticky":false,"template":"","format":"standard","meta":{"footnotes":""},"categories":[1413],"tags":[1011,27,1457,1456,60],"class_list":{"0":"post-476150","1":"post","2":"type-post","3":"status-publish","4":"format-standard","5":"has-post-thumbnail","7":"category-moto","8":"tag-fr","9":"tag-france","10":"tag-moto","11":"tag-motocycle","12":"tag-sports"},"share_on_mastodon":{"url":"https:\/\/pubeurope.com\/@fr\/115404393880454810","error":""},"_links":{"self":[{"href":"https:\/\/www.europesays.com\/fr\/wp-json\/wp\/v2\/posts\/476150","targetHints":{"allow":["GET"]}}],"collection":[{"href":"https:\/\/www.europesays.com\/fr\/wp-json\/wp\/v2\/posts"}],"about":[{"href":"https:\/\/www.europesays.com\/fr\/wp-json\/wp\/v2\/types\/post"}],"author":[{"embeddable":true,"href":"https:\/\/www.europesays.com\/fr\/wp-json\/wp\/v2\/users\/2"}],"replies":[{"embeddable":true,"href":"https:\/\/www.europesays.com\/fr\/wp-json\/wp\/v2\/comments?post=476150"}],"version-history":[{"count":0,"href":"https:\/\/www.europesays.com\/fr\/wp-json\/wp\/v2\/posts\/476150\/revisions"}],"wp:featuredmedia":[{"embeddable":true,"href":"https:\/\/www.europesays.com\/fr\/wp-json\/wp\/v2\/media\/476151"}],"wp:attachment":[{"href":"https:\/\/www.europesays.com\/fr\/wp-json\/wp\/v2\/media?parent=476150"}],"wp:term":[{"taxonomy":"category","embeddable":true,"href":"https:\/\/www.europesays.com\/fr\/wp-json\/wp\/v2\/categories?post=476150"},{"taxonomy":"post_tag","embeddable":true,"href":"https:\/\/www.europesays.com\/fr\/wp-json\/wp\/v2\/tags?post=476150"}],"curies":[{"name":"wp","href":"https:\/\/api.w.org\/{rel}","templated":true}]}}