{"id":476160,"date":"2025-10-20T03:38:18","date_gmt":"2025-10-20T03:38:18","guid":{"rendered":"https:\/\/www.europesays.com\/fr\/476160\/"},"modified":"2025-10-20T03:38:18","modified_gmt":"2025-10-20T03:38:18","slug":"a-carnoet-le-premier-moai-en-granit-du-monde-relie-la-bretagne-a-lile-de-paques-en-images","status":"publish","type":"post","link":"https:\/\/www.europesays.com\/fr\/476160\/","title":{"rendered":"\u00c0 Carno\u00ebt, le premier moa\u00ef en granit du monde relie la Bretagne \u00e0 l\u2019\u00cele de P\u00e2ques [En images]"},"content":{"rendered":"<p>Le tout premier<a href=\"https:\/\/www.letelegramme.fr\/cotes-d-armor\/carnoet-22160\/la-vallee-des-saints-va-accueillir-une-sculpture-moai-de-lile-de-paques-6823088.php\" target=\"_blank\" rel=\"noopener\"> moa\u00ef en granit au monde vient d\u2019\u00eatre termin\u00e9<\/a>. Haut de 6, 30 m et pesant plus de quinze tonnes, cette sculpture monumentale est le fruit d\u2019une incroyable collaboration entre la Vall\u00e9e des saints et l\u2019\u00cele de P\u00e2ques. Elle d\u00e9marre en 2018. Cette ann\u00e9e-l\u00e0, les g\u00e9rants du site d\u00e9couvrent &#8211; dans un livre \u00e9crit par Jean Guillou &#8211; que la Vall\u00e9e des saints de Carno\u00ebt et l\u2019\u00eele situ\u00e9e au large du Chili entretiennent un lien historique singulier. <\/p>\n<p>Au XVIIIe si\u00e8cle, un ing\u00e9nieur breton faisait partie de la fameuse exp\u00e9dition maritime Lap\u00e9rouse qui s\u2019est rendue sur l\u2019\u00cele de P\u00e2ques. Ce Breton, Paul-Antoine Fleuriot de Langle, \u00e9tait aussi le propri\u00e9taire de l\u2019actuel site o\u00f9 est implant\u00e9e la Vall\u00e9e des saints. \u00ab Lorsque nous l\u2019avons appris, on s\u2019est dit que c\u2019\u00e9tait fou car la Vall\u00e9e des saints \u00e9tait d\u00e9j\u00e0 surnomm\u00e9e l\u2019\u00cele de P\u00e2ques bretonne \u00bb, retrace S\u00e9bastien Minguy, directeur du parc. Paul-Antoine Fleuriot de Langle fut \u00e0 l\u2019origine de la premi\u00e8re carte de l\u2019\u00eele en 1786.<\/p>\n<p>Apr\u00e8s cette d\u00e9couverte<a href=\"https:\/\/www.letelegramme.fr\/toute-l-information-de-la-bretagne\/span-classamorcevallee-des-saints-spanle-chili-arrive-jusqua-lile-de-paques-bretonne-3507357.php\" target=\"_blank\" rel=\"noopener\">, les \u00e9changes entre les deux pays se sont succ\u00e9d\u00e9<\/a> jusqu\u2019\u00e0 aboutir \u00e0 ce projet unique. \u00ab Le chantier du moa\u00ef a d\u00e9marr\u00e9 le 15 septembre et devrait se terminer le 16 octobre. \u00bb<\/p>\n<p><img decoding=\"async\" src=\"https:\/\/www.europesays.com\/fr\/wp-content\/uploads\/2025\/10\/68f4dd9947f9d5c8cf004406.1.jpeg\" width=\"480\" height=\"300\" class=\"web_golden_m\" loading=\"lazy\" alt=\"Alberto Ika Araki attaque les finissions sur le moa\u00ef.\"\/>Alberto Ika Araki attaque les finissions sur le moa\u00ef. (Le T\u00e9l\u00e9gramme\/H\u00e9l\u00e8ne Duros)<img decoding=\"async\" src=\"https:\/\/www.europesays.com\/fr\/wp-content\/uploads\/2025\/10\/68f4dd99af56413d69041d82.1.jpeg\" width=\"480\" height=\"300\" class=\"web_golden_m\" loading=\"lazy\" alt=\"Le drapeau l\u2019\u00cele de P\u00e2ques flotte sur le chantier \u00e0 la Vall\u00e9e des saints.\"\/>Le drapeau l\u2019\u00cele de P\u00e2ques flotte sur le chantier \u00e0 la Vall\u00e9e des saints. (Le T\u00e9l\u00e9gramme\/H\u00e9l\u00e8ne Duros)Les moa\u00efs repr\u00e9sentent les \u00e2mes des anc\u00eatres<\/p>\n<p>L\u2019\u0153uvre a \u00e9t\u00e9 r\u00e9alis\u00e9e par quatre sculpteurs, deux Bretons, Kito et Vincent Lema\u00e7on, et deux Pascuans, Alberto Ika Araki et Jose Ika Sanchez. \u00ab Je suis tr\u00e8s content d\u2019avoir particip\u00e9 \u00e0 cette exp\u00e9rience inou\u00efe \u00bb, raconte Kito. La barri\u00e8re de la langue n\u2019a pas emp\u00each\u00e9 les quatre artistes de se comprendre. \u00ab Nous autres sculpteurs parlons avec nos mains. Cette \u0153uvre a \u00e9t\u00e9 appel\u00e9e le \u00ab Moa\u00ef de la fraternit\u00e9 \u00bb (Mana Tapu Ao) mais nous aurions pu l\u2019appeler le \u00ab Moa\u00ef de l\u2019amiti\u00e9 \u00bb. J\u2019aurais aim\u00e9 que mon oncle, Jean Guillou, soit encore en vie pour voir ce que nous avons fait. \u00bb<\/p>\n<p>Cette collaboration a pour moteur la transmission culturelle et technique. Pour les Pascuans, les moa\u00efs sont la personnification de leurs anc\u00eatres. \u00ab Sur l\u2019\u00cele de P\u00e2ques, les moa\u00efs sont des tombes \u00bb, pr\u00e9cise S\u00e9bastien Minguy. En septembre, avant le d\u00e9but du chantier, une c\u00e9r\u00e9monie a \u00e9t\u00e9 r\u00e9alis\u00e9e et un feu allum\u00e9. \u00ab De cette fa\u00e7on, les Pascuans appellent les \u00e2mes de leurs anc\u00eatres. \u00bb Le feu sera seulement \u00e9teint une fois le moa\u00ef termin\u00e9.<\/p>\n<p><img decoding=\"async\" src=\"https:\/\/www.europesays.com\/fr\/wp-content\/uploads\/2025\/10\/68f4dd99fa5d0418d90c43be.1.jpeg\" width=\"480\" height=\"300\" class=\"web_golden_m\" loading=\"lazy\" alt=\"Deux oiseaux et un \u0153uf ont \u00e9t\u00e9 grav\u00e9s sur le socle qui accueillera la sculptures\"\/>Deux oiseaux et un \u0153uf ont \u00e9t\u00e9 grav\u00e9s sur le socle qui accueillera la sculptures (Le T\u00e9l\u00e9gramme\/H\u00e9l\u00e8ne Duros)<img decoding=\"async\" src=\"https:\/\/www.europesays.com\/fr\/wp-content\/uploads\/2025\/10\/68f4dd983b1ed159120853a2.1.jpeg\" width=\"480\" height=\"300\" class=\"web_golden_m\" loading=\"lazy\" alt=\"Les yeux du moa\u00ef seront r\u00e9alis\u00e9s en marbre de Carrare.\"\/>Les yeux du moa\u00ef seront r\u00e9alis\u00e9s en marbre de Carrare. (Le T\u00e9l\u00e9gramme\/H\u00e9l\u00e8ne Duros)Un saint breton sur l\u2019\u00cele de P\u00e2ques<\/p>\n<p>Sur le socle qui accueille la sculpture depuis vendredi, deux oiseaux et un \u0153uf ont \u00e9t\u00e9 grav\u00e9s. \u00ab Ils symbolisent la vie. \u00bb Sur la t\u00eate du moa\u00ef, le pukao (chapeau) a \u00e9t\u00e9 fix\u00e9. Il a \u00e9t\u00e9 r\u00e9alis\u00e9 en granit rouge. \u00ab Les pukao sont rouges car, au Ve si\u00e8cle, lorsque les premiers habitants sont arriv\u00e9s sur l\u2019\u00cele de P\u00e2ques, ils se teignaient les cheveux en rouge. \u00bb En trente jours, Alberto Ika Araki et Jose Ika Sanchez ont \u00e9t\u00e9 form\u00e9s \u00e0 deux nouvelles techniques. \u00ab Ils vont \u00e9galement repartir avec du mat\u00e9riel. \u00bb<br \/>Habitu\u00e9s \u00e0 la roche volcanique, les deux Pascuans ont d\u00fb apprendre \u00e0 travailler le granit, une roche beaucoup plus dure. La deuxi\u00e8me \u00e9tape de cette collaboration devrait d\u00e9marrer fin 2026-2027. \u00ab La m\u00eame \u00e9quipe d\u2019artistes devrait se former, cette fois-ci pour r\u00e9aliser la sculpture d\u2019un saint breton sur l\u2019\u00cele de P\u00e2ques. Le choix n\u2019est pas encore act\u00e9 mais ce sera probablement une sainte. \u00bb<\/p>\n<p>Pratique<\/p>\n<p class=\"note\">Une fois termin\u00e9, le moa\u00ef voyagera en Bretagne avant d\u2019\u00eatre expos\u00e9e d\u00e9finitivement \u00e0 la Vall\u00e9e des saints. Du 19 novembre au 7 janvier, \u00e0 Brest, du 7 janvier au 29 mars \u00e0 Quemper-Gu\u00e9zennec (lieu de naissance de Paul Antoine Fleuriot de Langle), du 30 mars au 26 avril au Ch\u00e2teau des p\u00e8res \u00e0 Pir\u00e9-Chanc\u00e9 (35), du 27 avril au 28 mai \u00e0 Lorient.<\/p>\n<p><img decoding=\"async\" src=\"https:\/\/www.europesays.com\/fr\/wp-content\/uploads\/2025\/10\/68f4dd98501791273a0e6ab6.1.jpeg\" width=\"480\" height=\"300\" class=\"web_golden_m\" loading=\"lazy\" alt=\"Un feu a \u00e9t\u00e9 allum\u00e9 au lancement du chantier. Une mani\u00e8re pour les Pascuans d\u2019appeler l\u2019\u00e2me de leurs anc\u00eatres.\"\/>Un feu a \u00e9t\u00e9 allum\u00e9 au lancement du chantier. Une mani\u00e8re pour les Pascuans d\u2019appeler l\u2019\u00e2me de leurs anc\u00eatres. (Le T\u00e9l\u00e9gramme\/H\u00e9l\u00e8ne Duros)<\/p>\n","protected":false},"excerpt":{"rendered":"Le tout premier moa\u00ef en granit au monde vient d\u2019\u00eatre termin\u00e9. Haut de 6, 30 m et pesant&hellip;\n","protected":false},"author":2,"featured_media":476161,"comment_status":"","ping_status":"","sticky":false,"template":"","format":"standard","meta":{"footnotes":""},"categories":[1358],"tags":[8913,1348,1384,1385,829,24530,251,1386,58,59,1011,27,4044,3899],"class_list":{"0":"post-476160","1":"post","2":"type-post","3":"status-publish","4":"format-standard","5":"has-post-thumbnail","7":"category-arts-et-design","8":"tag-art-plastique","9":"tag-arts","10":"tag-arts-and-design","11":"tag-arts-et-design","12":"tag-bretagne","13":"tag-carnoet","14":"tag-culture","15":"tag-design","16":"tag-divertissement","17":"tag-entertainment","18":"tag-fr","19":"tag-france","20":"tag-guingamp","21":"tag-sculpture"},"share_on_mastodon":{"url":"https:\/\/pubeurope.com\/@fr\/115404414943945861","error":""},"_links":{"self":[{"href":"https:\/\/www.europesays.com\/fr\/wp-json\/wp\/v2\/posts\/476160","targetHints":{"allow":["GET"]}}],"collection":[{"href":"https:\/\/www.europesays.com\/fr\/wp-json\/wp\/v2\/posts"}],"about":[{"href":"https:\/\/www.europesays.com\/fr\/wp-json\/wp\/v2\/types\/post"}],"author":[{"embeddable":true,"href":"https:\/\/www.europesays.com\/fr\/wp-json\/wp\/v2\/users\/2"}],"replies":[{"embeddable":true,"href":"https:\/\/www.europesays.com\/fr\/wp-json\/wp\/v2\/comments?post=476160"}],"version-history":[{"count":0,"href":"https:\/\/www.europesays.com\/fr\/wp-json\/wp\/v2\/posts\/476160\/revisions"}],"wp:featuredmedia":[{"embeddable":true,"href":"https:\/\/www.europesays.com\/fr\/wp-json\/wp\/v2\/media\/476161"}],"wp:attachment":[{"href":"https:\/\/www.europesays.com\/fr\/wp-json\/wp\/v2\/media?parent=476160"}],"wp:term":[{"taxonomy":"category","embeddable":true,"href":"https:\/\/www.europesays.com\/fr\/wp-json\/wp\/v2\/categories?post=476160"},{"taxonomy":"post_tag","embeddable":true,"href":"https:\/\/www.europesays.com\/fr\/wp-json\/wp\/v2\/tags?post=476160"}],"curies":[{"name":"wp","href":"https:\/\/api.w.org\/{rel}","templated":true}]}}