{"id":476162,"date":"2025-10-20T03:39:13","date_gmt":"2025-10-20T03:39:13","guid":{"rendered":"https:\/\/www.europesays.com\/fr\/476162\/"},"modified":"2025-10-20T03:39:13","modified_gmt":"2025-10-20T03:39:13","slug":"nogaro-un-livre-dans-la-poche-en-assemblee","status":"publish","type":"post","link":"https:\/\/www.europesays.com\/fr\/476162\/","title":{"rendered":"Nogaro. \u00ab\u00a0Un livre dans la poche\u00a0\u00bb en assembl\u00e9e"},"content":{"rendered":"<p>\u00ab\u00a0Un livre dans la poche\u00a0\u00bb est une junior-association de la cit\u00e9 scolaire de Nogaro, c\u2019est-\u00e0-dire une association g\u00e9r\u00e9e par des mineurs, avec l\u2019aide d\u2019\u00c9ric Busson, professeur. Cette association organise le festival depuis vingt ans.<\/p>\n<p>Le bilan moral 2025 s\u2019av\u00e8re tr\u00e8s positif pour cette 20\u1d49 \u00e9dition du festival du livre, qui s\u2019est tenue du 14 au 17 mai. Il y a eu des tables rondes, des d\u00e9dicaces et de nombreuses rencontres litt\u00e9raires. Une conf\u00e9rence gratuite et ouverte \u00e0 tous s\u2019est \u00e9galement tenue le 14 mai \u00e0 10 heures au cin\u00e9ma : Val\u00e9rie Igounet et Guy Le Besnerais, auteurs de Crayon noir, ont pr\u00e9sent\u00e9 leur roman graphique consacr\u00e9 \u00e0 l\u2019assassinat de Samuel Paty.<\/p>\n<p>Cela a permis de rencontrer des personnes passionnantes, qui r\u00e9fl\u00e9chissent sur la vie, la leur et celle des autres ; une exp\u00e9rience intellectuelle et humaine particuli\u00e8rement enrichissante. La manifestation s\u2019est agrandie avec quatorze rencontres publiques organis\u00e9es dans les librairies et les m\u00e9diath\u00e8ques, et plus de 400 personnes ont assist\u00e9 \u00e0 la remise du prix \u00ab\u00a0Jeune Mousquetaire\u00a0\u00bb.<\/p>\n<p>Les finances demeurent stables, mais certaines aides pour 2025 suscitent des inqui\u00e9tudes. Pour 2026, de nouveaux projets sont d\u00e9j\u00e0 en pr\u00e9paration : le comit\u00e9 de s\u00e9lection se r\u00e9unira prochainement pour choisir les quatre romans en comp\u00e9tition. \u00c9ric Busson encourage les lyc\u00e9ens \u00e0 s\u2019impliquer activement dans la pr\u00e9paration des Rencontres.<\/p>\n<p>Le nouveau bureau \u00e9lu : Oc\u00e9ane B\u00e9guin, pr\u00e9sidente, et Rapha\u00ebl Benvenuto, tr\u00e9sorier.<\/p>\n","protected":false},"excerpt":{"rendered":"\u00ab\u00a0Un livre dans la poche\u00a0\u00bb est une junior-association de la cit\u00e9 scolaire de Nogaro, c\u2019est-\u00e0-dire une association g\u00e9r\u00e9e&hellip;\n","protected":false},"author":2,"featured_media":476163,"comment_status":"","ping_status":"","sticky":false,"template":"","format":"standard","meta":{"footnotes":""},"categories":[1357],"tags":[1379,58,59,1011,27,1380],"class_list":{"0":"post-476162","1":"post","2":"type-post","3":"status-publish","4":"format-standard","5":"has-post-thumbnail","7":"category-livres","8":"tag-books","9":"tag-divertissement","10":"tag-entertainment","11":"tag-fr","12":"tag-france","13":"tag-livres"},"share_on_mastodon":{"url":"https:\/\/pubeurope.com\/@fr\/115404418091103439","error":""},"_links":{"self":[{"href":"https:\/\/www.europesays.com\/fr\/wp-json\/wp\/v2\/posts\/476162","targetHints":{"allow":["GET"]}}],"collection":[{"href":"https:\/\/www.europesays.com\/fr\/wp-json\/wp\/v2\/posts"}],"about":[{"href":"https:\/\/www.europesays.com\/fr\/wp-json\/wp\/v2\/types\/post"}],"author":[{"embeddable":true,"href":"https:\/\/www.europesays.com\/fr\/wp-json\/wp\/v2\/users\/2"}],"replies":[{"embeddable":true,"href":"https:\/\/www.europesays.com\/fr\/wp-json\/wp\/v2\/comments?post=476162"}],"version-history":[{"count":0,"href":"https:\/\/www.europesays.com\/fr\/wp-json\/wp\/v2\/posts\/476162\/revisions"}],"wp:featuredmedia":[{"embeddable":true,"href":"https:\/\/www.europesays.com\/fr\/wp-json\/wp\/v2\/media\/476163"}],"wp:attachment":[{"href":"https:\/\/www.europesays.com\/fr\/wp-json\/wp\/v2\/media?parent=476162"}],"wp:term":[{"taxonomy":"category","embeddable":true,"href":"https:\/\/www.europesays.com\/fr\/wp-json\/wp\/v2\/categories?post=476162"},{"taxonomy":"post_tag","embeddable":true,"href":"https:\/\/www.europesays.com\/fr\/wp-json\/wp\/v2\/tags?post=476162"}],"curies":[{"name":"wp","href":"https:\/\/api.w.org\/{rel}","templated":true}]}}