{"id":476164,"date":"2025-10-20T03:40:18","date_gmt":"2025-10-20T03:40:18","guid":{"rendered":"https:\/\/www.europesays.com\/fr\/476164\/"},"modified":"2025-10-20T03:40:18","modified_gmt":"2025-10-20T03:40:18","slug":"jai-eu-peur-dany-brillant-confie-avoir-refuse-le-fauteuil-de-coach-de-the-voice-avant-que-le-tele-crochet-musical-ne-cartonne","status":"publish","type":"post","link":"https:\/\/www.europesays.com\/fr\/476164\/","title":{"rendered":"\u00ab\u00a0J&rsquo;ai eu peur\u00a0\u00bb\u00a0: Dany Brillant confie avoir refus\u00e9 le fauteuil de coach de The Voice avant que le t\u00e9l\u00e9-crochet musical ne cartonne"},"content":{"rendered":"<p>Dany Brillant fan des coachs de The Voice<\/p>\n<p class=\"text-left ap-StoryElement ap-StoryElement--mb ap-StoryText\">Les coachs ont \u00e9videmment leur importance dans ce succ\u00e8s. L&rsquo;interpr\u00e8te de \u00ab\u00a0Savoir aimer\u00a0\u00bb est, par exemple, un v\u00e9ritable symbole de l&rsquo;\u00e9mission au sein de l&rsquo;Hexagone. Pourtant, l&rsquo;histoire aurait pu \u00eatre bien diff\u00e9rente. Dany Brillant, <a href=\"https:\/\/www.parismatch.be\/culture\/musique\/2025\/10\/14\/dany-brillant-sur-scene-pour-chanter-ses-plus-grands-tubes-et-revisiter-le-son-festif-des-annees-70-je-suis-belge-par-mes-enfants-PD2VJLJSEBASXLJCOGQ5PH4LOM\/\" target=\"_blank\" rel=\"noopener\">au c\u0153ur d&rsquo;une interview de Paris Match dans le cadre de son <b>\u00ab\u00a0Best of Tour\u00a0\u00bb <\/b>qui passera par la <b>Belgique<\/b> en novembre<\/a>, a, en effet, confi\u00e9 qu&rsquo;il aurait pu prendre part \u00e0 l&rsquo;aventure alors qu&rsquo;elle n&rsquo;en \u00e9tait qu&rsquo;\u00e0 ses pr\u00e9misses.<\/p>\n<p class=\"text-left ap-StoryElement ap-StoryElement--mb ap-StoryText\">\u00ab\u00a0On me l&rsquo;a demand\u00e9 au tout d\u00e9but mais j&rsquo;avais peur. Je ne savais pas ce que \u00e7a allait \u00eatre\u00a0\u00bb, d\u00e9bute le crooner qui f\u00eatera ses 60 ans en d\u00e9cembre prochain. \u00ab\u00a0Quand j&rsquo;ai vu, je me suis dit que c&rsquo;\u00e9tait pas mal. Je trouve \u00e7a bien comme spectacle. J&rsquo;ai tout de suite beaucoup plus aim\u00e9 les coachs que les \u00e9l\u00e8ves. J&rsquo;ai trouv\u00e9 par exemple que <b>Florent Pagny \u00e9tait un mec super<\/b>. Le spectacle pour moi, ce sont les coachs\u00a0\u00bb, affirme-t-il bon joueur.<\/p>\n<p>L\u00e9gitim\u00e9 et The Voice Swing<\/p>\n<p class=\"text-left ap-StoryElement ap-StoryElement--mb ap-StoryText\">Avec son sens du spectacle et son background, Dany Brillant aurait pu aiguiller la nouvelle g\u00e9n\u00e9ration. L&rsquo;homme derri\u00e8re \u00ab\u00a0<b>Suzette\u00a0\u00bb<\/b> ou encore \u00ab\u00a0<b>Quand je vois tes yeux\u00a0\u00bb<\/b> estime toutefois manquer de l\u00e9gitimit\u00e9\u00a0: \u00ab\u00a0Qui je suis pour d\u00e9cider si telle ou telle personne a du talent\u00a0? Je trouve toujours \u00e7a un peu pr\u00e9tentieux de dire si un chanteur est bien ou pas. Je ne saurais pas le faire. J&rsquo;ai l&rsquo;exp\u00e9rience mais comme je suis dans un registre particulier je ne sais pas si j&rsquo;ai assez d&rsquo;amplitude pour juger sur des musiques actuelles.\u00a0\u00bb<\/p>\n<p><a href=\"https:\/\/www.parismatch.be\/culture\/musique\/2025\/09\/20\/dany-brillant-devoile-son-restaurant-prefere-en-belgique-la-viande-est-vraiment-incroyable-NQQYNQSMGVF6PLMCFX4HLVQFLY\/\" target=\"_blank\" rel=\"noopener noreferrer\" class=\"ap-StoryInterstitialLink ap-StoryElement ap-StoryElement--mb\">Dany Brillant d\u00e9voile son restaurant pr\u00e9f\u00e9r\u00e9 en Belgique : \u00ab\u00a0La viande est vraiment incroyable\u00a0\u00bb<\/a><\/p>\n<p class=\"text-left ap-StoryElement ap-StoryElement--mb ap-StoryText\">Le natif de Tunis n&rsquo;aurait-il pas d\u00e9sormais l&rsquo;envie de former <b>de nouveaux crooners<\/b>\u00a0? \u00ab\u00a0Il n&rsquo;y en a pas\u00a0\u00bb, regrette-t-il. \u00ab\u00a0Je regarde The Voice parfois mais il n&rsquo;y en a pas. C&rsquo;est un truc qui vient des tripes, vous ne pouvez pas calculer l\u00e0-dessus. Si on me le repropose, peut-\u00eatre que je gambergerai. Finalement, c&rsquo;est assez haletant. Et puis c&rsquo;est un moyen pour les jeunes de se faire d\u00e9couvrir. Il faudrait peut-\u00eatre faire &lsquo;The Voice Swing&rsquo; et l\u00e0 j&rsquo;irai\u00a0\u00bb, conclut-il avec le sourire.<\/p>\n","protected":false},"excerpt":{"rendered":"Dany Brillant fan des coachs de The Voice Les coachs ont \u00e9videmment leur importance dans ce succ\u00e8s. L&rsquo;interpr\u00e8te&hellip;\n","protected":false},"author":2,"featured_media":476165,"comment_status":"","ping_status":"","sticky":false,"template":"","format":"standard","meta":{"footnotes":""},"categories":[1356],"tags":[26659,58,59,1011,27,873,252,199,3074,1364],"class_list":{"0":"post-476164","1":"post","2":"type-post","3":"status-publish","4":"format-standard","5":"has-post-thumbnail","7":"category-television","8":"tag-dany-brillant","9":"tag-divertissement","10":"tag-entertainment","11":"tag-fr","12":"tag-france","13":"tag-musique","14":"tag-television","15":"tag-tf1","16":"tag-the-voice","17":"tag-tv"},"share_on_mastodon":{"url":"https:\/\/pubeurope.com\/@fr\/115404422000321932","error":""},"_links":{"self":[{"href":"https:\/\/www.europesays.com\/fr\/wp-json\/wp\/v2\/posts\/476164","targetHints":{"allow":["GET"]}}],"collection":[{"href":"https:\/\/www.europesays.com\/fr\/wp-json\/wp\/v2\/posts"}],"about":[{"href":"https:\/\/www.europesays.com\/fr\/wp-json\/wp\/v2\/types\/post"}],"author":[{"embeddable":true,"href":"https:\/\/www.europesays.com\/fr\/wp-json\/wp\/v2\/users\/2"}],"replies":[{"embeddable":true,"href":"https:\/\/www.europesays.com\/fr\/wp-json\/wp\/v2\/comments?post=476164"}],"version-history":[{"count":0,"href":"https:\/\/www.europesays.com\/fr\/wp-json\/wp\/v2\/posts\/476164\/revisions"}],"wp:featuredmedia":[{"embeddable":true,"href":"https:\/\/www.europesays.com\/fr\/wp-json\/wp\/v2\/media\/476165"}],"wp:attachment":[{"href":"https:\/\/www.europesays.com\/fr\/wp-json\/wp\/v2\/media?parent=476164"}],"wp:term":[{"taxonomy":"category","embeddable":true,"href":"https:\/\/www.europesays.com\/fr\/wp-json\/wp\/v2\/categories?post=476164"},{"taxonomy":"post_tag","embeddable":true,"href":"https:\/\/www.europesays.com\/fr\/wp-json\/wp\/v2\/tags?post=476164"}],"curies":[{"name":"wp","href":"https:\/\/api.w.org\/{rel}","templated":true}]}}