{"id":476204,"date":"2025-10-20T04:09:11","date_gmt":"2025-10-20T04:09:11","guid":{"rendered":"https:\/\/www.europesays.com\/fr\/476204\/"},"modified":"2025-10-20T04:09:11","modified_gmt":"2025-10-20T04:09:11","slug":"europetanque-dylan-rocher-triomphe-a-cagnes-sur-mer-avec-stephane-robineau-et-maison-durk-le-phenomene-dawson-herleman-demi-finaliste","status":"publish","type":"post","link":"https:\/\/www.europesays.com\/fr\/476204\/","title":{"rendered":"Europ\u00e9tanque. Dylan Rocher triomphe \u00e0 Cagnes-sur-Mer avec St\u00e9phane Robineau et Maison Durk, le ph\u00e9nom\u00e8ne Dawson Herleman demi-finaliste"},"content":{"rendered":"<p><a href=\"https:\/\/www.ledauphine.com\/p\/dylan-rocher\" target=\"_blank\" rel=\"noopener\">Dylan Rocher<\/a>, vainqueur du <a href=\"https:\/\/www.ledauphine.com\/sport\/2025\/10\/18\/apres-son-succes-a-new-york-dylan-rocher-succede-a-henri-lacroix-en-tir-de-precision-a-cagnes-sur-mer\" target=\"_blank\" rel=\"noopener\">tir de pr\u00e9cision<\/a> vendredi, a-t-il trouv\u00e9 la bonne formule en triplette avec St\u00e9phane Robineau et Maison Durk \u00e0 ses c\u00f4t\u00e9s ? En tous les cas, apr\u00e8s<a href=\"https:\/\/www.ledauphine.com\/sport\/2025\/10\/05\/10-ans-apres-dylan-rocher-remporte-l-international-de-nyons-en-collant-un-13-1-en-finale\" target=\"_blank\" rel=\"noopener\"> l&rsquo;international de Nyons<\/a>, le Dr\u00f4mois d&rsquo;adoption et ses comp\u00e8res\u00a0ont de nouveau remport\u00e9 un concours d&rsquo;envergure, ce dimanche, lors de l&rsquo;Europ\u00e9tanque \u00e0 Cagnes-sur-Mer.\u00a0<\/p>\n<p>Jamais v\u00e9ritablement inqui\u00e9t\u00e9 lors de ce week-end, le trio a domin\u00e9 Cyril B\u00e9gon, Bruno Gire et William Dauphant en finale (13-1). Ces derniers avaient sorti le ph\u00e9nom\u00e8ne haut-savoyard Dawson Herleman en demi-finale (13-6) et l&rsquo;\u00e9quipe d&rsquo;Henri Lacroix en quarts (13-3)<\/p>\n<p>Ce contenu est bloqu\u00e9 car vous n&rsquo;avez pas accept\u00e9 les cookies et autres traceurs.<\/p>\n<p>En cliquant sur \u00ab J\u2019accepte \u00bb, les cookies et autres traceurs seront d\u00e9pos\u00e9s et vous pourrez visualiser les contenus  (<a href=\"\" class=\"consentModule_policy\" target=\"_blank\" title=\"Consulter la politique de protection des donn\u00e9es du fournisseur\">plus d&rsquo;informations<\/a>).<\/p>\n<p>En cliquant sur \u00ab J\u2019accepte tous les cookies \u00bb, vous autorisez des d\u00e9p\u00f4ts de cookies et autres traceurs pour le stockage de vos donn\u00e9es sur nos sites et applications \u00e0 des fins de personnalisation et de ciblage publicitaire.<\/p>\n<p class=\"consentModule_secondaryText\">Vous gardez la possibilit\u00e9 de retirer votre consentement \u00e0 tout moment en consultant notre <a href=\"https:\/\/www.ledauphine.com\/protection-des-donnees\" target=\"_blank\" title=\"Consulter notre politique de protection des donn\u00e9es\" rel=\"noopener\">politique de protection des donn\u00e9es<\/a>. <br \/>&#13;<br \/>\n            <a href=\"https:\/\/www.ledauphine.com\/sport\/2025\/10\/20\/javascript:Didomi.notice.show()\" class=\"consentModule_cmp\" target=\"_blank\" rel=\"noopener\">G\u00e9rer mes choix<\/a>&#13;\n        <\/p>\n<p>&#13;<br \/>\n                        J&rsquo;accepte&#13;<br \/>\n            J&rsquo;accepte tous les cookies&#13;\n        <\/p>\n<p>Le jeune rumillien (15 ans) confirme toute l&rsquo;\u00e9tendue de son talent apr\u00e8s son succ\u00e8s au PPF d&rsquo;Ajaccio <a href=\"https:\/\/www.ledauphine.com\/sport\/2025\/09\/29\/a-14-ans-le-rumillien-herleman-brille-a-ajaccio\" target=\"_blank\" rel=\"noopener\">il y a trois semaines<\/a><\/p>\n<p>Rocher, troisi\u00e8me du classement des Top 1000<\/p>\n<p>A noter qu&rsquo;avant le dernier des 35 Top 1000 de l&rsquo;ann\u00e9e pr\u00e9vu \u00e0 Saint-Tropez le 1er novembre et selon nos confr\u00e8res de <a href=\"https:\/\/docs.google.com\/spreadsheets\/d\/139OgmCqOucOT9luP-FlHKgrkeD_7at_p4iZzIoYxYcs\/edit?gid=414449349#gid=414449349\" target=\"_blank\" rel=\"noopener\">Boulistenaute<\/a>, c&rsquo;est Henri Lacroix qui m\u00e8ne le classement qualificatif pour le Masters de P\u00e9tanque avec 68 points devant Myron Baudino (61) et&#8230; Dylan Rocher (60)<\/p>\n","protected":false},"excerpt":{"rendered":"Dylan Rocher, vainqueur du tir de pr\u00e9cision vendredi, a-t-il trouv\u00e9 la bonne formule en triplette avec St\u00e9phane Robineau&hellip;\n","protected":false},"author":2,"featured_media":476205,"comment_status":"","ping_status":"","sticky":false,"template":"","format":"standard","meta":{"footnotes":""},"categories":[2819],"tags":[1111,11,2730,2737,2735,1777,674,1701,1011,27,4638,12,2401,882,25,1479,2736,47496,517,2733,2734],"class_list":{"0":"post-476204","1":"post","2":"type-post","3":"status-publish","4":"format-standard","5":"has-post-thumbnail","7":"category-nice","8":"tag-actu","9":"tag-actualites","10":"tag-drome","11":"tag-edition-romans-nord-drome","12":"tag-edition-valence-rhone-crussol-vallee-de-la-drome","13":"tag-eu","14":"tag-europe","15":"tag-fil-info-sport","16":"tag-fr","17":"tag-france","18":"tag-haute-savoie","19":"tag-news","20":"tag-nice","21":"tag-provence-alpes-cote-dazur","22":"tag-republique-francaise","23":"tag-romans","24":"tag-romans-sur-isere","25":"tag-rumilly","26":"tag-sport","27":"tag-valence","28":"tag-valence-bassin"},"share_on_mastodon":{"url":"https:\/\/pubeurope.com\/@fr\/115404535501093266","error":""},"_links":{"self":[{"href":"https:\/\/www.europesays.com\/fr\/wp-json\/wp\/v2\/posts\/476204","targetHints":{"allow":["GET"]}}],"collection":[{"href":"https:\/\/www.europesays.com\/fr\/wp-json\/wp\/v2\/posts"}],"about":[{"href":"https:\/\/www.europesays.com\/fr\/wp-json\/wp\/v2\/types\/post"}],"author":[{"embeddable":true,"href":"https:\/\/www.europesays.com\/fr\/wp-json\/wp\/v2\/users\/2"}],"replies":[{"embeddable":true,"href":"https:\/\/www.europesays.com\/fr\/wp-json\/wp\/v2\/comments?post=476204"}],"version-history":[{"count":0,"href":"https:\/\/www.europesays.com\/fr\/wp-json\/wp\/v2\/posts\/476204\/revisions"}],"wp:featuredmedia":[{"embeddable":true,"href":"https:\/\/www.europesays.com\/fr\/wp-json\/wp\/v2\/media\/476205"}],"wp:attachment":[{"href":"https:\/\/www.europesays.com\/fr\/wp-json\/wp\/v2\/media?parent=476204"}],"wp:term":[{"taxonomy":"category","embeddable":true,"href":"https:\/\/www.europesays.com\/fr\/wp-json\/wp\/v2\/categories?post=476204"},{"taxonomy":"post_tag","embeddable":true,"href":"https:\/\/www.europesays.com\/fr\/wp-json\/wp\/v2\/tags?post=476204"}],"curies":[{"name":"wp","href":"https:\/\/api.w.org\/{rel}","templated":true}]}}