{"id":476221,"date":"2025-10-20T04:18:13","date_gmt":"2025-10-20T04:18:13","guid":{"rendered":"https:\/\/www.europesays.com\/fr\/476221\/"},"modified":"2025-10-20T04:18:13","modified_gmt":"2025-10-20T04:18:13","slug":"scanner-irm-un-nouveau-centre-dimagerie-ultramoderne-au-chu-de-lille","status":"publish","type":"post","link":"https:\/\/www.europesays.com\/fr\/476221\/","title":{"rendered":"Scanner, IRM\u2026 Un nouveau centre d\u2019imagerie ultramoderne au CHU de Lille"},"content":{"rendered":"<p>            Par<br \/>\n        <strong><br \/>\n            <a href=\"https:\/\/actu.fr\/auteur\/amandine-vachez\" title=\"Consulter tous les articles de Amandine Vachez\" target=\"_blank\" rel=\"noopener\">Amandine Vachez<\/a><br \/>\n        <\/strong><\/p>\n<p>        Publi\u00e9 le<\/p>\n<p>            20 oct. 2025 \u00e0 6h08        <\/p>\n<p>Il y a eu du mouvement dans le <a href=\"https:\/\/actu.fr\/tag\/chu-de-lille\" target=\"_blank\" rel=\"noopener\">CHU de Lille<\/a> (Nord) ces derniers mois. Le b\u00e2timent du <b>CIAL, Consultation et imagerie de l\u2019appareil locomoteur<\/b>, situ\u00e9 pr\u00e8s de l\u2019<b>h\u00f4pital Roger Salengro<\/b>, a vu plusieurs \u00e9quipements \u00e0 la pointe int\u00e9grer ses murs. <b>Radio, \u00e9chographie, scanner et IRM<\/b>\u2009: en<b> octobre\u00a02025, le nouveau centre d\u2019imagerie ultramoderne<\/b>, ouvert aux patients de l\u2019h\u00f4pital, mais aussi de l\u2019ext\u00e9rieur, a \u00e9t\u00e9 officiellement inaugur\u00e9. Le Pr Anne Cotten, cheffe du service de radiologie et imagerie musculosquelettique du CIAL, pr\u00e9sente \u00e0 <a href=\"https:\/\/actu.fr\/lille\/\" target=\"_blank\" rel=\"noopener\">Lille actu<\/a> ce mat\u00e9riel \u00e0 la pointe.<\/p>\n<p>\u00ab\u2009Aller le plus loin possible dans l\u2019analyse\u2009\u00bb<\/p>\n<p class=\" wall-content\">Quatre secteurs sont regroup\u00e9s dans ce centre\u00a0\u00e0 la pointe de l\u2019innovation\u2009:<\/p>\n<ul class=\" wall-content\">\n<li>radiologie musculosquelettique conventionnelle et interventionnelle,<\/li>\n<li>\u00e9chographie musculosquelettique diagnostique et interventionnelle,<\/li>\n<li>scanner ultra-haut r\u00e9solution,<\/li>\n<li>deux IRM (3T et 1,5\u00a0T pour les enfants) ultra-performante, int\u00e9grant les derni\u00e8res \u00e9volutions technologiques notamment l\u2019IA et une ambiance zen.<\/li>\n<\/ul>\n<p class=\" wall-content\">Ce plateau technique a \u00e9t\u00e9 s\u00e9lectionn\u00e9 par les \u00e9quipes du CHU de Lille, et acquis gr\u00e2ce \u00e0 des partenariats europ\u00e9ens, indique le Pr Cotten. Elle pr\u00e9cise qu\u2019il est centr\u00e9 sur la <b>th\u00e9matique du musculosquelettique<\/b>, qui compose une tr\u00e8s large part des examens.<\/p>\n<p>    <img   decoding=\"async\" loading=\"lazy\" class=\"size-large\" src=\"https:\/\/www.europesays.com\/fr\/wp-content\/uploads\/2025\/10\/55e6637f42f8659e6637f42f81de66v-960x640.jpg\" alt=\"Le CIAL, situ\u00e9 pr\u00e8s de l'h\u00f4pital Roger Salengro au CHU de Lille (Nord), accueille des patients ext\u00e9rieurs en semaine. Ce qui r\u00e9gule les flux dans l'\u00e9tablissement attenant et permet d'optimiser le parcours patient.\" width=\"960\" height=\"640\"\/><br \/>\n    Le CIAL, situ\u00e9 pr\u00e8s de l\u2019h\u00f4pital Roger Salengro au CHU de Lille (Nord), accueille des patients ext\u00e9rieurs en semaine. Ce qui r\u00e9gule les flux dans l\u2019\u00e9tablissement attenant et permet d\u2019optimiser le parcours patient. \u00a9Amandine Vachez<\/p>\n<p class=\" wall-content\">Au-del\u00e0 d\u2019un confort am\u00e9lior\u00e9 pour les patients et d\u2019examens d\u2019une dur\u00e9e r\u00e9duite, ce mat\u00e9riel est r\u00e9volutionnaire, pour les praticiens. \u00ab\u2009Nous b\u00e9n\u00e9ficions d\u2019une tr\u00e8s haute r\u00e9solution. L\u2019id\u00e9e est, pour nous, d<b>\u2019aller le plus loin possible dans l\u2019analyse de la structure, dans les microd\u00e9tails<\/b>\u2009\u00bb, pr\u00e9cise la cheffe de service. \u00ab\u2009Il a m\u00eame fallu s\u2019habituer, tant on voit des \u00e9l\u00e9ments que l\u2019on n\u2019a pas l\u2019habitude de voir\u2009\u00bb.<\/p>\n<p class=\" wall-content\">Le scanner, \u00e0 ultra-haute r\u00e9solution, 2e du type en France, offre <b>une meilleure r\u00e9solution gr\u00e2ce \u00e0 l\u2019IA<\/b>, <a href=\"https:\/\/actu.fr\/tag\/intelligence-artificielle\" target=\"_blank\" rel=\"noopener\">Intelligence artificielle<\/a>, qui isole les artefacts*. Concernant l\u2019IRM, c\u2019est sensiblement la m\u00eame chose. \u00ab\u2009La ultra-haute r\u00e9solution permet de faciliter la d\u00e9tection de l\u00e9sions difficiles\u2009\u00bb, explique la sp\u00e9cialiste.<\/p>\n<p class=\" wall-content\">Tout ceci va permettre aux m\u00e9decins de d\u00e9tecter de nouvelles choses et, a fortiori, de<b> proposer un suivi plus fin pour les patients<\/b>. \u00ab\u2009C\u2019est une vraie avanc\u00e9e pour nous. \u00c7a nous change la vie\u2009!\u2009\u00bb<\/p>\n<blockquote class=\"ac-article-quote wall-content\">\n<p>\u00ab\u2009En optimisant la r\u00e9solution, on va plus loin dans la performance diagnostic sur de petites l\u00e9sions.\u2009\u00bb<\/p>\n<p>Pr Anne Cotten, cheffe du service de radiologie et imagerie musculosquelettique du CIAL.<\/p><\/blockquote>\n<p>Votre r\u00e9gion, votre actu !<\/p>\n<p>Recevez chaque jour les infos qui comptent pour vous.<\/p>\n<p>\t<a href=\"https:\/\/actu.fr\/newsletter\" class=\"ac-btn ac-btn--corner ac-btn--medium ac-btn--blue800\" target=\"_blank\" rel=\"noopener\">S&rsquo;incrire<\/a><\/p>\n<p>    <img   decoding=\"async\" loading=\"lazy\" class=\"size-large\" src=\"https:\/\/www.europesays.com\/fr\/wp-content\/uploads\/2025\/10\/79bb37fd42f867dbb37fd42f841cb3v-960x640.jpg\" alt=\"L'\u00e9quipement ultra-moderne du CIAL du CHU de Lille (Nord) permet une prise en charge optimis\u00e9e des patients, et offre surtout une r\u00e9solution beaucoup plus pouss\u00e9e, favorisant la lecture des images captur\u00e9es lors de l'examen.\" width=\"960\" height=\"640\"\/><br \/>\n    L\u2019\u00e9quipement ultramoderne du CIAL du CHU de Lille (Nord) permet une prise en charge optimis\u00e9e des patients, et offre surtout une r\u00e9solution beaucoup plus pouss\u00e9e, favorisant la lecture des images captur\u00e9es lors de l\u2019examen. \u00a9Davy Rigault \/ Direction de la communication \/ CHU de LilleUn parcours patient optimis\u00e9<\/p>\n<p class=\" wall-content\">Le centre, qui r\u00e9alisera<b> plus de 20\u2009 000 examens musculosquelettiques et p\u00e9diatriques chaque ann\u00e9e<\/b>, est accessible aux patients externes en semaine, du lundi au vendredi de 8\u2009h \u00e0 18\u2009h. Il permet \u00ab\u2009une prise en charge optimale des adultes comme des enfants, avec un plateau adapt\u00e9 aux personnes \u00e0 mobilit\u00e9 r\u00e9duite et des parcours de soins plus clairs\u2009\u00bb, appuie le CHU. Plusieurs examens peuvent \u00eatre combin\u00e9s sur un temps donn\u00e9, ce qui facilite le parcours de la patient\u00e8le, notamment chez les enfants\u2009: les rendez-vous sont concentr\u00e9s le mercredi pour limiter l\u2019\u00e9viction scolaire.<\/p>\n<p class=\" wall-content\">Au-del\u00e0 de ce parc de haute technologie, <b>le parcours patient a \u00e9t\u00e9 repens\u00e9 notamment pour les enfants et leurs parents. <\/b>\u00ab\u2009On a voulu proposer quelque chose de plus pouss\u00e9, pour rassurer les enfants et leurs parents\u2009\u00bb, expose Bryan Brysbaert, cadre de sant\u00e9. D\u00e9cors, personnel form\u00e9 \u00e0 l\u2019accueil de ces publics\u2026 L\u2019IRM p\u00e9diatrique permet aussi une prise en charge plus adapt\u00e9e du jeune public, avec un casque audio, un miroir qui permet de voir la t\u00e9l\u00e9\u2026 \u00ab\u2009C\u2019est important, car le patient doit rester immobile le plus possible, et ce n\u2019est pas \u00e9vident pour les enfants\u2009\u00bb, rappelle le cadre de sant\u00e9. Prochaine \u00e9tape\u2009: les finitions d\u00e9co dans le service \u2009!<\/p>\n<p>    <img   decoding=\"async\" loading=\"lazy\" class=\"size-large\" src=\"https:\/\/www.europesays.com\/fr\/wp-content\/uploads\/2025\/10\/820528fd42f86760528fd42f85a052v-960x640.jpg\" alt=\"Dot\u00e9 des derni\u00e8res innovations technologiques, ce centre d'imagerie \" optimise=\"\" la=\"\" prise=\"\" en=\"\" charge=\"\" des=\"\" patients=\"\" gr=\"\" examens=\"\" plus=\"\" rapides=\"\" pr=\"\" et=\"\" int=\"\" au=\"\" parcours=\"\" de=\"\" soins=\"\" expose=\"\" le=\"\" cotten=\"\" du=\"\" chu=\"\" lille.=\"\" width=\"960\" height=\"640\"\/><br \/>\n    Dot\u00e9 des derni\u00e8res innovations technologiques, ce centre d\u2019imagerie \u00ab\u2009optimise la prise en charge des patients gr\u00e2ce \u00e0 des examens plus rapides, plus pr\u00e9cis et int\u00e9gr\u00e9s au parcours de soins\u2009\u00bb, expose le Pr Cotten, du CHU de Lille. \u00a9Davy Rigault \/ Direction de la communication \/ CHU de Lille\u00ab\u2009Les radiologues voient la lumi\u00e8re du jour\u2009\u00bb<\/p>\n<p class=\" wall-content\">Ce centre d\u2019imagerie est une belle vitrine pour le CHU de Lille et plus g\u00e9n\u00e9ralement la r\u00e9gion Hauts-de-France, sur l\u2019\u00e9chiquier national et international. Il est, selon les \u00e9chos du Pr Cotten, tr\u00e8s appr\u00e9ci\u00e9 des praticiens, familiaris\u00e9s avec ce qui se fait de mieux dans leur domaine\u2009! D\u2019ailleurs, le CHU insiste sur le fait que les \u00e9quipes ont \u00e9t\u00e9 impliqu\u00e9es dans l\u2019\u00e9laboration de ce projet. Soit <b>15 radiologues, un cadre de sant\u00e9, 25 manipulateurs et huit secr\u00e9taires<\/b>, qui ont \u00e9t\u00e9 consult\u00e9s pour le<b> choix des \u00e9quipements, l\u2019ergonomie des locaux et l\u2019organisation de travail. <\/b>Le Pr Cotten souligne enfin un fait \u00ab\u2009qui peut sembler anecdotique mais a son importance\u2009: dans le b\u00e2timent, les radiologues voient la lumi\u00e8re du jour.\u2009\u00bb<\/p>\n<p>*artefact n.m. En imagerie, image anormale cr\u00e9\u00e9e par la technique, sans signification diagnostique, mais pouvant g\u00eaner l\u2019interpr\u00e9tation. Source\u2009: <a href=\"https:\/\/www.academie-medecine.fr\/le-dictionnaire\/index.php?q=flux%20%28artefact%20de%29#:~:text=artefact%20n.m.&amp;text=En%20imagerie%2C%20image%20anormale%20cr%C3%A9%C3%A9e,mais%20pouvant%20g%C3%AAner%20l&#039;interpr%C3%A9tation.\" target=\"_blank\" rel=\"noopener\">Acad\u00e9mie nationale de m\u00e9decine<\/a>.<\/p>\n<p class=\" wall-content\">Personnalisez votre actualit\u00e9 en ajoutant vos villes et m\u00e9dias en favori avec <a href=\"https:\/\/moncompte.actu.fr\" title=\"D\u00e9couvez Mon Actu\" rel=\"nofollow noopener\" data-trk=\"{&quot;cta&quot;:{&quot;action&quot;:&quot;https:\\\/\\\/moncompte.actu.fr&quot;,&quot;category&quot;:&quot;mon compte&quot;,&quot;from&quot;:&quot;article footer&quot;,&quot;name&quot;:&quot;Mon actu&quot;,&quot;type&quot;:&quot;cta&quot;}}\" target=\"_blank\">Mon Actu<\/a>.<\/p>\n","protected":false},"excerpt":{"rendered":"Par Amandine Vachez Publi\u00e9 le 20 oct. 2025 \u00e0 6h08 Il y a eu du mouvement dans le&hellip;\n","protected":false},"author":2,"featured_media":476222,"comment_status":"","ping_status":"","sticky":false,"template":"","format":"standard","meta":{"footnotes":""},"categories":[2815],"tags":[1111,11,25689,1777,674,1011,27,811,223,1307,12,25,71,104],"class_list":{"0":"post-476221","1":"post","2":"type-post","3":"status-publish","4":"format-standard","5":"has-post-thumbnail","7":"category-lille","8":"tag-actu","9":"tag-actualites","10":"tag-chu-de-lille","11":"tag-eu","12":"tag-europe","13":"tag-fr","14":"tag-france","15":"tag-hauts-de-france","16":"tag-intelligence-artificielle","17":"tag-lille","18":"tag-news","19":"tag-republique-francaise","20":"tag-sante","21":"tag-societe"},"share_on_mastodon":{"url":"https:\/\/pubeurope.com\/@fr\/115404571491922781","error":""},"_links":{"self":[{"href":"https:\/\/www.europesays.com\/fr\/wp-json\/wp\/v2\/posts\/476221","targetHints":{"allow":["GET"]}}],"collection":[{"href":"https:\/\/www.europesays.com\/fr\/wp-json\/wp\/v2\/posts"}],"about":[{"href":"https:\/\/www.europesays.com\/fr\/wp-json\/wp\/v2\/types\/post"}],"author":[{"embeddable":true,"href":"https:\/\/www.europesays.com\/fr\/wp-json\/wp\/v2\/users\/2"}],"replies":[{"embeddable":true,"href":"https:\/\/www.europesays.com\/fr\/wp-json\/wp\/v2\/comments?post=476221"}],"version-history":[{"count":0,"href":"https:\/\/www.europesays.com\/fr\/wp-json\/wp\/v2\/posts\/476221\/revisions"}],"wp:featuredmedia":[{"embeddable":true,"href":"https:\/\/www.europesays.com\/fr\/wp-json\/wp\/v2\/media\/476222"}],"wp:attachment":[{"href":"https:\/\/www.europesays.com\/fr\/wp-json\/wp\/v2\/media?parent=476221"}],"wp:term":[{"taxonomy":"category","embeddable":true,"href":"https:\/\/www.europesays.com\/fr\/wp-json\/wp\/v2\/categories?post=476221"},{"taxonomy":"post_tag","embeddable":true,"href":"https:\/\/www.europesays.com\/fr\/wp-json\/wp\/v2\/tags?post=476221"}],"curies":[{"name":"wp","href":"https:\/\/api.w.org\/{rel}","templated":true}]}}