{"id":476223,"date":"2025-10-20T04:19:10","date_gmt":"2025-10-20T04:19:10","guid":{"rendered":"https:\/\/www.europesays.com\/fr\/476223\/"},"modified":"2025-10-20T04:19:10","modified_gmt":"2025-10-20T04:19:10","slug":"marseille-bouygues-telecom-fait-plier-benoit-payan-une-antenne-va-pousser-dans-ce-quartier","status":"publish","type":"post","link":"https:\/\/www.europesays.com\/fr\/476223\/","title":{"rendered":"Marseille. Bouygues T\u00e9l\u00e9com fait plier Beno\u00eet Payan, une antenne va pousser dans ce quartier"},"content":{"rendered":"<p>            Par<br \/>\n        <strong><br \/>\n            <a href=\"https:\/\/actu.fr\/auteur\/redaction-marseille\" title=\"Consulter tous les articles de R\u00e9daction Marseille\" target=\"_blank\" rel=\"noopener\">R\u00e9daction Marseille<\/a><br \/>\n        <\/strong><\/p>\n<p>        Publi\u00e9 le<\/p>\n<p>            20 oct. 2025 \u00e0 6h05        <\/p>\n<p>Le tribunal administratif de Marseille a fait \u00ab\u2009injonction\u2009\u00bb \u00e0 <a href=\"https:\/\/actu.fr\/tag\/benoit-payan\" target=\"_blank\" rel=\"noopener\">Beno\u00eet Payan<\/a> de ne plus s\u2019opposer \u00e0 Bouygues T\u00e9l\u00e9com et \u00e0 un de ses sous-traitants pour installer une antenne-relais pr\u00e8s de <strong>l\u2019Oppidum du Verduron,<\/strong> dans le 15e arrondissement de <a href=\"https:\/\/actu.fr\/marseille\/\" target=\"_blank\" rel=\"noopener\">Marseille<\/a> (<a href=\"https:\/\/actu.fr\/provence-alpes-cote-d-azur\/bouches-du-rhone_13\" target=\"_blank\" rel=\"noopener\">Bouches-du-Rh\u00f4ne<\/a>), sous la forme d\u2019un \u00ab\u2009cypr\u00e8s factice\u2009\u00bb. Le 4\u00a0janvier 2024, le maire (ex-PS) de Marseille s\u2019\u00e9tait en effet oppos\u00e9 au chantier en s\u2019appuyant sur un \u00ab\u2009avis d\u00e9favorable\u2009\u00bb de l\u2019architecte des B\u00e2timents de France (ABF). Cette antenne de <strong>huit m\u00e8tres de haut<\/strong> pr\u00e9vue au 39 impasse du Plateau allait avoir \u00ab\u2009un impact paysager consid\u00e9rable\u2009\u00bb du fait de la \u00ab\u2009position dominante\u2009\u00bb du terrain et allait \u00ab\u2009contraster avec son environnement architectural et paysager\u2009\u00bb, redoutait-il.<\/p>\n<p>\u00c0 c\u00f4t\u00e9 d\u2019une autre antenne d\u2019Orange<\/p>\n<p class=\" wall-content\">\u00ab\u2009L\u2019antenne-relais projet\u00e9e se pr\u00e9sente <strong>sous la forme d\u2019un cypr\u00e8s factice<\/strong> [\u2026] implant\u00e9 dans une zone technique [\u2026] de 20 m\u00b2 bord\u00e9e de palissades en bois de deux m\u00e8tres de haut [\u2026] \u00e0 quelques m\u00e8tres seulement d\u2019une antenne [\u2026] appartenant \u00e0 [\u2026] Orange\u2009\u00bb, commence toutefois par recontextualiser le tribunal administratif de Marseille dans un jugement en date du 23\u00a0septembre 2025 qui vient d\u2019\u00eatre rendu public.<\/p>\n<p class=\" wall-content\">\u00ab\u2009Cette zone technique se situe dans une zone r\u00e9sidentielle compos\u00e9e de maisons individuelles de type proven\u00e7al ou moderne, situ\u00e9e \u00e0 200\u00a0m\u00e8tres [\u2026] de l\u2019Oppidum du Verduron\u2009\u00bb, pr\u00e9cisent les juges \u00e0 propos de <strong>ce site du IIIe\u00a0si\u00e8cle avant J\u00e9sus-Christ et class\u00e9 aux Monuments historiques.<\/strong> \u00ab\u2009Si le site ne pr\u00e9sente pas d\u2019int\u00e9r\u00eat architectural ou patrimonial particulier, [\u2026] il offre toutefois une perspective non d\u00e9nu\u00e9e d\u2019int\u00e9r\u00eat sur le promontoire o\u00f9 est juch\u00e9 l\u2019Oppidum.\u2009\u00bb<\/p>\n<p>    <a href=\"https:\/\/www.google.com\/maps\/embed?pb=!1m18!1m12!1m3!1d2684.925583441558!2d5.335339611285992!3d43.37340937036217!2m3!1f0!2f0!3f0!3m2!1i1024!2i768!4f13.1!3m3!1m2!1s0x12c9ea6ec8e3aae3%3A0xd1568559843fe2c7!2s39%20Imp.%20du%20Plateau%2C%2013015%20Marseille!5e1!3m2!1sfr!2sfr!4v1760932776938!5m2!1sfr!2sfr\" title=\"Ouvrie le lien\" target=\"_blank\" rel=\"noopener\">Cliquez ici pour visualiser le contenu<\/a><\/p>\n<p>\u00ab\u2009Presque pas de v\u00e9g\u00e9tation\u2009\u00bb<\/p>\n<p class=\" wall-content\">\u00ab\u2009Toutefois, en d\u00e9pit du caract\u00e8re remarquable ind\u00e9niable de son environnement, le projet est de taille modeste\u2009\u00bb, consid\u00e8rent les juges. \u00ab\u2009La v\u00e9g\u00e9tation, certes clairsem\u00e9e mais bien pr\u00e9sente, a pour effet de limiter la visibilit\u00e9 des palissades.\u2009\u00bb Et, dans la mesure o\u00f9 l\u2019antenne-relais de Bouygues sera \u00ab\u2009dans l\u2019alignement est-ouest\u2009\u00bb d\u2019une maison et d\u2019une antenne-relais, <strong>elle \u00ab\u2009n\u2019aura pas pour effet de saturer visuellement\u2009\u00bb le paysage,<\/strong> comme le soutenait pourtant le maire de Marseille.<\/p>\n<p class=\" wall-content\">Les juges estiment aussi que cette construction <strong>ne va pas porter atteinte \u00e0 la v\u00e9g\u00e9tation pr\u00e9sente dans le secteur.<\/strong> \u00ab\u2009La partie sur laquelle sont pr\u00e9vus les travaux ne comporte presque pas de v\u00e9g\u00e9tation\u2009\u00bb, souligne en effet le tribunal administratif de Marseille.<\/p>\n<p class=\" wall-content\">\u00ab\u2009Si la commune soutient que les fondations [\u2026] nuiraient au d\u00e9veloppement radiculaire d\u2019un arbre prot\u00e9g\u00e9 situ\u00e9 \u00e0 proximit\u00e9, elle ne l\u2019\u00e9tablit nullement.\u2009\u00bb L\u2019antenne-relais de Bouygues T\u00e9l\u00e9com sera au demeurant \u00ab\u2009\u00e9loign\u00e9e de plusieurs m\u00e8tres\u2009\u00bb de cet arbre, font observer les trois juges.<\/p>\n<p>Votre r\u00e9gion, votre actu !<\/p>\n<p>Recevez chaque jour les infos qui comptent pour vous.<\/p>\n<p>\t<a href=\"https:\/\/actu.fr\/newsletter\" class=\"ac-btn ac-btn--corner ac-btn--medium ac-btn--blue800\" target=\"_blank\" rel=\"noopener\">S&rsquo;incrire<\/a><br \/>\nLe maire doit signifier\u00a0sa \u00ab\u2009non-opposition\u2009\u00bb<\/p>\n<p class=\" wall-content\">\u00ab\u2009Eu \u00e9gard \u00e0 la faible ampleur du projet, \u00e0 l\u2019absence de d\u00e9frichement [\u2026] et au tr\u00e8s faible passage humain que g\u00e9n\u00e9rera la construction une fois termin\u00e9e [\u2026], <strong>le projet n\u2019est pas de nature \u00e0 compromettre la conservation [\u2026] du boisement environnant<\/strong>\u2009\u00bb, conclut le tribunal.<\/p>\n<p class=\" wall-content\">Les \u00ab\u2009incoh\u00e9rences\u2009\u00bb et \u00ab\u2009inexactitudes\u2009\u00bb entre les diff\u00e9rentes pi\u00e8ces du dossier de d\u00e9claration pr\u00e9alable de travaux sont par ailleurs \u00ab\u2009marginales\u2009\u00bb et \u00ab\u2009n\u2019emportent <strong>aucune cons\u00e9quence sur la qualit\u00e9 de l\u2019insertion du projet<\/strong>\u2009\u00bb.<\/p>\n<p class=\" wall-content\">Beno\u00eet Payan a donc \u00e9t\u00e9 somm\u00e9 de signifier sa \u00ab\u2009non-opposition\u2009\u00bb au projet d\u2019ici au 23\u00a0octobre 2025\u2009; <strong>la ville devra aussi verser 1300 euros \u00e0 Bouygues<\/strong> et \u00e0 son sous-traitant Cellnex France pour leurs frais de justice.<\/p>\n<p>MJ et GF \/ PressPepper<\/p>\n<p class=\" wall-content\">Personnalisez votre actualit\u00e9 en ajoutant vos villes et m\u00e9dias en favori avec <a href=\"https:\/\/moncompte.actu.fr\" title=\"D\u00e9couvez Mon Actu\" rel=\"nofollow noopener\" data-trk=\"{&quot;cta&quot;:{&quot;action&quot;:&quot;https:\\\/\\\/moncompte.actu.fr&quot;,&quot;category&quot;:&quot;mon compte&quot;,&quot;from&quot;:&quot;article footer&quot;,&quot;name&quot;:&quot;Mon actu&quot;,&quot;type&quot;:&quot;cta&quot;}}\" target=\"_blank\">Mon Actu<\/a>.<\/p>\n","protected":false},"excerpt":{"rendered":"Par R\u00e9daction Marseille Publi\u00e9 le 20 oct. 2025 \u00e0 6h05 Le tribunal administratif de Marseille a fait \u00ab\u2009injonction\u2009\u00bb&hellip;\n","protected":false},"author":2,"featured_media":476224,"comment_status":"","ping_status":"","sticky":false,"template":"","format":"standard","meta":{"footnotes":""},"categories":[2814],"tags":[1111,11,33810,6469,1777,674,118,1011,27,303,884,12,882,25],"class_list":{"0":"post-476223","1":"post","2":"type-post","3":"status-publish","4":"format-standard","5":"has-post-thumbnail","7":"category-marseille","8":"tag-actu","9":"tag-actualites","10":"tag-antenne-relais","11":"tag-benoit-payan","12":"tag-eu","13":"tag-europe","14":"tag-faits-divers","15":"tag-fr","16":"tag-france","17":"tag-justice","18":"tag-marseille","19":"tag-news","20":"tag-provence-alpes-cote-dazur","21":"tag-republique-francaise"},"share_on_mastodon":{"url":"https:\/\/pubeurope.com\/@fr\/115404575337554193","error":""},"_links":{"self":[{"href":"https:\/\/www.europesays.com\/fr\/wp-json\/wp\/v2\/posts\/476223","targetHints":{"allow":["GET"]}}],"collection":[{"href":"https:\/\/www.europesays.com\/fr\/wp-json\/wp\/v2\/posts"}],"about":[{"href":"https:\/\/www.europesays.com\/fr\/wp-json\/wp\/v2\/types\/post"}],"author":[{"embeddable":true,"href":"https:\/\/www.europesays.com\/fr\/wp-json\/wp\/v2\/users\/2"}],"replies":[{"embeddable":true,"href":"https:\/\/www.europesays.com\/fr\/wp-json\/wp\/v2\/comments?post=476223"}],"version-history":[{"count":0,"href":"https:\/\/www.europesays.com\/fr\/wp-json\/wp\/v2\/posts\/476223\/revisions"}],"wp:featuredmedia":[{"embeddable":true,"href":"https:\/\/www.europesays.com\/fr\/wp-json\/wp\/v2\/media\/476224"}],"wp:attachment":[{"href":"https:\/\/www.europesays.com\/fr\/wp-json\/wp\/v2\/media?parent=476223"}],"wp:term":[{"taxonomy":"category","embeddable":true,"href":"https:\/\/www.europesays.com\/fr\/wp-json\/wp\/v2\/categories?post=476223"},{"taxonomy":"post_tag","embeddable":true,"href":"https:\/\/www.europesays.com\/fr\/wp-json\/wp\/v2\/tags?post=476223"}],"curies":[{"name":"wp","href":"https:\/\/api.w.org\/{rel}","templated":true}]}}