{"id":476229,"date":"2025-10-20T04:22:12","date_gmt":"2025-10-20T04:22:12","guid":{"rendered":"https:\/\/www.europesays.com\/fr\/476229\/"},"modified":"2025-10-20T04:22:12","modified_gmt":"2025-10-20T04:22:12","slug":"a-quoi-sattendre-cette-semaine-2","status":"publish","type":"post","link":"https:\/\/www.europesays.com\/fr\/476229\/","title":{"rendered":"\u00e0 quoi s\u2019attendre cette semaine"},"content":{"rendered":"<p>Les automobilistes lyonnais vont devoir faire preuve de patience cette semaine. Plusieurs chantiers nocturnes sont programm\u00e9s et perturberont fortement la circulation sur plusieurs axes majeurs du Rh\u00f4ne, entre le lundi\u00a020 et le jeudi 23\u00a0octobre.<\/p>\n<p>  Fermetures totales sur la N346<\/p>\n<p>Des travaux d\u2019entretien de la chauss\u00e9e et des \u00e9quipements n\u00e9cessiteront la fermeture compl\u00e8te de la N346, chaque nuit de 20h \u00e0 6h, entre le n\u0153ud de Manissieux et le n\u0153ud des \u00celes.<\/p>\n<p>  Perturbations sur l\u2019A46 Nord et le p\u00e9riph\u00e9rique<\/p>\n<p>L\u2019A46N et le p\u00e9riph\u00e9rique nord\/sud seront \u00e9galement impact\u00e9s. Entre le n\u0153ud des \u00c9chets et celui d\u2019Anse, ainsi qu\u2019entre les Essarts et Saint-Fons, la circulation sera totalement interrompue de 20h \u00e0 5h.<\/p>\n<p>  Fermeture de bretelles au n\u0153ud de Manissieux<\/p>\n<p>Au n\u0153ud de Manissieux, la bretelle de l\u2019A46S en direction nord (vers l\u2019A43 Lyon) sera ferm\u00e9e, aux m\u00eames horaires.<\/p>\n<p>  Coupure de la liaison vers Gen\u00e8ve<\/p>\n<p>Le n\u0153ud des \u00celes pr\u00e9voit \u00e9galement une fermeture totale de la bretelle de liaison entre l\u2019A42 Lyon et l\u2019A42 Gen\u00e8ve.<\/p>\n<p>  Circulation r\u00e9duite \u00e0 une voie sur certains tron\u00e7ons<\/p>\n<p>Toujours sur la N346, entre les n\u0153uds des \u00celes et de Manissieux, la circulation se fera sur une seule voie de 20h \u00e0 5h. M\u00eame situation sur l\u2019A47, entre le n\u0153ud de Ternay et Givors, ainsi que sur le p\u00e9riph\u00e9rique nord, entre les \u00e9changeurs de la porte de la Pape et de la porte de Rochecardon.<\/p>\n<p>  Fermetures sur l\u2019A46 Sud en direction de Paris<\/p>\n<p>Enfin, deux bretelles d\u2019entr\u00e9e de l\u2019A46S, les n\u00b011 et\u00a012, en direction de Paris, seront ferm\u00e9es de 20h \u00e0 6h.<\/p>\n","protected":false},"excerpt":{"rendered":"Les automobilistes lyonnais vont devoir faire preuve de patience cette semaine. Plusieurs chantiers nocturnes sont programm\u00e9s et perturberont&hellip;\n","protected":false},"author":2,"featured_media":476230,"comment_status":"","ping_status":"","sticky":false,"template":"","format":"standard","meta":{"footnotes":""},"categories":[1889],"tags":[1111,11,42403,2430,3542,3152,2757,3153,3154,3155,3156,1777,674,107,1011,27,2428,2756,12,25,2429,4605,2803],"class_list":{"0":"post-476229","1":"post","2":"type-post","3":"status-publish","4":"format-standard","5":"has-post-thumbnail","7":"category-lyon","8":"tag-actu","9":"tag-actualites","10":"tag-anse","11":"tag-auvergne-rhone-alpes","12":"tag-circulation","13":"tag-edition-est-lyonnais","14":"tag-edition-lyon-villeurbanne","15":"tag-edition-ouest-lyonnais","16":"tag-edition-sud-lyonnais","17":"tag-edition-tarare","18":"tag-edition-villefranche","19":"tag-eu","20":"tag-europe","21":"tag-fil-info","22":"tag-fr","23":"tag-france","24":"tag-lyon","25":"tag-lyon-bassin","26":"tag-news","27":"tag-republique-francaise","28":"tag-rhone","29":"tag-saint-priest","30":"tag-transport"},"share_on_mastodon":{"url":"https:\/\/pubeurope.com\/@fr\/115404586551543707","error":""},"_links":{"self":[{"href":"https:\/\/www.europesays.com\/fr\/wp-json\/wp\/v2\/posts\/476229","targetHints":{"allow":["GET"]}}],"collection":[{"href":"https:\/\/www.europesays.com\/fr\/wp-json\/wp\/v2\/posts"}],"about":[{"href":"https:\/\/www.europesays.com\/fr\/wp-json\/wp\/v2\/types\/post"}],"author":[{"embeddable":true,"href":"https:\/\/www.europesays.com\/fr\/wp-json\/wp\/v2\/users\/2"}],"replies":[{"embeddable":true,"href":"https:\/\/www.europesays.com\/fr\/wp-json\/wp\/v2\/comments?post=476229"}],"version-history":[{"count":0,"href":"https:\/\/www.europesays.com\/fr\/wp-json\/wp\/v2\/posts\/476229\/revisions"}],"wp:featuredmedia":[{"embeddable":true,"href":"https:\/\/www.europesays.com\/fr\/wp-json\/wp\/v2\/media\/476230"}],"wp:attachment":[{"href":"https:\/\/www.europesays.com\/fr\/wp-json\/wp\/v2\/media?parent=476229"}],"wp:term":[{"taxonomy":"category","embeddable":true,"href":"https:\/\/www.europesays.com\/fr\/wp-json\/wp\/v2\/categories?post=476229"},{"taxonomy":"post_tag","embeddable":true,"href":"https:\/\/www.europesays.com\/fr\/wp-json\/wp\/v2\/tags?post=476229"}],"curies":[{"name":"wp","href":"https:\/\/api.w.org\/{rel}","templated":true}]}}