{"id":476262,"date":"2025-10-20T04:42:18","date_gmt":"2025-10-20T04:42:18","guid":{"rendered":"https:\/\/www.europesays.com\/fr\/476262\/"},"modified":"2025-10-20T04:42:18","modified_gmt":"2025-10-20T04:42:18","slug":"tennis-manon-leonard-remporte-lopen-feminin-50","status":"publish","type":"post","link":"https:\/\/www.europesays.com\/fr\/476262\/","title":{"rendered":"Tennis. Manon L\u00e9onard remporte l\u2019Open f\u00e9minin 50"},"content":{"rendered":"<p>            Par<br \/>\n        <strong><br \/>\n            <a href=\"https:\/\/actu.fr\/auteur\/b-hue\" title=\"Consulter tous les articles de Baptiste Hue\" rel=\"nofollow noopener\" target=\"_blank\">Baptiste Hue<\/a><br \/>\n        <\/strong><\/p>\n<p>        Publi\u00e9 le<\/p>\n<p>            19 oct. 2025 \u00e0 17h51        <\/p>\n<p>Quelle finale\u2009! Apr\u00e8s plus de deux heures d\u2019un combat passionnant et suivi par un tr\u00e8s nombreux public,<b> c\u2019est Manon L\u00e9onard (24\u00a0ans, 229e mondiale) qui a inscrit son nom au palmar\u00e8s de l\u2019Open f\u00e9minin 50<\/b>, ce dimanche 19 octobre, \u00e0 <a href=\"https:\/\/actu.fr\/normandie\/cherbourg-en-cotentin_50129\" rel=\"nofollow noopener\" target=\"_blank\">Equeurdreville-Hainneville<\/a> (<a href=\"https:\/\/actu.fr\/normandie\/manche_50\" rel=\"nofollow noopener\" target=\"_blank\">Manche<\/a>).<\/p>\n<p class=\" wall-content\">La Fran\u00e7aise,<b> t\u00eate de s\u00e9rie n\u00b01 du tableau<\/b> et tombeuse d\u2019Oc\u00e9ane Dodin en quarts de finale, <b>a d\u00fb batailler pour renverser (3-6, 6-1, 7-5) la Rouennaise Tiphaine Lema\u00eetre (25 ans, 367e).<\/b><\/p>\n<p>Un bond dans le Top\u00a0200 mondial<\/p>\n<p class=\" wall-content\">Gr\u00e2ce \u00e0 ce titre, le 8e de sa carri\u00e8re sur le circuit ITF et le 4e cette saison, <b>la Francilienne est assur\u00e9e de faire son entr\u00e9e dans le Top 200 mondial <\/b>au prochain classement WTA.<\/p>\n<p class=\" wall-content\">Personnalisez votre actualit\u00e9 en ajoutant vos villes et m\u00e9dias en favori avec <a href=\"https:\/\/moncompte.actu.fr\" title=\"D\u00e9couvez Mon Actu\" rel=\"nofollow noopener\" data-trk=\"{&quot;cta&quot;:{&quot;action&quot;:&quot;https:\\\/\\\/moncompte.actu.fr&quot;,&quot;category&quot;:&quot;mon compte&quot;,&quot;from&quot;:&quot;article footer&quot;,&quot;name&quot;:&quot;Mon actu&quot;,&quot;type&quot;:&quot;cta&quot;}}\" target=\"_blank\">Mon Actu<\/a>.<\/p>\n","protected":false},"excerpt":{"rendered":"Par Baptiste Hue Publi\u00e9 le 19 oct. 2025 \u00e0 17h51 Quelle finale\u2009! Apr\u00e8s plus de deux heures d\u2019un&hellip;\n","protected":false},"author":2,"featured_media":476263,"comment_status":"","ping_status":"","sticky":false,"template":"","format":"standard","meta":{"footnotes":""},"categories":[1415],"tags":[3168,1011,27,60,1467],"class_list":{"0":"post-476262","1":"post","2":"type-post","3":"status-publish","4":"format-standard","5":"has-post-thumbnail","7":"category-tennis","8":"tag-cotentin","9":"tag-fr","10":"tag-france","11":"tag-sports","12":"tag-tennis"},"share_on_mastodon":{"url":"https:\/\/pubeurope.com\/@fr\/115404665162411236","error":""},"_links":{"self":[{"href":"https:\/\/www.europesays.com\/fr\/wp-json\/wp\/v2\/posts\/476262","targetHints":{"allow":["GET"]}}],"collection":[{"href":"https:\/\/www.europesays.com\/fr\/wp-json\/wp\/v2\/posts"}],"about":[{"href":"https:\/\/www.europesays.com\/fr\/wp-json\/wp\/v2\/types\/post"}],"author":[{"embeddable":true,"href":"https:\/\/www.europesays.com\/fr\/wp-json\/wp\/v2\/users\/2"}],"replies":[{"embeddable":true,"href":"https:\/\/www.europesays.com\/fr\/wp-json\/wp\/v2\/comments?post=476262"}],"version-history":[{"count":0,"href":"https:\/\/www.europesays.com\/fr\/wp-json\/wp\/v2\/posts\/476262\/revisions"}],"wp:featuredmedia":[{"embeddable":true,"href":"https:\/\/www.europesays.com\/fr\/wp-json\/wp\/v2\/media\/476263"}],"wp:attachment":[{"href":"https:\/\/www.europesays.com\/fr\/wp-json\/wp\/v2\/media?parent=476262"}],"wp:term":[{"taxonomy":"category","embeddable":true,"href":"https:\/\/www.europesays.com\/fr\/wp-json\/wp\/v2\/categories?post=476262"},{"taxonomy":"post_tag","embeddable":true,"href":"https:\/\/www.europesays.com\/fr\/wp-json\/wp\/v2\/tags?post=476262"}],"curies":[{"name":"wp","href":"https:\/\/api.w.org\/{rel}","templated":true}]}}