{"id":476272,"date":"2025-10-20T04:48:21","date_gmt":"2025-10-20T04:48:21","guid":{"rendered":"https:\/\/www.europesays.com\/fr\/476272\/"},"modified":"2025-10-20T04:48:21","modified_gmt":"2025-10-20T04:48:21","slug":"faustine-bollaert-taquine-kad-merad-apres-une-bourde-dans-les-enfants-de-la-tele-video","status":"publish","type":"post","link":"https:\/\/www.europesays.com\/fr\/476272\/","title":{"rendered":"Faustine Bollaert taquine Kad Merad apr\u00e8s une bourde dans Les Enfants de la t\u00e9l\u00e9 (VIDEO)"},"content":{"rendered":"<p>Depuis la rentr\u00e9e, Faustine Bollaert pr\u00e9sente chaque dimanche soir Les Enfants de la t\u00e9l\u00e9 sur France 2. Mais son arriv\u00e9e \u00e0 la t\u00eate de l&rsquo;\u00e9mission <a href=\"https:\/\/www.programme-tv.net\/news\/tv\/389629-les-enfants-de-la-tele-faustine-bollaert-confie-sa-gene-dans-la-facon-dont-s-est-fait-le-remplacement-de-laurence-boccolini\/\" data-api-deeplink=\"teleloisirs:\/\/news\/389629\" target=\"_blank\" rel=\"noopener\">a suscit\u00e9 une pol\u00e9mique<\/a>. Aux commandes du programme pendant deux saisons, <a href=\"https:\/\/www.programme-tv.net\/biographie\/2112-boccolini-laurence\/\" data-link-people=\"d169a0bd-d0d8-4e52-8b38-d2af2a017074\" target=\"_blank\" rel=\"noopener\">Laurence Boccolini<\/a> a affirm\u00e9 avoir \u00e9t\u00e9 <a href=\"https:\/\/www.programme-tv.net\/news\/tv\/389686-je-suis-en-colere-laurence-boccolini-raconte-son-echange-avec-faustine-bollaert-apres-son-eviction-des-enfants-de-la-tele-sur-france-2\/\" data-api-deeplink=\"teleloisirs:\/\/news\/389686\" target=\"_blank\" rel=\"noopener\">\u00e9vinc\u00e9e du jour au lendemain, sans explications<\/a>. \u00ab\u00a0Je n&rsquo;ai pas compris ce qui s&rsquo;est pass\u00e9. J&rsquo;ai quitt\u00e9 ma derni\u00e8re \u00e9mission, on se donne rendez-vous le 31 ao\u00fbt pour tourner la premi\u00e8re de la rentr\u00e9e&#8230; Et au moment o\u00f9 j\u2019ai voulu refaire signer, personne ne me r\u00e9pondait, mais personne !\u00a0\u00bb, a-t-elle confi\u00e9 dans une interview accord\u00e9e \u00e0 <a href=\"https:\/\/www.programme-tv.net\/biographie\/449788-de-luxe-jordan\/\" data-link-people=\"36a0716f-2c53-44b2-bb0d-a00a1ada1bef\" target=\"_blank\" rel=\"noopener\">Jordan de Luxe<\/a>. Une d\u00e9claration \u00e0 laquelle <a href=\"https:\/\/www.programme-tv.net\/news\/tv\/389718-la-chaine-fait-des-choix-ce-n-est-pas-mon-travail-faustine-bollaert-critiquee-par-laurence-boccolini-elle-recadre-sa-predecesseure-aux-enfants-de-la-tele\/\" data-api-deeplink=\"teleloisirs:\/\/news\/389718\" target=\"_blank\" rel=\"noopener\">Faustine Bollaert a r\u00e9agi<\/a>. \u00ab\u00a0La cha\u00eene fait des choix, prend des d\u00e9cisions et construit des grilles. Ce n&rsquo;est pas mon travail \u00e0 moi\u00a0\u00bb, a-t-elle expliqu\u00e9 sur Europe 1.<\/p>\n<p>                        Les Enfants de la t\u00e9l\u00e9 : Kad Merad rebaptise Faustine Bollaert en plein direct<\/p>\n<p>Malgr\u00e9 la controverse, Faustine Bollaert \u00e9tait de retour sur France 2 avec un num\u00e9ro in\u00e9dit des Enfants de la t\u00e9l\u00e9, ce dimanche 19 octobre. Pour l&rsquo;occasion, l&rsquo;animatrice recevait <a href=\"https:\/\/www.programme-tv.net\/biographie\/3445-laroque-michele\/\" data-link-people=\"30907104-2dcf-4bb7-97e0-499c1c3cd93e\" target=\"_blank\" rel=\"noopener\">Mich\u00e8le Laroque<\/a>, <a href=\"https:\/\/www.programme-tv.net\/biographie\/8881-evenou-daniele\/\" data-link-people=\"5f6c5656-2790-42c7-837c-ae994dfc0890\" target=\"_blank\" rel=\"noopener\">Dani\u00e8le Evenou<\/a>, le duo Eric et Quentin, ainsi que Kad Merad, qui a commis une grosse boulette. Au moment de jouer \u00e0 \u00ab\u00a0Vrai ou faux ?\u00a0\u00bb, l&rsquo;animatrice a rappel\u00e9 une r\u00e8gle essentielle \u00e0 l&rsquo;acteur et compagnon de <a href=\"https:\/\/www.programme-tv.net\/biographie\/130304-vignali-julia\/\" data-link-people=\"038ef2ae-7765-47ab-9d7d-dcc8c533ab16\" target=\"_blank\" rel=\"noopener\">Julia Vignali<\/a>. \u00ab\u00a0Vous avez compris, Kad ? On ne donne pas la r\u00e9ponse tout de suite, d\u2019accord ?\u00a0\u00bb, lui a-t-elle lanc\u00e9. \u00ab\u00a0Moi, je suis acteur, rien ne se voit, poker face !\u00a0\u00bb, a-t-il r\u00e9pondu, avant de faire une bourde sur le pr\u00e9nom de la pr\u00e9sentatrice. <b>\u00ab\u00a0Bon, c&rsquo;est quoi l\u2019affirmation, Justine ? Que je rigole un peu !\u00a0\u00bb<\/b>, a-t-il l\u00e2ch\u00e9. <b>\u00ab\u00a0Faustine ! \u00c7a fait trois fois que vous m&rsquo;appelez Justine !\u00a0\u00bb<\/b>, a r\u00e9pliqu\u00e9 Faustine Bollaert, face \u00e0 un Kad Merad confus. \u00ab\u00a0Oh, j\u2019ai dit Justine !\u00a0\u00bb, a-t-il r\u00e9alis\u00e9, visiblement tr\u00e8s g\u00ean\u00e9.<\/p>\n<p>            Les Enfants de la t\u00e9l\u00e9 : Faustine Bollaert r\u00e9plique avec humour \u00e0 Kad Merad<\/p>\n<p>Avec beaucoup d&rsquo;humour, Faustine Bollaert a alors feint de ne pas se rappeler du pr\u00e9nom de son invit\u00e9. <b>\u00ab\u00a0Je ne rel\u00e8ve pas, mais en m\u00eame temps, Michel, je commence \u00e0 le prendre mal\u00a0\u00bb<\/b>, a-t-elle d\u00e9clar\u00e9. \u00ab\u00a0Vous pouvez m&rsquo;appeler Gad\u00a0\u00bb, lui a alors r\u00e9pondu Kad Merad. \u00ab\u00a0Je vais vous appeler Gad jusqu&rsquo;\u00e0 la fin de l&rsquo;\u00e9mission\u00a0\u00bb, a conclu l&rsquo;animatrice, tr\u00e8s amus\u00e9e.<\/p>\n","protected":false},"excerpt":{"rendered":"Depuis la rentr\u00e9e, Faustine Bollaert pr\u00e9sente chaque dimanche soir Les Enfants de la t\u00e9l\u00e9 sur France 2. Mais&hellip;\n","protected":false},"author":2,"featured_media":476273,"comment_status":"","ping_status":"","sticky":false,"template":"","format":"standard","meta":{"footnotes":""},"categories":[1359],"tags":[244,58,59,6308,1011,27,594,45535,9051,973],"class_list":{"0":"post-476272","1":"post","2":"type-post","3":"status-publish","4":"format-standard","5":"has-post-thumbnail","7":"category-people","8":"tag-commentaire","9":"tag-divertissement","10":"tag-entertainment","11":"tag-faustine-bollaert","12":"tag-fr","13":"tag-france","14":"tag-france-2","15":"tag-kad-merad","16":"tag-les-enfants-de-la-tu00e9lu00e9","17":"tag-people"},"share_on_mastodon":{"url":"https:\/\/pubeurope.com\/@fr\/115404689007909019","error":""},"_links":{"self":[{"href":"https:\/\/www.europesays.com\/fr\/wp-json\/wp\/v2\/posts\/476272","targetHints":{"allow":["GET"]}}],"collection":[{"href":"https:\/\/www.europesays.com\/fr\/wp-json\/wp\/v2\/posts"}],"about":[{"href":"https:\/\/www.europesays.com\/fr\/wp-json\/wp\/v2\/types\/post"}],"author":[{"embeddable":true,"href":"https:\/\/www.europesays.com\/fr\/wp-json\/wp\/v2\/users\/2"}],"replies":[{"embeddable":true,"href":"https:\/\/www.europesays.com\/fr\/wp-json\/wp\/v2\/comments?post=476272"}],"version-history":[{"count":0,"href":"https:\/\/www.europesays.com\/fr\/wp-json\/wp\/v2\/posts\/476272\/revisions"}],"wp:featuredmedia":[{"embeddable":true,"href":"https:\/\/www.europesays.com\/fr\/wp-json\/wp\/v2\/media\/476273"}],"wp:attachment":[{"href":"https:\/\/www.europesays.com\/fr\/wp-json\/wp\/v2\/media?parent=476272"}],"wp:term":[{"taxonomy":"category","embeddable":true,"href":"https:\/\/www.europesays.com\/fr\/wp-json\/wp\/v2\/categories?post=476272"},{"taxonomy":"post_tag","embeddable":true,"href":"https:\/\/www.europesays.com\/fr\/wp-json\/wp\/v2\/tags?post=476272"}],"curies":[{"name":"wp","href":"https:\/\/api.w.org\/{rel}","templated":true}]}}