{"id":476290,"date":"2025-10-20T04:58:14","date_gmt":"2025-10-20T04:58:14","guid":{"rendered":"https:\/\/www.europesays.com\/fr\/476290\/"},"modified":"2025-10-20T04:58:14","modified_gmt":"2025-10-20T04:58:14","slug":"mauvaise-nouvelle-votre-taxe-dordures-menageres-va-exploser-et-vous-ne-pourrez-rien-y-faire-voici-pourquoi","status":"publish","type":"post","link":"https:\/\/www.europesays.com\/fr\/476290\/","title":{"rendered":"Mauvaise nouvelle, votre taxe d&rsquo;ordures m\u00e9nag\u00e8res va exploser et vous ne pourrez rien y faire : voici pourquoi"},"content":{"rendered":"<p>La taxe d\u2019enl\u00e8vement des ordures m\u00e9nag\u00e8res (TEOM) pr\u00e9pare une envol\u00e9e spectaculaire \u00e0 l\u2019horizon 2030. Propri\u00e9taires ou locataires, tout le monde va y passer. Dans son budget 2026, le gouvernement pr\u00e9voit en effet <strong>d\u2019augmenter progressivement cette taxe pour atteindre un pic en 2030.<\/strong> La facture va presque doubler\u00a0!<\/p>\n<p>Depuis plusieurs ann\u00e9es d\u00e9j\u00e0, <a href=\"https:\/\/www.presse-citron.net\/des-puces-sur-les-poubelles-pour-payer-plus-ou-moins-de-taxes-dordures-menageres\/\" target=\"_blank\" rel=\"noopener\">la TEOM ne cesse d\u2019augmenter<\/a>, au grand damne des Fran\u00e7ais. <strong>Sur les cinq derni\u00e8res ann\u00e9es, son augmentation atteint 20\u00a0%.<\/strong> Vous trouvez cela impressionnant\u00a0? Les chiffres qui s\u2019annoncent jusqu\u2019\u00e0 2030 donnent le vertige. Selon le projet de loi de finances 2026, le tarif de la taxe d\u2019enfouissement des d\u00e9chets bondira de 65 euros \u00e0 105 euros la tonne d\u2019ici 2030, <strong>soit une hausse de 62\u00a0%.<\/strong> Quant \u00e0 la taxe sur les d\u00e9chets incin\u00e9r\u00e9s, elle passera de 29 \u00e0 45 euros la tonne pour les installations les moins performantes.<\/p>\n<p>La responsabilit\u00e9 de cette explosion r\u00e9side principalement dans l<strong>a mont\u00e9e de la taxe g\u00e9n\u00e9rale sur les activit\u00e9s polluantes (TGAP)<\/strong>, acquitt\u00e9e par les entreprises charg\u00e9es du traitement et du stockage des d\u00e9chets. L\u2019objectif du gouvernement\u00a0: r\u00e9duire l\u2019enfouissement et l\u2019incin\u00e9ration au profit du recyclage, et aligner la France sur les normes europ\u00e9ennes qui la placent encore \u00e0 la tra\u00eene (avec un taux de recyclage de 25,9\u00a0% en 2023, contre une moyenne de 41,9\u00a0% dans l\u2019UE).<\/p>\n<p>Dans les faits, <strong>ce sont les collectivit\u00e9s locales qui supportent la TGAP<\/strong> avant d\u2019en r\u00e9percuter m\u00e9caniquement le co\u00fbt sur les contribuables. En 2025 d\u00e9j\u00e0, ce surco\u00fbt repr\u00e9sentait une facture de 850 millions d\u2019euros pour les collectivit\u00e9s. \u00c0 tonnage de d\u00e9chets constant, cette somme avoisinerait 1,3 milliard d\u2019euros en 2030. M\u00eame une r\u00e9duction de 5\u00a0% par an du volume d\u2019ordures enfouies ou incin\u00e9r\u00e9es n\u2019\u00e9viterait pas une hausse spectaculaire de l\u2019ordre de 240 millions d\u2019euros annuels.<\/p>\n<p> La gabelle de la poubelle <\/p>\n<p>Certains \u00e9lus d\u00e9noncent d\u00e9j\u00e0 ce qu\u2019ils appellent \u00ab\u00a0la gabelle de la poubelle\u00a0\u00bb (nom donn\u00e9 par Nicolas Garnier, d\u00e9l\u00e9gu\u00e9 g\u00e9n\u00e9ral d\u2019Amorce). Il critique une taxe \u00ab\u00a0in\u00e9quitable, inefficace et injuste\u00a0\u00bb : <a href=\"https:\/\/www.presse-citron.net\/recyclage-des-dechets-quand-des-airtags-revelent-un-scandale-environnemental\/\" target=\"_blank\" rel=\"noopener\">la moiti\u00e9 des d\u00e9chets cibl\u00e9s ne sont pas recyclables<\/a>, et le fardeau p\u00e8se surtout sur les citoyens alors que la responsabilit\u00e9 incombe selon lui, aux industriels qui inondent le march\u00e9 d\u2019emballages non recyclables.<\/p>\n<p>La promesse d\u2019une taxe sur les emballages plastiques (30 euros la tonne d\u00e8s 2026, jusqu\u2019\u00e0 150 euros en 2030) doit corriger en partie cette injustice. Mais l\u00e0 encore, la note se retrouvera t\u00f4t ou tard sur le ticket de caisse des consommateurs, qu\u2019ils le veuillent ou non. Et ce n\u2019est pas tout puisque s\u2019ajoutent pour la France, le paiement d\u2019une contribution \u00e0 l\u2019Union europ\u00e9enne du fait de ses retards sur le recyclage, soit 1,56 milliard d\u2019euros en 2023.<\/p>\n<p>Face \u00e0 <a href=\"https:\/\/www.presse-citron.net\/un-coup-de-massue-fiscal-en-vue-cette-phrase-de-francois-bayrou-est-effrayante\/\" target=\"_blank\" rel=\"noopener\">ce rouleau compresseur fiscal<\/a>, la marge de man\u0153uvre des collectivit\u00e9s est quasi nulle. D\u2019ici 2030, la part de la TGAP repr\u00e9sentera \u00e0 elle seule, selon Amorce, 30\u00a0% du montant de la TEOM dans les territoires o\u00f9 les d\u00e9chets finissent en d\u00e9charge. Seule issue possible\u00a0: r\u00e9duire la production d\u2019ordures. Une \u00e9volution qui implique un changement dans les pratiques des industriels et les habitudes des Fran\u00e7ais. Elle prendra donc du temps et ne pourra compenser la vague de hausses \u00e0 venir.<\/p>\n<ul class=\"tldr\">\n<li>La taxe d\u2019enl\u00e8vement des ordures m\u00e9nag\u00e8res va exploser d\u2019ici 2030 avec une augmentation de 62\u00a0% de la taxe d\u2019enfouissement, r\u00e9percut\u00e9e sur tous les m\u00e9nages.<\/li>\n<li>Cette hausse est due \u00e0 l\u2019augmentation de la TGAP, voulue pour favoriser le recyclage, mais qui frappe en priorit\u00e9 les foyers et non les industriels.<\/li>\n<li>Il n\u2019existe, \u00e0 court terme, aucune solution pour \u00e9viter cette hausse\u00a0: tout le monde paiera plus cher, quoi qu\u2019il arrive.<\/li>\n<\/ul>\n<blockquote>\n<p class=\"text-base text-neutral-700 dark:text-neutral-300\">\ud83d\udccd Pour ne manquer aucune actualit\u00e9 de Presse-citron, suivez-nous sur <a href=\"https:\/\/news.google.com\/publications\/CAAqBggKMIPiNTC70wU?hl=fr&amp;gl=FR&amp;ceid=FR%3Afr\" target=\"_blank\" rel=\"noopener\">Google Actualit\u00e9s<\/a> et <a href=\"https:\/\/whatsapp.com\/channel\/0029VaCkGuz4NViitBXbEr0b\" target=\"_blank\" rel=\"noopener\">WhatsApp<\/a>.<\/p>\n<\/blockquote>\n","protected":false},"excerpt":{"rendered":"La taxe d\u2019enl\u00e8vement des ordures m\u00e9nag\u00e8res (TEOM) pr\u00e9pare une envol\u00e9e spectaculaire \u00e0 l\u2019horizon 2030. Propri\u00e9taires ou locataires, tout&hellip;\n","protected":false},"author":2,"featured_media":476291,"comment_status":"","ping_status":"","sticky":false,"template":"","format":"standard","meta":{"footnotes":""},"categories":[6],"tags":[35,33,34,1011,27,342,2549],"class_list":{"0":"post-476290","1":"post","2":"type-post","3":"status-publish","4":"format-standard","5":"has-post-thumbnail","7":"category-economie","8":"tag-business","9":"tag-economie","10":"tag-economy","11":"tag-fr","12":"tag-france","13":"tag-impots","14":"tag-taxe"},"share_on_mastodon":{"url":"https:\/\/pubeurope.com\/@fr\/115404728999777880","error":""},"_links":{"self":[{"href":"https:\/\/www.europesays.com\/fr\/wp-json\/wp\/v2\/posts\/476290","targetHints":{"allow":["GET"]}}],"collection":[{"href":"https:\/\/www.europesays.com\/fr\/wp-json\/wp\/v2\/posts"}],"about":[{"href":"https:\/\/www.europesays.com\/fr\/wp-json\/wp\/v2\/types\/post"}],"author":[{"embeddable":true,"href":"https:\/\/www.europesays.com\/fr\/wp-json\/wp\/v2\/users\/2"}],"replies":[{"embeddable":true,"href":"https:\/\/www.europesays.com\/fr\/wp-json\/wp\/v2\/comments?post=476290"}],"version-history":[{"count":0,"href":"https:\/\/www.europesays.com\/fr\/wp-json\/wp\/v2\/posts\/476290\/revisions"}],"wp:featuredmedia":[{"embeddable":true,"href":"https:\/\/www.europesays.com\/fr\/wp-json\/wp\/v2\/media\/476291"}],"wp:attachment":[{"href":"https:\/\/www.europesays.com\/fr\/wp-json\/wp\/v2\/media?parent=476290"}],"wp:term":[{"taxonomy":"category","embeddable":true,"href":"https:\/\/www.europesays.com\/fr\/wp-json\/wp\/v2\/categories?post=476290"},{"taxonomy":"post_tag","embeddable":true,"href":"https:\/\/www.europesays.com\/fr\/wp-json\/wp\/v2\/tags?post=476290"}],"curies":[{"name":"wp","href":"https:\/\/api.w.org\/{rel}","templated":true}]}}