{"id":476295,"date":"2025-10-20T05:02:24","date_gmt":"2025-10-20T05:02:24","guid":{"rendered":"https:\/\/www.europesays.com\/fr\/476295\/"},"modified":"2025-10-20T05:02:24","modified_gmt":"2025-10-20T05:02:24","slug":"firminy-des-troupes-des-chars-le-corso-cest-toujours-un-chouette-moment","status":"publish","type":"post","link":"https:\/\/www.europesays.com\/fr\/476295\/","title":{"rendered":"Firminy. Des troupes, des chars\u2026 \u00ab\u00a0Le corso, c\u2019est toujours un chouette moment\u00a0\u00bb"},"content":{"rendered":"<p>\u00c7a y est, l\u2019\u00e9dition 2025 de la vogue des Noix a tir\u00e9 sa r\u00e9v\u00e9rence avec son traditionnel corso parade dans les rues de Firminy. Une \u00e9dition qui a, une fois de plus, enchant\u00e9 les visiteurs du jour et combl\u00e9 les organisateurs du comit\u00e9 des f\u00eates. Pour le vice-pr\u00e9sident Bernard Grousson, \u00e7a ne fait aucun doute\u00a0: \u00ab\u00a0La foule \u00e9tait bien pr\u00e9sente aujourd\u2019hui et m\u00eame plus qu\u2019en 2024.\u00a0\u00bb<\/p>\n<p>  Les spectateurs fid\u00e8les au rendez-vous<\/p>\n<p>La f\u00eate a \u00e9t\u00e9 belle. M\u00eame tr\u00e8s belle si l\u2019on en croit quelques spectateurs crois\u00e9s tout au long du parcours. Programme \u00e0 la main, Daniel applaudit le cort\u00e8ge avec son \u00e9pouse Christine. \u00c0 79 ans, les deux Chambonnaires ne manquent jamais le rendez-vous, post\u00e9s comme chaque ann\u00e9e rue de la R\u00e9publique\u00a0: \u00ab\u00a0Avant, on d\u00e9filait avec une association alors on sait <a href=\"https:\/\/www.leprogres.fr\/culture-loisirs\/2025\/10\/14\/troupes-chars-et-encadrement-le-corso-c-est-un-cortege-de-800-personnes\" target=\"_blank\" rel=\"noopener\">tout le travail que \u00e7a demande<\/a>. On est admiratif\u00a0\u00bb. Sous leurs yeux, les musiciens de la Vaillante, viennent d\u2019ouvrir la parade. Un peu plus loin, alors que le char de l\u2019Audacieuse du Mas surmont\u00e9 d\u2019un grand Peter Pan avance lentement, Denis en profite, en quelques coups de crayons, pour le dessiner sur son carnet. \u00ab\u00a0Je vais rajouter de la couleur, un petit texte et je vais le partager sur les r\u00e9seaux sociaux (@\u00e9tourderiesgraphiques) avec des gens qui sont \u00e0 l\u2019autre bout du monde.\u00a0\u00bb De quoi laisser un souvenir du cort\u00e8ge\u2026<\/p>\n<p>Au rond-point du Mas, la foule se fait plus pr\u00e9sente, limitant parfois la progression des troupes au grand d\u00e9sespoir d\u2019Antoine, 10 ans, pour qui \u00ab\u00a0\u00e7a n\u2019avance pas tr\u00e8s vite\u00a0\u00bb\u2026 Tout \u00e0 c\u00f4t\u00e9, grimp\u00e9 sur un muret, Marcel, 86 ans, aux c\u00f4t\u00e9s de son \u00e9pouse Genevi\u00e8ve, 86 ans, souffle, exasp\u00e9r\u00e9 par \u00ab\u00a0tous ces gens indisciplin\u00e9s\u00a0\u00bb. Malgr\u00e9 tout, le spectacle est \u00ab\u00a0toujours aussi beau\u00a0\u00bb, reconna\u00eet-il dans un sourire.<\/p>\n<p>Rue Jean-Jaur\u00e8s, la prestation des majorettes polonaises ne laisse pas S\u00e9bastien indiff\u00e9rent\u00a0: \u00ab\u00a0C\u2019est un chouette moment et \u00e7a donne envie de voyager\u00a0!\u00a0\u00bb. Du rythme, de l\u2019ambiance, des envol\u00e9es de confettis, quelques pas de danse sur le trottoir\u2026 Les spectateurs ont \u00e9t\u00e9 s\u00e9duits par la belle \u00e9nergie du corso\u2026 Vivement l\u2019ann\u00e9e prochaine\u00a0!<\/p>\n","protected":false},"excerpt":{"rendered":"\u00c7a y est, l\u2019\u00e9dition 2025 de la vogue des Noix a tir\u00e9 sa r\u00e9v\u00e9rence avec son traditionnel corso&hellip;\n","protected":false},"author":2,"featured_media":476296,"comment_status":"","ping_status":"","sticky":false,"template":"","format":"standard","meta":{"footnotes":""},"categories":[9653],"tags":[1111,11,2430,1687,7539,1777,674,3326,10282,10283,1011,27,12,25,4001],"class_list":{"0":"post-476295","1":"post","2":"type-post","3":"status-publish","4":"format-standard","5":"has-post-thumbnail","7":"category-saint-etienne","8":"tag-actu","9":"tag-actualites","10":"tag-auvergne-rhone-alpes","11":"tag-culture-loisirs","12":"tag-edition-loire-sud","13":"tag-eu","14":"tag-europe","15":"tag-fete-locale","16":"tag-firminy","17":"tag-firminy-ville","18":"tag-fr","19":"tag-france","20":"tag-news","21":"tag-republique-francaise","22":"tag-saint-etienne"},"share_on_mastodon":{"url":"https:\/\/pubeurope.com\/@fr\/115404743864462919","error":""},"_links":{"self":[{"href":"https:\/\/www.europesays.com\/fr\/wp-json\/wp\/v2\/posts\/476295","targetHints":{"allow":["GET"]}}],"collection":[{"href":"https:\/\/www.europesays.com\/fr\/wp-json\/wp\/v2\/posts"}],"about":[{"href":"https:\/\/www.europesays.com\/fr\/wp-json\/wp\/v2\/types\/post"}],"author":[{"embeddable":true,"href":"https:\/\/www.europesays.com\/fr\/wp-json\/wp\/v2\/users\/2"}],"replies":[{"embeddable":true,"href":"https:\/\/www.europesays.com\/fr\/wp-json\/wp\/v2\/comments?post=476295"}],"version-history":[{"count":0,"href":"https:\/\/www.europesays.com\/fr\/wp-json\/wp\/v2\/posts\/476295\/revisions"}],"wp:featuredmedia":[{"embeddable":true,"href":"https:\/\/www.europesays.com\/fr\/wp-json\/wp\/v2\/media\/476296"}],"wp:attachment":[{"href":"https:\/\/www.europesays.com\/fr\/wp-json\/wp\/v2\/media?parent=476295"}],"wp:term":[{"taxonomy":"category","embeddable":true,"href":"https:\/\/www.europesays.com\/fr\/wp-json\/wp\/v2\/categories?post=476295"},{"taxonomy":"post_tag","embeddable":true,"href":"https:\/\/www.europesays.com\/fr\/wp-json\/wp\/v2\/tags?post=476295"}],"curies":[{"name":"wp","href":"https:\/\/api.w.org\/{rel}","templated":true}]}}