{"id":476311,"date":"2025-10-20T05:15:30","date_gmt":"2025-10-20T05:15:30","guid":{"rendered":"https:\/\/www.europesays.com\/fr\/476311\/"},"modified":"2025-10-20T05:15:30","modified_gmt":"2025-10-20T05:15:30","slug":"la-mise-en-cause-des-activites-de-laurence-ruffin-embarrasse-la-majorite-municipale","status":"publish","type":"post","link":"https:\/\/www.europesays.com\/fr\/476311\/","title":{"rendered":"la mise en cause des activit\u00e9s de Laurence Ruffin embarrasse la majorit\u00e9 municipale"},"content":{"rendered":"<p>\t\t\t\t\t\t\t\t\t\t\t<img loading=\"lazy\" decoding=\"async\" width=\"1280\" title=\"Grenoble : la mise en cause des activit\u00e9s de Laurence Ruffin embarrasse la majorit\u00e9 municipale\" class=\"img-fluid  mb-3\" src=\"https:\/\/grandgrenoble.alpes1.com\/media\/news\/grenoble-la-mise-en-cause-des-activites-de-laurence-ruffin-embarrasse-la-majorite-municipale_68f5c43590314.webp\" alt=\"Grenoble : la mise en cause des activit\u00e9s de Laurence Ruffin embarrasse la majorit\u00e9 municipale\" itemprop=\"image\" height=\"720\"\/>\t\t\t\t\t\t\t\t\t\t\t\t<\/p>\n<p>Grenoble : la mise en cause des activit\u00e9s de Laurence Ruffin embarrasse la majorit\u00e9 municipale &#8211; DR<\/p>\n<p itemprop=\"description\"><strong>Les r\u00e9v\u00e9lations du journal satirique Le Postillon dans un dossier concernant la Scop Alma dont Laurence Ruffin, candidate \u00e0 la succession d&rsquo;Eric Piolle, \u00a0\u00e9tait la PDG jusqu\u2019\u00e0 ces derniers jours , embarrasse la majorit\u00e9 municipale.<\/strong><\/p>\n<p>En effet le titre explique que les logiciels fabriqu\u00e9s par l\u2019entreprise visent \u00e0 seconder le d\u00e9veloppement des \u00ab\u00a0constructeurs de machines-outils et de robots, la construction m\u00e9tallique, les chaudronniers industriels, les constructeurs d&rsquo;avions, le BTP, les fabricants de mat\u00e9riel agricole ou d&rsquo;\u00e9quipements minier ou les constructeurs de mat\u00e9riel de transports routier et ferroviaire qui peuvent \u00eatre civils et militaires, les chantiers navals et les plateformes offshore\u00a0\u00bb.<\/p>\n<p>Soit la plupart des secteurs industriels consid\u00e9r\u00e9s comme particuli\u00e8rement responsables du r\u00e9chauffement climatique et attentatoires \u00e0 l\u2019environnement. Ce qui place la candidate \u00e9cologiste en pleine contradiction avec ses valeurs affich\u00e9es.<\/p>\n<p>Laurence Ruffin \u00a0n\u2019a pas r\u00e9pondu \u00e0 ces accusations lors du lancement officiel de sa campagne cette semaine. Mais la relative faiblesse de la mobilisation militante constat\u00e9e \u00e0 cette occasion semble indiquer qu\u2019apr\u00e8s les conditions controvers\u00e9es de sa d\u00e9signation, les nuages s\u2019accumulent sur sa candidature. \u00a0D\u2019autant que le candidat LFI, Allan Brunon, conduit une campagne \u00a0de terrain concurrente agressive, accentuant la division de la majorit\u00e9 sortante.<\/p>\n<p>Dans ce contexte, la d\u00e9cision de l\u2019ADES, une composante essentielle de la majorit\u00e9 sortante, de ne pas publier les r\u00e9sultats int\u00e9graux de son sondage r\u00e9alis\u00e9 par Cluster 17, et notamment celui d\u2019un second tour entre Laurence Ruffin et Alain Carignon, suscite beaucoup de questions. \u00ab\u00a0Il y a un droit \u00e0 publier et un droit \u00e0 ne pas publier\u00a0\u00bb, r\u00e9pond la formation de Raymond Avrillier (ADES) pour justifier cette opacit\u00e9. L\u2019opposition a saisi la commission nationale des sondages.<\/p>\n<p>Ces diff\u00e9rentes pol\u00e9miques plombent le d\u00e9marrage de la campagne de la majorit\u00e9 sortante qui a du mal \u00e0 trouver une voie entre un h\u00e9ritage pour partie encombrant et la possibilit\u00e9 d\u2019incarner le changement auquel de nombreux Grenoblois aspirent apr\u00e8s deux mandats d&rsquo;Eric Piolle.<\/p>\n","protected":false},"excerpt":{"rendered":"Grenoble : la mise en cause des activit\u00e9s de Laurence Ruffin embarrasse la majorit\u00e9 municipale &#8211; DR Les&hellip;\n","protected":false},"author":2,"featured_media":476312,"comment_status":"","ping_status":"","sticky":false,"template":"","format":"standard","meta":{"footnotes":""},"categories":[9566],"tags":[1111,11,7733,8279,2430,7736,650,7734,2889,2263,1777,674,1011,27,2731,8280,6417,1114,108,4662,12,3725,1825,25,7737],"class_list":{"0":"post-476311","1":"post","2":"type-post","3":"status-publish","4":"format-standard","5":"has-post-thumbnail","7":"category-grenoble","8":"tag-actu","9":"tag-actualites","10":"tag-alpes","11":"tag-alpes1","12":"tag-auvergne-rhone-alpes","13":"tag-cds","14":"tag-cinema","15":"tag-ecoute","16":"tag-emission","17":"tag-equipe","18":"tag-eu","19":"tag-europe","20":"tag-fr","21":"tag-france","22":"tag-grenoble","23":"tag-haute","24":"tag-information","25":"tag-infos","26":"tag-isere","27":"tag-journal","28":"tag-news","29":"tag-podcast","30":"tag-radio","31":"tag-republique-francaise","32":"tag-winamp"},"share_on_mastodon":{"url":"","error":""},"_links":{"self":[{"href":"https:\/\/www.europesays.com\/fr\/wp-json\/wp\/v2\/posts\/476311","targetHints":{"allow":["GET"]}}],"collection":[{"href":"https:\/\/www.europesays.com\/fr\/wp-json\/wp\/v2\/posts"}],"about":[{"href":"https:\/\/www.europesays.com\/fr\/wp-json\/wp\/v2\/types\/post"}],"author":[{"embeddable":true,"href":"https:\/\/www.europesays.com\/fr\/wp-json\/wp\/v2\/users\/2"}],"replies":[{"embeddable":true,"href":"https:\/\/www.europesays.com\/fr\/wp-json\/wp\/v2\/comments?post=476311"}],"version-history":[{"count":0,"href":"https:\/\/www.europesays.com\/fr\/wp-json\/wp\/v2\/posts\/476311\/revisions"}],"wp:featuredmedia":[{"embeddable":true,"href":"https:\/\/www.europesays.com\/fr\/wp-json\/wp\/v2\/media\/476312"}],"wp:attachment":[{"href":"https:\/\/www.europesays.com\/fr\/wp-json\/wp\/v2\/media?parent=476311"}],"wp:term":[{"taxonomy":"category","embeddable":true,"href":"https:\/\/www.europesays.com\/fr\/wp-json\/wp\/v2\/categories?post=476311"},{"taxonomy":"post_tag","embeddable":true,"href":"https:\/\/www.europesays.com\/fr\/wp-json\/wp\/v2\/tags?post=476311"}],"curies":[{"name":"wp","href":"https:\/\/api.w.org\/{rel}","templated":true}]}}