{"id":476313,"date":"2025-10-20T05:18:13","date_gmt":"2025-10-20T05:18:13","guid":{"rendered":"https:\/\/www.europesays.com\/fr\/476313\/"},"modified":"2025-10-20T05:18:13","modified_gmt":"2025-10-20T05:18:13","slug":"comment-la-pauperisation-de-la-ville-impacte-le-commerce-a-grenoble","status":"publish","type":"post","link":"https:\/\/www.europesays.com\/fr\/476313\/","title":{"rendered":"COMMENT LA PAUP\u00c9RISATION DE LA VILLE IMPACTE LE COMMERCE \u00c0 GRENOBLE"},"content":{"rendered":"<p>Posted On 20 octobre 2025 <\/p>\n<p style=\"text-align: justify;\">Ces derniers jours, c&rsquo;est l&rsquo;installation du g\u00e9ant chinois Shein aux Galeries Lafayette \u00e0 Grenoble qui a suscit\u00e9 la controverse. Une arriv\u00e9e qui r\u00e9sonne comme un symbole suppl\u00e9mentaire des effets de la politique de paup\u00e9risation de la ville.<\/p>\n<p>LES DONNEURS DE LECONS SONT DE SORTIE&#8230;<\/p>\n<p style=\"text-align: justify;\">En t\u00eate de cort\u00e8ge des opposants, <a target=\"_blank\" href=\"https:\/\/www.placegrenet.fr\/2025\/10\/03\/le-geant-chinois-shein-sinstalle-au-sein-des-galeries-lafayette-de-grenoble-un-bien-ou-un-mal\/661293\" rel=\"noopener\">les Verts grenoblois qui appellent<\/a> \u00e0 \u00ab\u00a0dire non \u00e0 l\u2019installation de Shein\u00a0\u00bb (sans pour autant rien engager de concret pour l&#8217;emp\u00eacher) et parlent d&rsquo;une \u00ab\u00a0menace pour les commerces locaux\u00a0\u00bb. Mais aussi la m\u00e9tropole qui voit quant \u00e0 elle une implantation \u00ab\u00a0contraire \u00e0 la vision d\u2019un commerce local, \u00e9thique et \u00e9co-responsable\u00a0\u00bb. Postures d&rsquo;indignation habituelles qui ne co\u00fbtent rien \u00e0 leurs auteurs (qui ne vont tout de m\u00eame pas jusqu&rsquo;\u00e0 signer leurs communiqu\u00e9s..).<\/p>\n<p><a href=\"https:\/\/grenoble-le-changement.fr\/wp-content\/uploads\/2025\/08\/galeries-lafayette-grenoble.png\" rel=\"lightbox[85414] noopener\" target=\"_blank\"><img loading=\"lazy\" decoding=\"async\" class=\" wp-image-84010 jetpack-lazy-image\" src=\"https:\/\/grenoble-le-changement.fr\/wp-content\/uploads\/2025\/08\/galeries-lafayette-grenoble-226x300.png\" alt=\"\" width=\"415\" height=\"551\" data-lazy-src=\"https:\/\/www.europesays.com\/fr\/wp-content\/uploads\/2025\/10\/galeries-lafayette-grenoble-226x300.png\" \/><\/a>Un point de vente physique de Shein doit ouvrir aux Galeries en novembre<br \/>\n&#8230; APR\u00c8S AVOIR DOUBL\u00c9 LA VACANCE COMMERCIALE<\/p>\n<p style=\"text-align: justify;\">Et qui leurs \u00e9vitent, comme d&rsquo;habitude, de s&rsquo;interroger sur ce que eux ont fait pour le \u00ab\u00a0commerce local\u00a0\u00bb. Dans une ville o\u00f9 l&rsquo;attractivit\u00e9 en chute libre et la politique de restriction de l&rsquo;accessibilit\u00e9 ont fait exploser l<a href=\"https:\/\/grenoble-le-changement.fr\/2025\/05\/29\/12-de-commerces-fermes-a-grenoble-stop-ou-encore\/\" target=\"_blank\" rel=\"noopener\">a vacance commerciale, pass\u00e9e de 6 \u00e0 12%<\/a>. O\u00f9 les donneurs de le\u00e7ons sur Shein ont avalis\u00e9 la cr\u00e9ation de pompes aspirantes, temples de la consommation en entr\u00e9e de ville : Neyrpic, et l&rsquo;extension de Grand Place, avec l&rsquo;installation d&rsquo;une grande enseigne Primark pas plus vertueuse que Shein&#8230;\u00a0\u00a0<\/p>\n<p>\u00ab\u00a0L&rsquo;ACTIVIT\u00c9 COMMERCIALE S&rsquo;EFFONDRE\u00a0\u00bb<\/p>\n<p style=\"text-align: justify;\">C&rsquo;est cette tartufferie que ne manque pas de souligner<a target=\"_blank\" href=\"https:\/\/www.placegrenet.fr\/2025\/10\/16\/lassociation-grenette-village-soutient-linstallation-de-shein-aux-galeries-lafayette-de-grenoble\/662507\" rel=\"noopener\"> l&rsquo;association \u00ab\u00a0Grenette village\u00a0\u00bb<\/a> qui regroupe commer\u00e7ants et entreprises de la place du m\u00eame nom. Son porte-parole Harout Agobian rappelle que \u00ab\u00a0depuis plusieurs ann\u00e9es, l\u2019hyper-centre conna\u00eet une situation d\u00e9sastreuse : de nombreux commerces ferment leurs portes et l\u2019activit\u00e9 commerciale s\u2019effondre\u00a0\u00bb, et que dans un tel contexte l&rsquo;arriv\u00e9e de Shein les fait esp\u00e9rer \u00ab\u00a0retrouver une dynamique positive, indispensable \u00e0 la relance \u00e9conomique de Grenoble\u00a0\u00bb.<\/p>\n<p><a href=\"https:\/\/grenoble-le-changement.fr\/wp-content\/uploads\/2025\/01\/t3-resultats-chiffre-affaire.png\" rel=\"lightbox[85414] noopener\" target=\"_blank\"><img loading=\"lazy\" decoding=\"async\" class=\" wp-image-79019 jetpack-lazy-image\" src=\"https:\/\/grenoble-le-changement.fr\/wp-content\/uploads\/2025\/01\/t3-resultats-chiffre-affaire-300x158.png\" alt=\"\" width=\"632\" height=\"333\" data-lazy-src=\"https:\/\/www.europesays.com\/fr\/wp-content\/uploads\/2025\/10\/t3-resultats-chiffre-affaire-300x158.png\" \/><\/a>En rouge l&rsquo;\u00e9volution des chiffres d&rsquo;affaires \u00e0 Grenoble, en vert l&rsquo;\u00e9volution dans le reste de la r\u00e9gion grenobloise.<br \/>\nUN VECTEUR DE NOUVEAUX CLIENTS POUR LES COMMERCES LOCAUX ?<\/p>\n<p style=\"text-align: justify;\">Emmanuel Lenoir, pr\u00e9sident de LabelVille <a target=\"_blank\" href=\"https:\/\/www.lemonde.fr\/economie\/article\/2025\/10\/08\/a-grenoble-l-arrivee-de-shein-divise-les-commercants-ca-peut-ramener-du-monde-en-ville-c-est-toujours-bon-a-prendre_6645358_3234.html\" rel=\"noopener\">interrog\u00e9 par Le Monde<\/a>, ne dit pas autre chose : \u00ab\u00a0je pr\u00e9f\u00e8re une enseigne qui s\u2019installe qu\u2019une enseigne qui dispara\u00eet. Et pour une fois, c\u2019est une marque Internet qui s\u2019installe en pr\u00e9sentiel (&#8230;) Charge \u00e0 nous, commer\u00e7ants, d\u2019aller capter cette nouvelle client\u00e8le\u00a0\u00bb,\u00a0allant dans le sens de nombreux autres commerces interrog\u00e9s par le quotidien national, qui constatent tous cette chute de la fr\u00e9quentation du centre.\u00a0<\/p>\n<p>ZARA REMPLAC\u00c9 PAR SHEIN COMME LOCOMOTIVE COMMERCIALE ?<\/p>\n<p style=\"text-align: justify;\">L&rsquo;avenir nous dira si Shein attire une nouvelle client\u00e8le qui b\u00e9n\u00e9ficie aux commerces alentours. Mais d&rsquo;ores et d\u00e9j\u00e0, le fait que la boutique fast-fashion soit esp\u00e9r\u00e9e comme locomotive commerciale du centre est tout un symbole de l&rsquo;\u00e9volution sociologique de la ville. Car jusque-l\u00e0, <a href=\"https:\/\/grenoble-le-changement.fr\/2024\/10\/19\/commerce-a-grenoble-lopposition-sonne-lalerte\/\" target=\"_blank\" rel=\"noopener\">c&rsquo;est Zara qui \u00e9tait avant son d\u00e9part \u00e0 Neyrpic<\/a> consid\u00e9r\u00e9e comme locomotive pour le centre-ville. Soit une enseigne plut\u00f4t orient\u00e9e classes moyennes remplac\u00e9e par du hard discount.\u00a0<\/p>\n<p><a href=\"https:\/\/grenoble-le-changement.fr\/wp-content\/uploads\/2025\/07\/shein-jcdecaux.png\" rel=\"lightbox[85414] noopener\" target=\"_blank\"><img loading=\"lazy\" decoding=\"async\" class=\" wp-image-83191 jetpack-lazy-image\" src=\"https:\/\/grenoble-le-changement.fr\/wp-content\/uploads\/2025\/07\/shein-jcdecaux-300x191.png\" alt=\"\" width=\"580\" height=\"369\" data-lazy-src=\"https:\/\/www.europesays.com\/fr\/wp-content\/uploads\/2025\/10\/shein-jcdecaux-300x191.png\" \/><\/a>En juillet les m\u00eames \u00e9lus Verts et de la m\u00e9tropole poussaient des cris d&rsquo;orfraies contre des pub Shein sur leurs propres abri-bus mais \u00e9taient incapables de les retirer ! Des champions de l&rsquo;efficacit\u00e9<br \/>\nUNIFORMISATION DU COMMERCE ET EXPLOSION DU HARD DISCOUNT<\/p>\n<p style=\"text-align: justify;\">L&rsquo;installation de Shein n&rsquo;est que la derni\u00e8re actualit\u00e9 d&rsquo;une tendance de fond \u00e0 Grenoble. D&rsquo;un c\u00f4t\u00e9 une <a href=\"https:\/\/grenoble-le-changement.fr\/2024\/04\/22\/commerces-luniformisation-et-le-recul-se-confirment\/\" target=\"_blank\" rel=\"noopener\">uniformisation du commerce<\/a> avec une explosion des caf\u00e9s, bars, restauration rapide type fast-food, au d\u00e9triment de tous les autres types de boutiques en chute libre. De l&rsquo;autre, des installations de plus en plus nombreuses d&rsquo;enseignes hard discount, proposant des prix tr\u00e8s bas, t\u00e9moignant d&rsquo;une adaptation du march\u00e9 \u00e0 une ville de plus en plus pauvre.<\/p>\n<p>UNE \u00ab\u00a0OFFENSIVE DU DISCOUNT\u00a0\u00bb&#8230;<\/p>\n<p style=\"text-align: justify;\">Car avant Shein, il y a eu Primark \u00e0 Grand Place, \u00e9voqu\u00e9 plus haut. On peut aussi citer l&rsquo;arriv\u00e9e de la boutique \u00ab\u00a0Normal\u00a0\u00bb rue de la R\u00e9publique, du premier supermarch\u00e9 hard discount Aldi juste en face de la m\u00e9tropole \u00e0 Hoche (\u00e0 la place d&rsquo;Habitat), le remplacement d&rsquo;Auchan avenue Jean Perrot par un nouveau Lidl&#8230; Constatant cette \u00e9volution, Sophie Serra, d\u00e9l\u00e9gu\u00e9e syndicale CGT Auchan, <a target=\"_blank\" href=\"https:\/\/www.placegrenet.fr\/2025\/08\/23\/une-offensive-du-discount-a-grenoble-le-supermarche-auchan-avenue-jean-perrot-passe-sous-banniere-lidl\/658034\" rel=\"noopener\">explique simplement \u00e0 Place Gre&rsquo;net<\/a> : \u00ab\u00a0ce que les gens recherchent, c\u2019est de pouvoir manger \u00e0 moindre prix. Peut-\u00eatre mal, mais \u00e0 moindre prix\u00a0\u00bb.<\/p>\n<p><a href=\"https:\/\/grenoble-le-changement.fr\/wp-content\/uploads\/2025\/10\/offensive-discount.png\" rel=\"lightbox[85414] noopener\" target=\"_blank\"><img loading=\"lazy\" decoding=\"async\" class=\" wp-image-85565 jetpack-lazy-image\" src=\"https:\/\/grenoble-le-changement.fr\/wp-content\/uploads\/2025\/10\/offensive-discount-300x226.png\" alt=\"\" width=\"666\" height=\"502\" data-lazy-src=\"https:\/\/www.europesays.com\/fr\/wp-content\/uploads\/2025\/10\/offensive-discount-300x226.png\" \/><\/a>Une \u00ab\u00a0offensive du discount \u00e0 Grenoble\u00a0\u00bb s&rsquo;interroge Florent Mathieu de Place Gre&rsquo;net<br \/>\n&#8230; QUE L&rsquo;ON DOIT \u00c0 LA PAUP\u00c9RISATION DE LA VILLE<\/p>\n<p style=\"text-align: justify;\">La corr\u00e9lation est tr\u00e8s simple \u00e0 \u00e9tablir entre la perc\u00e9e du hard discount \u00e0 Grenoble, et la paup\u00e9risation de la ville. Le bilan de 12 ann\u00e9es de Piolle parle de lui-m\u00eame : <a href=\"https:\/\/grenoble-le-changement.fr\/2023\/11\/09\/de-plus-en-plus-de-precarite-a-grenoble\/\" target=\"_blank\" rel=\"noopener\">1 Grenoblois sur 5 sous le taux de pauvret\u00e9<\/a>, et 38 % de familles monoparentales \u00e0 Grenoble (contre 23% de moyenne nationale). Les Verts\/LFI si prompts \u00e0 d\u00e9noncer l&rsquo;installation de Shein et du hard-discount ne s&rsquo;interrogent pas sur les causes : leur politique du logement qui ne vise que l&rsquo;installation de m\u00e9nages pr\u00e9caires voire tr\u00e8s pr\u00e9caires, cibles privil\u00e9gi\u00e9es des enseignes low-cost.\u00a0<\/p>\n<p><a href=\"https:\/\/grenoble-le-changement.fr\/wp-content\/uploads\/2025\/04\/Capture-de\u0301cran-2025-04-07-a\u0300-10.24.45.png\" rel=\"lightbox[85414] noopener\" target=\"_blank\"><img loading=\"lazy\" decoding=\"async\" class=\" wp-image-81097 jetpack-lazy-image\" src=\"https:\/\/grenoble-le-changement.fr\/wp-content\/uploads\/2025\/04\/Capture-de\u0301cran-2025-04-07-a\u0300-10.24.45-300x289.png\" alt=\"\" width=\"594\" height=\"572\" data-lazy-src=\"https:\/\/www.europesays.com\/fr\/wp-content\/uploads\/2025\/10\/Capture-de\u0301cran-2025-04-07-a\u0300-10.24.45-300x289.png\" \/><\/a>Partout dans la ville, la m\u00e9tropole ach\u00e8te des logements qu&rsquo;elle confie \u00e0 des associations qui logent des populations en situation de grande pr\u00e9carit\u00e9.<br \/>\nLAURENCE RUFFIN AGGRAVERA CETTE SPIRALE<\/p>\n<p style=\"text-align: justify;\">Cette paup\u00e9risation est amen\u00e9e \u00e0 se poursuivre, et m\u00eame \u00e0 s&rsquo;acc\u00e9l\u00e9rer, si Laurence Ruffin \u00e9tait \u00e9lue en mars 2026. La candidate de Piolle vise en effet les<a href=\"https:\/\/grenoble-le-changement.fr\/2025\/07\/29\/la-liste-ruffin-verts-lfi-annonce-5000-hlm-supplementaires-a-grenoble\/\" target=\"_blank\" rel=\"noopener\">\u00a030% de logements sociaux<\/a> \u00e0 Grenoble. Ce qui signifierait, pour atteindre cet objectif, la construction de 5000 HLM suppl\u00e9mentaires, soit le double de ce qui a \u00e9t\u00e9 fait sous la mandature actuelle. Et bien s\u00fbr elle poursuivrait en parall\u00e8le la politique de fermeture de la ville qui prive les commer\u00e7ants traditionnels de consommateurs ext\u00e9rieurs plus ais\u00e9s.\u00a0<\/p>\n<p>LE N\u00c9CESSAIRE R\u00c9\u00c9QUILIBRAGE DE LA VILLE<\/p>\n<p style=\"text-align: justify;\">\u00c0 moyen\/long-terme, cette trajectoire que font prendre les Verts\/LFI \u00e0 la ville se terminera dans un mur avec une ville pauvre et incapable d&rsquo;assurer le minimum de services \u00e0 ses habitants. Car les recettes fiscales qui permettent \u00e0 la ville d&rsquo;assurer des investissements se font la malle, avec des propri\u00e9taires et des contribuables de la classe moyenne <a href=\"https:\/\/grenoble-le-changement.fr\/2024\/12\/23\/villeurbanne-passe-devant-grenoble-en-nombre-dhabitants\/\" target=\"_blank\" rel=\"noopener\">qui quittent Grenoble<\/a>. Pour compenser les d\u00e9parts, parce qu&rsquo;ils sont incapables d&rsquo;\u00e9conomies, les Piollistes aggravent le matraquage fiscal qui p\u00e8se sur ceux qui restent&#8230; les poussant \u00e0 leur tour au d\u00e9part.<\/p>\n<p style=\"text-align: justify;\">Un cercle vicieux qu&rsquo;il est imp\u00e9ratif d&rsquo;enrayer en r\u00e9\u00e9quilibrant la ville par une vraie politique de promotion sociale (<a href=\"https:\/\/grenoble-le-changement.fr\/2025\/10\/10\/crise-financiere-les-propositions-alain-carignon-pour-eviter-la-hausse-dimpots\/\" target=\"_blank\" rel=\"noopener\">comme le propose Alain Carignon<\/a>) et par l&rsquo;arr\u00eat de la ghetto\u00efsation des quartiers avec des taux ahurissants de logements sociaux.<\/p>\n","protected":false},"excerpt":{"rendered":"Posted On 20 octobre 2025 Ces derniers jours, c&rsquo;est l&rsquo;installation du g\u00e9ant chinois Shein aux Galeries Lafayette \u00e0&hellip;\n","protected":false},"author":2,"featured_media":476314,"comment_status":"","ping_status":"","sticky":false,"template":"","format":"standard","meta":{"footnotes":""},"categories":[9566],"tags":[1111,11,2430,14407,9607,1777,674,52642,1011,27,2731,22031,10136,12,25],"class_list":{"0":"post-476313","1":"post","2":"type-post","3":"status-publish","4":"format-standard","5":"has-post-thumbnail","7":"category-grenoble","8":"tag-actu","9":"tag-actualites","10":"tag-auvergne-rhone-alpes","11":"tag-emmanuel-lenoir","12":"tag-eric-piolle","13":"tag-eu","14":"tag-europe","15":"tag-florent-mathieu","16":"tag-fr","17":"tag-france","18":"tag-grenoble","19":"tag-harout-agobian","20":"tag-laurence-ruffin","21":"tag-news","22":"tag-republique-francaise"},"share_on_mastodon":{"url":"https:\/\/pubeurope.com\/@fr\/115404808213398833","error":""},"_links":{"self":[{"href":"https:\/\/www.europesays.com\/fr\/wp-json\/wp\/v2\/posts\/476313","targetHints":{"allow":["GET"]}}],"collection":[{"href":"https:\/\/www.europesays.com\/fr\/wp-json\/wp\/v2\/posts"}],"about":[{"href":"https:\/\/www.europesays.com\/fr\/wp-json\/wp\/v2\/types\/post"}],"author":[{"embeddable":true,"href":"https:\/\/www.europesays.com\/fr\/wp-json\/wp\/v2\/users\/2"}],"replies":[{"embeddable":true,"href":"https:\/\/www.europesays.com\/fr\/wp-json\/wp\/v2\/comments?post=476313"}],"version-history":[{"count":0,"href":"https:\/\/www.europesays.com\/fr\/wp-json\/wp\/v2\/posts\/476313\/revisions"}],"wp:featuredmedia":[{"embeddable":true,"href":"https:\/\/www.europesays.com\/fr\/wp-json\/wp\/v2\/media\/476314"}],"wp:attachment":[{"href":"https:\/\/www.europesays.com\/fr\/wp-json\/wp\/v2\/media?parent=476313"}],"wp:term":[{"taxonomy":"category","embeddable":true,"href":"https:\/\/www.europesays.com\/fr\/wp-json\/wp\/v2\/categories?post=476313"},{"taxonomy":"post_tag","embeddable":true,"href":"https:\/\/www.europesays.com\/fr\/wp-json\/wp\/v2\/tags?post=476313"}],"curies":[{"name":"wp","href":"https:\/\/api.w.org\/{rel}","templated":true}]}}