{"id":476317,"date":"2025-10-20T05:20:17","date_gmt":"2025-10-20T05:20:17","guid":{"rendered":"https:\/\/www.europesays.com\/fr\/476317\/"},"modified":"2025-10-20T05:20:17","modified_gmt":"2025-10-20T05:20:17","slug":"ce-quil-manque-sur-la-place-pour-que-les-travaux-sachevent-vraiment","status":"publish","type":"post","link":"https:\/\/www.europesays.com\/fr\/476317\/","title":{"rendered":"ce qu&rsquo;il manque sur la place pour que les travaux s&rsquo;ach\u00e8vent (vraiment)"},"content":{"rendered":"<p>            Par<br \/>\n        <strong><br \/>\n            <a href=\"https:\/\/actu.fr\/auteur\/laurene-fertin\" title=\"Consulter tous les articles de Laur\u00e8ne Fertin\" rel=\"nofollow noopener\" target=\"_blank\">Laur\u00e8ne Fertin<\/a><br \/>\n        <\/strong><\/p>\n<p>        Publi\u00e9 le<\/p>\n<p>            20 oct. 2025 \u00e0 6h32        <\/p>\n<p><a href=\"https:\/\/actu.fr\/bretagne\/rennes_35238\/a-rennes-cette-place-du-centre-ville-va-changer-de-visage-les-travaux-definitifs-commencent_62076353.html\" rel=\"nofollow noopener\" target=\"_blank\">Ils avaient d\u00e9but\u00e9 le 8\u00a0janvier 2025<\/a>\u2009: les travaux qui ont remodel\u00e9 <strong>la place du Champ-Jacquet,<\/strong> \u00e0 Rennes, sont presque achev\u00e9s.<\/p>\n<p class=\" wall-content\">Le carrefour en forme de Y a en effet \u00e9t\u00e9 repens\u00e9, afin d\u2019accueillir une place qui soit <strong>une zone de rencontre<\/strong> entre pi\u00e9tons et cyclistes \u2013 autour de <strong>la statue de Jean Leperdit<\/strong>, dont nous vous parlions dans <a href=\"https:\/\/actu.fr\/bretagne\/rennes_35238\/rennes-sa-statue-trone-au-milieu-de-la-place-du-champ-jacquet-connaissez-vous-jean-leperdit_62129877.html\" rel=\"nofollow noopener\" target=\"_blank\">cet article<\/a>.<\/p>\n<p class=\" wall-content\">Il reste toutefois une derni\u00e8re partie \u00e0 mettre en \u0153uvre\u2009: <strong>la v\u00e9g\u00e9talisation.<\/strong><\/p>\n<p>Huit arbres \u00e0 planter sur la place<\/p>\n<p class=\" wall-content\">En d\u00e9cembre\u00a02025, <strong>huit arbres<\/strong> seront en effet plant\u00e9s sur la place, indique la Ville de Rennes. Parmi eux\u2009:<\/p>\n<ul class=\" wall-content\">\n<li>des arbres en tige\u2009: un <strong>lilas<\/strong> de perse, un <strong>ch\u00eane<\/strong> \u00e0 feuille de saule, un <strong>\u00e9rable<\/strong> hybride au feuillage jaune dor\u00e9 et deux \u00e9rables au feuillage rouge feu \u00e0 l\u2019automne\u2009;<\/li>\n<li>des arbres en c\u00e9p\u00e9e\u2009: idem, <strong>deux \u00e9rables<\/strong> au feuillage rouge feu \u00e0 l\u2019automne.<\/li>\n<\/ul>\n<p>D\u2019autres axes en travaux<\/p>\n<p class=\" wall-content\">De la m\u00eame mani\u00e8re, <strong>\u00ab\u2009quatre arbres<\/strong> ont \u00e9t\u00e9 plant\u00e9s rue de Rohan, devant les Galeries Lafayette\u2009\u00bb.<\/p>\n<p>Votre r\u00e9gion, votre actu !<\/p>\n<p>Recevez chaque jour les infos qui comptent pour vous.<\/p>\n<p>\t<a href=\"https:\/\/actu.fr\/newsletter\" class=\"ac-btn ac-btn--corner ac-btn--medium ac-btn--blue800\" rel=\"nofollow noopener\" target=\"_blank\">S&rsquo;incrire<\/a><\/p>\n<blockquote class=\"ac-article-quote wall-content\">\n<p>Sur cette partie sud, seul le pavage d&rsquo;un carrefour reste \u00e0 r\u00e9aliser, au croisement des rues de Toulouse &#8211; Ch\u00e2teaurenault &#8211; Lafayette &#8211; Champ-Jacquet (travaux en avril 2026).<\/p>\n<p>    <strong>Ville de Rennes<\/strong>\n            <\/p><\/blockquote>\n<p class=\" wall-content\">Rue d\u2019Antrain (entre le passage des Carm\u00e9lites et la place Saint-Jean-Eudes), les trottoirs en dalles de granit seront \u00e9largis \u2013 les travaux ont d\u00e9but au mois de septembre. \u00ab\u2009Dans ce dernier tron\u00e7on, <strong>14 nouveaux arbres<\/strong> seront plant\u00e9s cet hiver, accompagn\u00e9s de v\u00e9g\u00e9taux en pied\u2009\u00bb, abonde la municipalit\u00e9.<\/p>\n<p class=\" wall-content\">Dans cette m\u00eame rue, les travaux devraient s\u2019achever<strong> en mars\u00a02026<\/strong> \u00ab\u2009par la plantation de 10 arbres devant l\u2019\u00e9tablissement scolaire\u2009\u00bb.<\/p>\n<p>La place Saint-Jean-Eudes<\/p>\n<p>Puis, de mars \u00e0 avril 2026, ce sera au tour de la place Saint-Jean-Eudes (intersection entre les rues d\u2019Antrain et de Robien) d&rsquo;\u00eatre am\u00e9nag\u00e9e. \u00ab\u00a0La partie sud de la place sera r\u00e9am\u00e9nag\u00e9e et une placette v\u00e9g\u00e9talis\u00e9e sera cr\u00e9\u00e9e. Quatre arbres seront plant\u00e9s dans des massifs aux essences vari\u00e9es, accompagn\u00e9s de quelques assises\u00a0\u00bb, conclut la Ville.<\/p>\n<p class=\" wall-content\">Pour ce \u00ab\u2009projet d\u2019ampleur\u2009\u00bb, l\u2019enveloppe est de <strong>quatre millions d\u2019euros<\/strong>.<\/p>\n<p class=\" wall-content\">Personnalisez votre actualit\u00e9 en ajoutant vos villes et m\u00e9dias en favori avec <a href=\"https:\/\/moncompte.actu.fr\" title=\"D\u00e9couvez Mon Actu\" rel=\"nofollow noopener\" data-trk=\"{&quot;cta&quot;:{&quot;action&quot;:&quot;https:\\\/\\\/moncompte.actu.fr&quot;,&quot;category&quot;:&quot;mon compte&quot;,&quot;from&quot;:&quot;article footer&quot;,&quot;name&quot;:&quot;Mon actu&quot;,&quot;type&quot;:&quot;cta&quot;}}\" target=\"_blank\">Mon Actu<\/a>.<\/p>\n","protected":false},"excerpt":{"rendered":"Par Laur\u00e8ne Fertin Publi\u00e9 le 20 oct. 2025 \u00e0 6h32 Ils avaient d\u00e9but\u00e9 le 8\u00a0janvier 2025\u2009: les travaux&hellip;\n","protected":false},"author":2,"featured_media":476318,"comment_status":"","ping_status":"","sticky":false,"template":"","format":"standard","meta":{"footnotes":""},"categories":[2821],"tags":[1111,11,829,1777,674,1011,27,12,584,25,104,2086],"class_list":{"0":"post-476317","1":"post","2":"type-post","3":"status-publish","4":"format-standard","5":"has-post-thumbnail","7":"category-rennes","8":"tag-actu","9":"tag-actualites","10":"tag-bretagne","11":"tag-eu","12":"tag-europe","13":"tag-fr","14":"tag-france","15":"tag-news","16":"tag-rennes","17":"tag-republique-francaise","18":"tag-societe","19":"tag-travaux"},"share_on_mastodon":{"url":"https:\/\/pubeurope.com\/@fr\/115404815188782083","error":""},"_links":{"self":[{"href":"https:\/\/www.europesays.com\/fr\/wp-json\/wp\/v2\/posts\/476317","targetHints":{"allow":["GET"]}}],"collection":[{"href":"https:\/\/www.europesays.com\/fr\/wp-json\/wp\/v2\/posts"}],"about":[{"href":"https:\/\/www.europesays.com\/fr\/wp-json\/wp\/v2\/types\/post"}],"author":[{"embeddable":true,"href":"https:\/\/www.europesays.com\/fr\/wp-json\/wp\/v2\/users\/2"}],"replies":[{"embeddable":true,"href":"https:\/\/www.europesays.com\/fr\/wp-json\/wp\/v2\/comments?post=476317"}],"version-history":[{"count":0,"href":"https:\/\/www.europesays.com\/fr\/wp-json\/wp\/v2\/posts\/476317\/revisions"}],"wp:featuredmedia":[{"embeddable":true,"href":"https:\/\/www.europesays.com\/fr\/wp-json\/wp\/v2\/media\/476318"}],"wp:attachment":[{"href":"https:\/\/www.europesays.com\/fr\/wp-json\/wp\/v2\/media?parent=476317"}],"wp:term":[{"taxonomy":"category","embeddable":true,"href":"https:\/\/www.europesays.com\/fr\/wp-json\/wp\/v2\/categories?post=476317"},{"taxonomy":"post_tag","embeddable":true,"href":"https:\/\/www.europesays.com\/fr\/wp-json\/wp\/v2\/tags?post=476317"}],"curies":[{"name":"wp","href":"https:\/\/api.w.org\/{rel}","templated":true}]}}