{"id":476319,"date":"2025-10-20T05:21:19","date_gmt":"2025-10-20T05:21:19","guid":{"rendered":"https:\/\/www.europesays.com\/fr\/476319\/"},"modified":"2025-10-20T05:21:19","modified_gmt":"2025-10-20T05:21:19","slug":"strasbourg-les-brooklyn-funk-essentials-vont-faire-trembler-lespace-django","status":"publish","type":"post","link":"https:\/\/www.europesays.com\/fr\/476319\/","title":{"rendered":"Strasbourg. Les\u00a0Brooklyn Funk Essentials vont faire trembler l\u2019Espace Django"},"content":{"rendered":"<p>Depuis 1993, les Brooklyn Funk Essentials m\u00e9langent jazz, funk, soul, ska, disco, house et rap avec une \u00e9nergie d\u00e9cupl\u00e9e sur sc\u00e8ne.<\/p>\n<p>Le combo bas\u00e9 \u00e0 New York fonctionne au groove, qu\u2019il provienne de la tradition d\u2019Ellington, du jazz libertaire \u00e0 la Pharoah Sanders, du folklore turc, du r\u00e9pertoire latino ou de l\u2019acid jazz.<\/p>\n<p>Un exemple \u00e0 suivre pour le NHF Orchestra, seconde g\u00e9n\u00e9ration, qui viendra chauffer l\u2019ambiance avec l\u2019appui du corps enseignant du NHF Arts et Culture h\u00e9berg\u00e9 \u00e0 Django et qui prouve que le Neuhof regorge de talents.<\/p>\n<p class=\"note\"><a href=\"https:\/\/www.espacedjango.eu\/\" target=\"_blank\" rel=\"nofollow noopener\">Espace Django<\/a> , 4 impasse Kieffer \u00e0 Strasbourg, mercredi 22\u00a0octobre \u00e0 20\u00a0h\u00a030 (ouverture des portes \u00e0 20\u00a0h). Tarif\u00a0: 20\u00a0\u20ac.<\/p>\n","protected":false},"excerpt":{"rendered":"Depuis 1993, les Brooklyn Funk Essentials m\u00e9langent jazz, funk, soul, ska, disco, house et rap avec une \u00e9nergie&hellip;\n","protected":false},"author":2,"featured_media":476320,"comment_status":"","ping_status":"","sticky":false,"template":"","format":"standard","meta":{"footnotes":""},"categories":[2820],"tags":[1111,11,2389,1687,2880,1777,674,107,1011,27,775,873,12,25,640,2879],"class_list":{"0":"post-476319","1":"post","2":"type-post","3":"status-publish","4":"format-standard","5":"has-post-thumbnail","7":"category-strasbourg","8":"tag-actu","9":"tag-actualites","10":"tag-alsace","11":"tag-culture-loisirs","12":"tag-edition-strasbourg","13":"tag-eu","14":"tag-europe","15":"tag-fil-info","16":"tag-fr","17":"tag-france","18":"tag-grand-est","19":"tag-musique","20":"tag-news","21":"tag-republique-francaise","22":"tag-strasbourg","23":"tag-strasbourg-ville"},"share_on_mastodon":{"url":"https:\/\/pubeurope.com\/@fr\/115404818523529884","error":""},"_links":{"self":[{"href":"https:\/\/www.europesays.com\/fr\/wp-json\/wp\/v2\/posts\/476319","targetHints":{"allow":["GET"]}}],"collection":[{"href":"https:\/\/www.europesays.com\/fr\/wp-json\/wp\/v2\/posts"}],"about":[{"href":"https:\/\/www.europesays.com\/fr\/wp-json\/wp\/v2\/types\/post"}],"author":[{"embeddable":true,"href":"https:\/\/www.europesays.com\/fr\/wp-json\/wp\/v2\/users\/2"}],"replies":[{"embeddable":true,"href":"https:\/\/www.europesays.com\/fr\/wp-json\/wp\/v2\/comments?post=476319"}],"version-history":[{"count":0,"href":"https:\/\/www.europesays.com\/fr\/wp-json\/wp\/v2\/posts\/476319\/revisions"}],"wp:featuredmedia":[{"embeddable":true,"href":"https:\/\/www.europesays.com\/fr\/wp-json\/wp\/v2\/media\/476320"}],"wp:attachment":[{"href":"https:\/\/www.europesays.com\/fr\/wp-json\/wp\/v2\/media?parent=476319"}],"wp:term":[{"taxonomy":"category","embeddable":true,"href":"https:\/\/www.europesays.com\/fr\/wp-json\/wp\/v2\/categories?post=476319"},{"taxonomy":"post_tag","embeddable":true,"href":"https:\/\/www.europesays.com\/fr\/wp-json\/wp\/v2\/tags?post=476319"}],"curies":[{"name":"wp","href":"https:\/\/api.w.org\/{rel}","templated":true}]}}