{"id":476321,"date":"2025-10-20T05:22:10","date_gmt":"2025-10-20T05:22:10","guid":{"rendered":"https:\/\/www.europesays.com\/fr\/476321\/"},"modified":"2025-10-20T05:22:10","modified_gmt":"2025-10-20T05:22:10","slug":"dans-ces-commerces-de-strasbourg-vous-pouvez-utiliser-les-toilettes-sans-consommer-on-vous-explique","status":"publish","type":"post","link":"https:\/\/www.europesays.com\/fr\/476321\/","title":{"rendered":"Dans ces commerces de Strasbourg, vous pouvez utiliser les toilettes sans consommer : on\u00a0vous\u00a0explique"},"content":{"rendered":"<p>            Par<br \/>\n        <strong><br \/>\n            <a href=\"https:\/\/actu.fr\/auteur\/thomas-blanc\" title=\"Consulter tous les articles de Thomas Blanc\" target=\"_blank\" rel=\"noopener\">Thomas Blanc<\/a><br \/>\n        <\/strong><\/p>\n<p>        Publi\u00e9 le<\/p>\n<p>            20 oct. 2025 \u00e0 7h02        <\/p>\n<p>La Ville et l\u2019<a href=\"https:\/\/actu.fr\/tag\/eurometropole-de-strasbourg\" target=\"_blank\" rel=\"noopener\">Eurom\u00e9tropole de Strasbourg<\/a> se sont r\u00e9cemment associ\u00e9es \u00e0 <a href=\"https:\/\/actu.fr\/pays-de-la-loire\/nantes_44109\/envie-de-faire-pipi-a-nantes-une-appli-bientot-en-test-pour-trouver-des-toilettes_34191540.html\" target=\"_blank\" rel=\"noopener\">l\u2019application ICI Toilettes<\/a> qui permet de <strong>localiser les sanitaires \u00e0 acc\u00e8s gratuit<\/strong> lorsque l\u2019on n\u2019est pas chez soi ou au bureau.<\/p>\n<p>51 toilettes gratuites visibles facilement \u00e0 Strasbourg gr\u00e2ce \u00e0 une application<\/p>\n<p class=\" wall-content\">ICI Toilettes est une application gratuite lanc\u00e9e en 2022 qui <strong>recense les sanitaires en acc\u00e8s libre dans plusieurs grandes villes de France<\/strong> comme Nantes, <a href=\"https:\/\/actu.fr\/ile-de-france\/montreuil_93048\/carte-bars-restaurants-toilettes-publiques-ou-faire-sa-pause-pipi-gratuitement-a-montreuil_59898395.html\" target=\"_blank\" rel=\"noopener\">Montreuil<\/a> ou encore <a href=\"https:\/\/actu.fr\/marseille\/\" target=\"_blank\" rel=\"noopener\">Marseille<\/a>.<\/p>\n<p class=\" wall-content\">\u00c0 Strasbourg, ce sont <strong>51 W.C. qu\u2019elle cartographie<\/strong>, qu\u2019ils soient publics, \u00e0 disposition dans les \u00e9quipements de la Ville (parkings, mus\u00e9es, m\u00e9diath\u00e8ques\u2026) ou temporaires et saisonniers dans les parcs, jardins et march\u00e9s.<\/p>\n<p class=\" wall-content\"><a href=\"https:\/\/www.instagram.com\/p\/DP1OhsDjFT3\/embed\" title=\"Ouvrir le lien sur Instagram\" target=\"_blank\" rel=\"noopener\">Visualiser le contenu sur Instagram<\/a><\/p>\n<p class=\" wall-content\">Mais aussi, <strong>quinze toilettes priv\u00e9es mises \u00e0 disposition par des commer\u00e7ants partenaires<\/strong>, souvent des bars ou des restaurants. Vous pouvez vous y rendre et demander \u00e0 utiliser les toilettes <strong>sans obligation de consommer sur place<\/strong>. Voici la liste :\u00a0<\/p>\n<ul class=\" wall-content\">\n<li>H\u00f4tel Graffalgar, pr\u00e8s de la gare,\u00a0<\/li>\n<li>Bravo ! La tavola sociale,\u00a0<\/li>\n<li>Le M\u00e9t\u00e9or,\u00a0<\/li>\n<li>Baraka Jeux,\u00a0<\/li>\n<li>Break\u2019n\u2019good,\u00a0<\/li>\n<li>Le Troquet des Kneckes,\u00a0<\/li>\n<li>Schluck\u2019n Spiel,\u00a0<\/li>\n<li>Oh my goodness,\u00a0<\/li>\n<li>Le Longchamps,\u00a0<\/li>\n<li>Le Purgatoire,\u00a0<\/li>\n<li>Volkan,\u00a0<\/li>\n<li>Le Chariot,\u00a0<\/li>\n<li>Coffe Stub,<\/li>\n<li>Aven Bike &amp; Fika,<\/li>\n<li>Le Petit stube.<\/li>\n<\/ul>\n<p>Les commer\u00e7ants partenaires touchent 100 euros par mois<\/p>\n<p class=\" wall-content\">\u00c0 l\u2019usage, l\u2019application indique \u00e0 quelle distance l\u2019utilisateur se trouve du sanitaire o\u00f9 il souhaite se rendre et <strong>une photo des toilettes en question est \u00e9galement visible<\/strong>.<\/p>\n<p class=\" wall-content\">\u00ab\u2009L\u2019appli permet de localiser les petits coins accessibles<strong> aux personnes \u00e0 mobilit\u00e9 r\u00e9duites<\/strong>, mais aussi ceux \u00e9quip\u00e9s de tables \u00e0 langer ou <strong>de kits d\u2019hygi\u00e8ne f\u00e9minine<\/strong>\u2009\u00bb, pr\u00e9cise une vid\u00e9o promotionnelle r\u00e9alis\u00e9e par l\u2019Eurom\u00e9tropole.<\/p>\n<p>Votre r\u00e9gion, votre actu !<\/p>\n<p>Recevez chaque jour les infos qui comptent pour vous.<\/p>\n<p>\t<a href=\"https:\/\/actu.fr\/newsletter\" class=\"ac-btn ac-btn--corner ac-btn--medium ac-btn--blue800\" target=\"_blank\" rel=\"noopener\">S&rsquo;incrire<\/a><\/p>\n<p class=\" wall-content\">Les commer\u00e7ants partenaires <strong>re\u00e7oivent 100\u00a0euros par mois<\/strong>. Ils sont tous \u00e9quip\u00e9s de <strong>distributeurs de protections p\u00e9riodiques fournies par l\u2019association Kouglof<\/strong>.<\/p>\n<p class=\" wall-content\">Personnalisez votre actualit\u00e9 en ajoutant vos villes et m\u00e9dias en favori avec <a href=\"https:\/\/moncompte.actu.fr\" title=\"D\u00e9couvez Mon Actu\" rel=\"nofollow noopener\" data-trk=\"{&quot;cta&quot;:{&quot;action&quot;:&quot;https:\\\/\\\/moncompte.actu.fr&quot;,&quot;category&quot;:&quot;mon compte&quot;,&quot;from&quot;:&quot;article footer&quot;,&quot;name&quot;:&quot;Mon actu&quot;,&quot;type&quot;:&quot;cta&quot;}}\" target=\"_blank\">Mon Actu<\/a>.<\/p>\n<p>                    <script async src=\"\/\/www.instagram.com\/embed.js\"><\/script><\/p>\n","protected":false},"excerpt":{"rendered":"Par Thomas Blanc Publi\u00e9 le 20 oct. 2025 \u00e0 7h02 La Ville et l\u2019Eurom\u00e9tropole de Strasbourg se sont&hellip;\n","protected":false},"author":2,"featured_media":476322,"comment_status":"","ping_status":"","sticky":false,"template":"","format":"standard","meta":{"footnotes":""},"categories":[2820],"tags":[1111,11,1777,5342,674,1011,27,775,12,25,104,640],"class_list":{"0":"post-476321","1":"post","2":"type-post","3":"status-publish","4":"format-standard","5":"has-post-thumbnail","7":"category-strasbourg","8":"tag-actu","9":"tag-actualites","10":"tag-eu","11":"tag-eurometropole-de-strasbourg","12":"tag-europe","13":"tag-fr","14":"tag-france","15":"tag-grand-est","16":"tag-news","17":"tag-republique-francaise","18":"tag-societe","19":"tag-strasbourg"},"share_on_mastodon":{"url":"","error":""},"_links":{"self":[{"href":"https:\/\/www.europesays.com\/fr\/wp-json\/wp\/v2\/posts\/476321","targetHints":{"allow":["GET"]}}],"collection":[{"href":"https:\/\/www.europesays.com\/fr\/wp-json\/wp\/v2\/posts"}],"about":[{"href":"https:\/\/www.europesays.com\/fr\/wp-json\/wp\/v2\/types\/post"}],"author":[{"embeddable":true,"href":"https:\/\/www.europesays.com\/fr\/wp-json\/wp\/v2\/users\/2"}],"replies":[{"embeddable":true,"href":"https:\/\/www.europesays.com\/fr\/wp-json\/wp\/v2\/comments?post=476321"}],"version-history":[{"count":0,"href":"https:\/\/www.europesays.com\/fr\/wp-json\/wp\/v2\/posts\/476321\/revisions"}],"wp:featuredmedia":[{"embeddable":true,"href":"https:\/\/www.europesays.com\/fr\/wp-json\/wp\/v2\/media\/476322"}],"wp:attachment":[{"href":"https:\/\/www.europesays.com\/fr\/wp-json\/wp\/v2\/media?parent=476321"}],"wp:term":[{"taxonomy":"category","embeddable":true,"href":"https:\/\/www.europesays.com\/fr\/wp-json\/wp\/v2\/categories?post=476321"},{"taxonomy":"post_tag","embeddable":true,"href":"https:\/\/www.europesays.com\/fr\/wp-json\/wp\/v2\/tags?post=476321"}],"curies":[{"name":"wp","href":"https:\/\/api.w.org\/{rel}","templated":true}]}}