{"id":476334,"date":"2025-10-20T05:29:11","date_gmt":"2025-10-20T05:29:11","guid":{"rendered":"https:\/\/www.europesays.com\/fr\/476334\/"},"modified":"2025-10-20T05:29:11","modified_gmt":"2025-10-20T05:29:11","slug":"deja-44-morts-sur-les-routes-de-haute-garonne-les-gendarmes-vont-multiplier-les-controles-routiers","status":"publish","type":"post","link":"https:\/\/www.europesays.com\/fr\/476334\/","title":{"rendered":"D\u00e9j\u00e0 44 morts sur les routes de Haute-Garonne, les gendarmes vont multiplier les contr\u00f4les routiers"},"content":{"rendered":"<p>            Par<br \/>\n        <strong><br \/>\n            <a href=\"https:\/\/actu.fr\/auteur\/hugo-hancewicz\" title=\"Consulter tous les articles de Hugo Hancewicz\" target=\"_blank\" rel=\"noopener\">Hugo Hancewicz<\/a><br \/>\n        <\/strong><\/p>\n<p>        Publi\u00e9 le<\/p>\n<p>            20 oct. 2025 \u00e0 7h08        <\/p>\n<p>\u00ab\u2009On veut voir du bleu partout.\u2009\u00bb La phrase claque comme un avertissement. Ce vendredi 17\u00a0octobre 2025, veille de vacances scolaires, la couleur des uniformes s\u2019impose d\u00e8s le d\u00e9but de journ\u00e9e. Il n\u2019est pas encore 9\u00a0heures que les gilets fluorescents se d\u00e9ploient sur la RD 916. \u00c0 <a href=\"https:\/\/actu.fr\/occitanie\/labege_31254\" target=\"_blank\" rel=\"noopener\">Lab\u00e8ge<\/a>, les deux grands ronds-points qui desservent le sud de <a href=\"https:\/\/actu.fr\/toulouse\/\" target=\"_blank\" rel=\"noopener\">Toulouse<\/a> se transforment <strong>en vaste point de contr\u00f4le<\/strong>. Gendarmes, motards, cadres de la pr\u00e9fecture\u2009: tout le monde est sur le pont. L\u2019objectif\u2009? Se rendre visible, pr\u00e9venir, rappeler les r\u00e8gles\u2026 <strong>et sanctionner si n\u00e9cessaire<\/strong>. Car depuis plusieurs mois, les chiffres de la s\u00e9curit\u00e9 routi\u00e8re virent au rouge dans le d\u00e9partement. \u00ab\u2009On veut marquer les esprits. Les r\u00e9sultats ne sont pas bons, on doit agir\u2009\u00bb, Houda Vernhet, directrice de cabinet du pr\u00e9fet, venue sur le terrain. Depuis janvier,<strong> 44 automobilistes et motards ont perdu la vie<\/strong> sur les routes haut-garonnaises, <strong>soit cinq de plus que l\u2019an dernier \u00e0 la m\u00eame p\u00e9riode<\/strong>. Et les <a href=\"https:\/\/actu.fr\/occitanie\/toulouse_31555\/toulouse-un-homme-de-22-ans-perd-la-vie-dans-un-accident-de-moto-survenu-en-pleine-nuit_63002486.html\" target=\"_blank\" rel=\"noopener\">deux-roues<\/a> paient un tribut de plus en plus lourd. Reportage au c\u0153ur du dispositif.<\/p>\n<p>Les motards dans le viseur<\/p>\n<p class=\" wall-content\">Tout au long de la matin\u00e9e, les motos sont syst\u00e9matiquement arr\u00eat\u00e9es. V\u00e9rification des papiers, contr\u00f4le technique et <strong>\u00e9change rapide<\/strong>. \u00ab\u2009\u00c7a remet les id\u00e9es en place. On oublie vite que \u00e7a peut mal finir\u2009\u00bb, souffle un motard, casque encore viss\u00e9 sur la t\u00eate, \u00e0 la sortie du contr\u00f4le. D\u00e9but octobre, un homme \u00e0 moto <a href=\"https:\/\/actu.fr\/occitanie\/toulouse_31555\/un-motard-de-37-est-mort-dans-un-accident-a-toulouse-dans-la-nuit_63242663.html\" target=\"_blank\" rel=\"noopener\">a perdu la vie<\/a> derri\u00e8re l\u2019a\u00e9roport de <a href=\"https:\/\/actu.fr\/occitanie\/blagnac_31069\" target=\"_blank\" rel=\"noopener\">Blagnac<\/a>.<\/p>\n<p class=\" wall-content\">Et \u00e0 peine une heure apr\u00e8s le d\u00e9but de l\u2019op\u00e9ration, deux conducteurs de deux-roues ont d\u00e9j\u00e0 \u00e9t\u00e9 <a href=\"https:\/\/actu.fr\/occitanie\/lagardelle-sur-leze_31263\/au-sud-de-toulouse-accident-mortel-l-ado-de-16-ans-a-scooter-fauche-par-un-chauffard-sous-cocaine_61847247.html\" target=\"_blank\" rel=\"noopener\">contr\u00f4l\u00e9s positifs aux stup\u00e9fiants<\/a>. \u00ab\u2009C\u2019est un fl\u00e9au, mart\u00e8le Houda Vernhet. Conduire sous alcool ou stup\u00e9fiants reste <strong>un danger majeur<\/strong>\u2009\u00bb. Selon la pr\u00e9fecture, l\u2019alcool est impliqu\u00e9 dans pr\u00e8s de <a href=\"https:\/\/actu.fr\/occitanie\/lagardelle-sur-leze_31263\/pres-de-toulouse-percute-par-un-automobiliste-alcoolise-un-ado-de-14-ans-est-mort-a-scooter_62257815.html\" target=\"_blank\" rel=\"noopener\">29\u2009% des accidents mortels du d\u00e9partement<\/a>.<\/p>\n<p class=\" wall-content\">Plus inqui\u00e9tant encore, dans <strong>88\u2009% des accidents mortels<\/strong> impliquant un deux-roues en 2025, la responsabilit\u00e9 incombe uniquement au conducteur. \u00ab\u2009Le p\u00e9riph\u00e9rique toulousain est devenu un point noir. <a href=\"https:\/\/actu.fr\/occitanie\/toulouse_31555\/toulouse-il-bat-les-records-de-vitesse-un-conducteur-controle-a-252-km-h-au-lieu-de-90_63280707.html\" target=\"_blank\" rel=\"noopener\">Vitesse excessive<\/a>, d\u00e9passements dangereux\u2026 Chaque erreur peut \u00eatre fatale\u2009\u00bb, alerte Houda Vernhet. La pr\u00e9fecture rappelle toutefois que les voitures restent aussi majoritaires dans <a href=\"https:\/\/actu.fr\/occitanie\/martres-tolosane_31324\/face-a-face-mortel-sur-l-a64-menant-a-toulouse-ejectee-de-la-voiture-une-femme-perd-violemment-la-vie_62865786.html\" target=\"_blank\" rel=\"noopener\">les drames routiers<\/a> les impliquant et sont responsables dans <strong>90\u2009% des accidents mortels<\/strong>.<\/p>\n<p>\u00ab\u2009Quand \u00e7a touche le portefeuille, \u00e7a r\u00e9veille\u2009\u00bb<\/p>\n<p class=\" wall-content\">Face \u00e0 ce constat, les autorit\u00e9s savent qu\u2019il ne suffit pas de dresser des proc\u00e8s-verbaux. \u00ab\u2009Oui, frapper au portefeuille, \u00e7a marque. <strong>Mais la r\u00e9pression seule ne suffira pas<\/strong>. On a besoin de sensibiliser, d\u2019\u00e9duquer, de rappeler que la route n\u2019est pas un terrain de jeu\u2009\u00bb, poursuit la repr\u00e9sentante de l\u2019\u00c9tat.<\/p>\n<p class=\" wall-content\">Des actions de pr\u00e9vention existent d\u00e9j\u00e0 aupr\u00e8s des jeunes et des motards. D\u2019ici la fin de l\u2019ann\u00e9e, trois points d\u2019accueil vont voir le jour dans des bars et restaurants partenaires en <a href=\"https:\/\/actu.fr\/occitanie\/haute-garonne_31\" target=\"_blank\" rel=\"noopener\">Haute-Garonne<\/a>. Objectif\u2009: cr\u00e9er des <strong>\u201chaltes motardes\u201d<\/strong> avec du mat\u00e9riel de secours et des relais de pr\u00e9vention au plus pr\u00e8s du terrain.<\/p>\n<p>Votre r\u00e9gion, votre actu !<\/p>\n<p>Recevez chaque jour les infos qui comptent pour vous.<\/p>\n<p>\t<a href=\"https:\/\/actu.fr\/newsletter\" class=\"ac-btn ac-btn--corner ac-btn--medium ac-btn--blue800\" target=\"_blank\" rel=\"noopener\">S&rsquo;incrire<\/a><\/p>\n<p>    <img   decoding=\"async\" loading=\"lazy\" src=\"https:\/\/www.europesays.com\/fr\/wp-content\/uploads\/2025\/10\/police-labege-960x640.jpg\" alt=\"xxxx\" width=\"960\" height=\"640\"\/><br \/>\n    Selon la pr\u00e9fecture, dans 88\u2009% des accidents mortels impliquant un deux-roues en 2025, la responsabilit\u00e9 incombe uniquement au conducteur. (\u00a9HH\/actu Toulouse)<\/p>\n<p class=\" wall-content\">\u00ab\u2009La route ne doit plus tuer. On sent un rel\u00e2chement dans les comportements, donc <strong>chacun doit prendre sa part de responsabilit\u00e9<\/strong>\u2009\u00bb, insiste la directrice de cabinet. Ce vendredi, le bleu \u00e9tait partout, et Houda Vernhet le promet, il n\u2019a pas fini de l\u2019\u00eatre.<\/p>\n<p class=\" wall-content\">Personnalisez votre actualit\u00e9 en ajoutant vos villes et m\u00e9dias en favori avec <a href=\"https:\/\/moncompte.actu.fr\" title=\"D\u00e9couvez Mon Actu\" rel=\"nofollow noopener\" data-trk=\"{&quot;cta&quot;:{&quot;action&quot;:&quot;https:\\\/\\\/moncompte.actu.fr&quot;,&quot;category&quot;:&quot;mon compte&quot;,&quot;from&quot;:&quot;article footer&quot;,&quot;name&quot;:&quot;Mon actu&quot;,&quot;type&quot;:&quot;cta&quot;}}\" target=\"_blank\">Mon Actu<\/a>.<\/p>\n","protected":false},"excerpt":{"rendered":"Par Hugo Hancewicz Publi\u00e9 le 20 oct. 2025 \u00e0 7h08 \u00ab\u2009On veut voir du bleu partout.\u2009\u00bb La phrase&hellip;\n","protected":false},"author":2,"featured_media":476335,"comment_status":"","ping_status":"","sticky":false,"template":"","format":"standard","meta":{"footnotes":""},"categories":[2816],"tags":[119,1111,11,1777,674,1011,27,12,2680,1072,25,5009,104,2312],"class_list":{"0":"post-476334","1":"post","2":"type-post","3":"status-publish","4":"format-standard","5":"has-post-thumbnail","7":"category-toulouse","8":"tag-accident","9":"tag-actu","10":"tag-actualites","11":"tag-eu","12":"tag-europe","13":"tag-fr","14":"tag-france","15":"tag-news","16":"tag-occitanie","17":"tag-police","18":"tag-republique-francaise","19":"tag-securite-routiere","20":"tag-societe","21":"tag-toulouse"},"share_on_mastodon":{"url":"https:\/\/pubeurope.com\/@fr\/115404850084001856","error":""},"_links":{"self":[{"href":"https:\/\/www.europesays.com\/fr\/wp-json\/wp\/v2\/posts\/476334","targetHints":{"allow":["GET"]}}],"collection":[{"href":"https:\/\/www.europesays.com\/fr\/wp-json\/wp\/v2\/posts"}],"about":[{"href":"https:\/\/www.europesays.com\/fr\/wp-json\/wp\/v2\/types\/post"}],"author":[{"embeddable":true,"href":"https:\/\/www.europesays.com\/fr\/wp-json\/wp\/v2\/users\/2"}],"replies":[{"embeddable":true,"href":"https:\/\/www.europesays.com\/fr\/wp-json\/wp\/v2\/comments?post=476334"}],"version-history":[{"count":0,"href":"https:\/\/www.europesays.com\/fr\/wp-json\/wp\/v2\/posts\/476334\/revisions"}],"wp:featuredmedia":[{"embeddable":true,"href":"https:\/\/www.europesays.com\/fr\/wp-json\/wp\/v2\/media\/476335"}],"wp:attachment":[{"href":"https:\/\/www.europesays.com\/fr\/wp-json\/wp\/v2\/media?parent=476334"}],"wp:term":[{"taxonomy":"category","embeddable":true,"href":"https:\/\/www.europesays.com\/fr\/wp-json\/wp\/v2\/categories?post=476334"},{"taxonomy":"post_tag","embeddable":true,"href":"https:\/\/www.europesays.com\/fr\/wp-json\/wp\/v2\/tags?post=476334"}],"curies":[{"name":"wp","href":"https:\/\/api.w.org\/{rel}","templated":true}]}}