{"id":476346,"date":"2025-10-20T05:38:09","date_gmt":"2025-10-20T05:38:09","guid":{"rendered":"https:\/\/www.europesays.com\/fr\/476346\/"},"modified":"2025-10-20T05:38:09","modified_gmt":"2025-10-20T05:38:09","slug":"en-ile-de-france-ces-prefectures-sont-debordees-plongeant-de-nombreux-etrangers-dans-une-grande-incertitude","status":"publish","type":"post","link":"https:\/\/www.europesays.com\/fr\/476346\/","title":{"rendered":"En Ile-de-France, ces pr\u00e9fectures sont d\u00e9bord\u00e9es plongeant de nombreux \u00e9trangers dans une grande incertitude"},"content":{"rendered":"<p>            Par<br \/>\n        <strong><br \/>\n            <a href=\"https:\/\/actu.fr\/auteur\/thomas-martin\" title=\"Consulter tous les articles de Thomas Martin\" target=\"_blank\" rel=\"noopener\">Thomas Martin<\/a><br \/>\n        <\/strong><\/p>\n<p>        Publi\u00e9 le<\/p>\n<p>            20 oct. 2025 \u00e0 6h48        <\/p>\n<p>En <strong>\u00cele-de-France<\/strong>, de nombreux \u00e9trangers attendent d\u00e9sesp\u00e9r\u00e9ment le renouvellement ou la d\u00e9livrance de leur titre de s\u00e9jour. R\u00e9sultat : des personnes se retrouvent bloqu\u00e9es, parfois pendant plusieurs mois, <strong>sans droit au travail ni possibilit\u00e9 de voyager<\/strong>. Pour beaucoup, ces lenteurs se traduisent par une mise entre parenth\u00e8ses de leur vie quotidienne dont profitent certains comme le prouve cette <a href=\"https:\/\/actu.fr\/ile-de-france\/bobigny_93008\/une-vaste-affaire-de-corruption-au-sein-de-la-prefecture-de-seine-saint-denis-mise-au-jour_63306523.html\" target=\"_blank\" rel=\"noopener\">vaste affaire de corruption<\/a> mise \u00e0 jour \u00e0 la <a href=\"https:\/\/actu.fr\/tag\/prefecture-de-seine-saint-denis\" target=\"_blank\" rel=\"noopener\">pr\u00e9fecture de Seine-Saint-Denis<\/a>.\u00a0<\/p>\n<p>\u00ab\u00a0Tous les jours on attend de recevoir le message\u00a0\u00bb<\/p>\n<p class=\" wall-content\">Lorsque le compagnon d\u2019Assa, qui ne souhaite pas donner son nom, a perdu sa m\u00e8re, il n\u2019a pas pu se rendre en C\u00f4te d\u2019Ivoire pour l\u2019enterrement. La faute \u00e0 une demande de titre de s\u00e9jour en suspens depuis presque un an et demi.<\/p>\n<p class=\" wall-content\">L\u2019avocate de la famille leur a en effet d\u00e9conseill\u00e9 de quitter le territoire, au risque de ne pouvoir y revenir, malgr\u00e9 la d\u00e9livrance d\u2019un r\u00e9c\u00e9piss\u00e9 attestant de la proc\u00e9dure en cours.<br \/>\u00ab\u00a0On nous avait dit que \u00e7a prendrait quatre mois et on nous avait donn\u00e9 un r\u00e9c\u00e9piss\u00e9 de six mois\u00a0\u00bb, raconte la jeune femme, Italienne, dont le compagnon, qui travaille dans le BTP, ne souhaite pas s\u2019exprimer.<\/p>\n<p class=\" wall-content\">Depuis, quatre autres r\u00e9c\u00e9piss\u00e9s ont suivi, sans que le dossier n\u2019ait \u00e9t\u00e9 examin\u00e9 \u00e0 ce jour.<br \/>\u00ab\u00a0C\u2019est tr\u00e8s compliqu\u00e9 \u00e0 g\u00e9rer, tous les jours on attend de recevoir le message\u00a0\u00bb, s\u2019insurge la jeune femme install\u00e9e en Seine-Saint-Denis.<\/p>\n<p>Dans le Val-de-Marne, \u00ab\u00a0des rendez-vous impossibles\u00a0\u00bb et des \u00ab\u00a0dossiers bloqu\u00e9s\u00a0\u00bb<\/p>\n<p class=\" wall-content\">Comme sa famille, de nombreux \u00e9trangers, m\u00eame en situation r\u00e9guli\u00e8re, voient leurs vies p\u00e9nalis\u00e9es par l\u2019engorgement de certaines pr\u00e9fectures, particuli\u00e8rement celles d\u2019Ile-de-France.<\/p>\n<p class=\" wall-content\">\u00ab\u00a0On se retrouve avec des gens qui perdent leur travail, leur logement, leur couverture maladie\u00a0\u00bb, d\u00e9nonce Marie Barbarot, charg\u00e9 de projet \u00e0 la Cimade, association qui d\u00e9fend les droits de migrants et lance ce lundi une campagne pour d\u00e9noncer \u00ab\u00a0la complexit\u00e9 et l\u2019absurdit\u00e9 des proc\u00e9dures administratives\u00a0\u00bb.<\/p>\n<p>Votre r\u00e9gion, votre actu !<\/p>\n<p>Recevez chaque jour les infos qui comptent pour vous.<\/p>\n<p>\t<a href=\"https:\/\/actu.fr\/newsletter\" class=\"ac-btn ac-btn--corner ac-btn--medium ac-btn--blue800\" target=\"_blank\" rel=\"noopener\">S&rsquo;incrire<\/a><\/p>\n<p class=\" wall-content\">Dans le Val-de-Marne, fin septembre, une manifestation s\u2019est aussi tenue \u00e0 l\u2019appel d\u2019associations et syndicats d\u00e9non\u00e7ant des \u00ab\u00a0rendez-vous impossibles\u00a0\u00bb, des \u00ab\u00a0dossiers bloqu\u00e9s\u00a0\u00bb.<br \/>Jean Bidimbou, Congolais de 65 ans, vit en France depuis 2007 et d\u00e9pend de la pr\u00e9fecture de Seine-et-Marne. D\u00e9but septembre, son contrat de travail \u00e0 la SNCF a \u00e9t\u00e9 suspendu car son titre a expir\u00e9 fin ao\u00fbt, malgr\u00e9 une demande de renouvellement d\u00e9pos\u00e9e en mai.<\/p>\n<p class=\" wall-content\">Quant \u00e0 Rekia Belal, Alg\u00e9rienne de 35 ans, elle est rest\u00e9e plus de deux mois sans titre de s\u00e9jour avant d\u2019obtenir fin juillet une attestation de prolongation, valable trois mois. Une situation qui l\u2019a emp\u00each\u00e9e de percevoir des indemnit\u00e9s ch\u00f4mage et qui, dans le contexte des tensions diplomatiques franco-alg\u00e9riennes, l\u2019a pouss\u00e9e \u00e0 \u00ab\u00a0rester \u00e0 la maison\u00a0\u00bb par \u00ab\u00a0peur\u00a0\u00bb.<\/p>\n<p>350 000 titres de s\u00e9jour en circulation en Seine-Saint-Denis<\/p>\n<p class=\" wall-content\">A la pr\u00e9fecture de Seine-Saint-Denis, l\u2019une des plus engorg\u00e9es, le probl\u00e8me de ces ruptures de droit est consid\u00e9r\u00e9 comme une \u00ab\u00a0priorit\u00e9\u00a0\u00bb par le pr\u00e9fet Julien Charles.<br \/>Rappelant les \u00ab\u00a0volumes hors normes\u00a0\u00bb trait\u00e9s par ses services, avec pr\u00e8s de 350 000 titres de s\u00e9jour en circulation dans le d\u00e9partement, le pr\u00e9fet pointe les cons\u00e9quences d\u2019un piratage informatique, lors d\u2019un entretien \u00e0 l\u2019AFP.<\/p>\n<p class=\" wall-content\">Pendant \u00ab\u00a0une bonne partie de l\u2019ann\u00e9e 2024\u00a0\u00bb, jusqu\u2019\u00e0 60% des rendez-vous mis en ligne sur une semaine par la pr\u00e9fecture pouvaient ainsi \u00eatre \u00ab\u00a0aspir\u00e9s\u00a0\u00bb en quelques minutes pour ensuite \u00eatre revendus autour de 200 euros. D\u00e9sormais, c\u2019est la pr\u00e9fecture qui convoque les personnes, selon l\u2019urgence de leur situation afin de \u00ab\u00a0prioriser les rendez-vous\u00a0\u00bb.<\/p>\n<p class=\" wall-content\">Pour le pr\u00e9fet, la mise en place de \u00ab\u00a0proc\u00e9dures acc\u00e9l\u00e9r\u00e9es\u00a0\u00bb, d\u2019op\u00e9rations \u00ab\u00a0coups de poing\u00a0\u00bb pour r\u00e9duire le stock de titres pr\u00eats mais non d\u00e9livr\u00e9s et le rapprochement avec des interlocuteurs du monde \u00e9conomique et acad\u00e9mique ont permis de sensiblement diminuer le nombre de rupture de droit, m\u00eame s\u2019il faut selon lui \u00ab\u00a0rester humble\u00a0\u00bb. \u00ab\u00a0Je ne consid\u00e8re pas qu\u2019on soit au bout du chemin\u00a0\u00bb, reconna\u00eet-il.<\/p>\n<p>\u00a0Saisines en forte hausse\u00a0<\/p>\n<p class=\" wall-content\">L\u2019Etat s\u2019est fix\u00e9 l\u2019objectif d\u2019un d\u00e9lai de 55 jours en 2025 pour instruire les demandes de renouvellement des titres de s\u00e9jour et de 100 jours pour les premi\u00e8res demandes.<br \/>Mais \u00ab\u00a0dans les faits, pour ce qui concerne les pr\u00e9fectures traitant le plus de demandes de titres de s\u00e9jour, les d\u00e9lais sont encore tr\u00e8s \u00e9loign\u00e9s de ces objectifs\u00a0\u00bb, a constat\u00e9, dans un document publi\u00e9 en mars, le D\u00e9fenseur des droits, dont les saisines sur ce sujet ont explos\u00e9 ces derni\u00e8res ann\u00e9es.<\/p>\n<p class=\" wall-content\">A titre d\u2019exemple, en Essonne, les d\u00e9lais d\u2019instruction pour un renouvellement \u00e9taient de 60 jours en 2021, 101 jours en 2022, 89 jours en 2023.<br \/>La pr\u00e9fecture du Val-d\u2019Oise, elle, \u00e9voque sur son site internet un d\u00e9lai qui varie \u00ab\u00a0en g\u00e9n\u00e9ral (\u2026) entre 60 et 90 jours\u00a0\u00bb pour les renouvellements et \u00ab\u00a0va au-del\u00e0\u00a0\u00bb pour les premi\u00e8res demandes.<\/p>\n<p class=\" wall-content\">Personnalisez votre actualit\u00e9 en ajoutant vos villes et m\u00e9dias en favori avec <a href=\"https:\/\/moncompte.actu.fr\" title=\"D\u00e9couvez Mon Actu\" rel=\"nofollow noopener\" data-trk=\"{&quot;cta&quot;:{&quot;action&quot;:&quot;https:\\\/\\\/moncompte.actu.fr&quot;,&quot;category&quot;:&quot;mon compte&quot;,&quot;from&quot;:&quot;article footer&quot;,&quot;name&quot;:&quot;Mon actu&quot;,&quot;type&quot;:&quot;cta&quot;}}\" target=\"_blank\">Mon Actu<\/a>.<\/p>\n","protected":false},"excerpt":{"rendered":"Par Thomas Martin Publi\u00e9 le 20 oct. 2025 \u00e0 6h48 En \u00cele-de-France, de nombreux \u00e9trangers attendent d\u00e9sesp\u00e9r\u00e9ment le&hellip;\n","protected":false},"author":2,"featured_media":476347,"comment_status":"","ping_status":"","sticky":false,"template":"","format":"standard","meta":{"footnotes":""},"categories":[1592],"tags":[1111,11,1777,674,1011,27,662,1061,12,626,7134,22214,25,104],"class_list":{"0":"post-476346","1":"post","2":"type-post","3":"status-publish","4":"format-standard","5":"has-post-thumbnail","7":"category-ile-de-france","8":"tag-actu","9":"tag-actualites","10":"tag-eu","11":"tag-europe","12":"tag-fr","13":"tag-france","14":"tag-ile-de-france","15":"tag-immigration","16":"tag-news","17":"tag-paris","18":"tag-prefecture-de-seine-saint-denis","19":"tag-prefecture-du-val-de-marne","20":"tag-republique-francaise","21":"tag-societe"},"share_on_mastodon":{"url":"","error":""},"_links":{"self":[{"href":"https:\/\/www.europesays.com\/fr\/wp-json\/wp\/v2\/posts\/476346","targetHints":{"allow":["GET"]}}],"collection":[{"href":"https:\/\/www.europesays.com\/fr\/wp-json\/wp\/v2\/posts"}],"about":[{"href":"https:\/\/www.europesays.com\/fr\/wp-json\/wp\/v2\/types\/post"}],"author":[{"embeddable":true,"href":"https:\/\/www.europesays.com\/fr\/wp-json\/wp\/v2\/users\/2"}],"replies":[{"embeddable":true,"href":"https:\/\/www.europesays.com\/fr\/wp-json\/wp\/v2\/comments?post=476346"}],"version-history":[{"count":0,"href":"https:\/\/www.europesays.com\/fr\/wp-json\/wp\/v2\/posts\/476346\/revisions"}],"wp:featuredmedia":[{"embeddable":true,"href":"https:\/\/www.europesays.com\/fr\/wp-json\/wp\/v2\/media\/476347"}],"wp:attachment":[{"href":"https:\/\/www.europesays.com\/fr\/wp-json\/wp\/v2\/media?parent=476346"}],"wp:term":[{"taxonomy":"category","embeddable":true,"href":"https:\/\/www.europesays.com\/fr\/wp-json\/wp\/v2\/categories?post=476346"},{"taxonomy":"post_tag","embeddable":true,"href":"https:\/\/www.europesays.com\/fr\/wp-json\/wp\/v2\/tags?post=476346"}],"curies":[{"name":"wp","href":"https:\/\/api.w.org\/{rel}","templated":true}]}}