{"id":476358,"date":"2025-10-20T05:44:16","date_gmt":"2025-10-20T05:44:16","guid":{"rendered":"https:\/\/www.europesays.com\/fr\/476358\/"},"modified":"2025-10-20T05:44:16","modified_gmt":"2025-10-20T05:44:16","slug":"menace-russe-analyse-des-tensions-geopolitiques","status":"publish","type":"post","link":"https:\/\/www.europesays.com\/fr\/476358\/","title":{"rendered":"Menace russe : Analyse des tensions g\u00e9opolitiques"},"content":{"rendered":"<p><a href=\"https:\/\/lediplomate.media\/2025\/10\/decryptage-menace-russe-contradictions-recit-occidental-fragmente\/giuseppe-gagliano\/monde\/europe\/?print=pdf\" class=\"pdfprnt-button pdfprnt-button-pdf\" target=\"_blank\" rel=\"noopener\"><a href=\"https:\/\/lediplomate.media\/2025\/10\/decryptage-menace-russe-contradictions-recit-occidental-fragmente\/giuseppe-gagliano\/monde\/europe\/?print=print\" class=\"pdfprnt-button pdfprnt-button-print\" target=\"_blank\" rel=\"noopener\"><img loading=\"lazy\" data-lazyloaded=\"1\" width=\"32\" height=\"32\" decoding=\"async\" src=\"https:\/\/www.europesays.com\/fr\/wp-content\/uploads\/2025\/08\/print.png\" alt=\"menace russe\" title=\"Contenu imprim\u00e9\"\/>Imprimer l\u2019article<\/a><img data-lazyloaded=\"1\" fetchpriority=\"high\" decoding=\"async\" width=\"1024\" height=\"536\" src=\"https:\/\/www.europesays.com\/fr\/wp-content\/uploads\/2025\/10\/Image-LD-4-copie-19-1024x536.png\" alt=\"menace russe\" class=\"wp-image-15937\"  data-\/>R\u00e9alisation<strong>\u00a0Le Lab Le Diplo<\/strong><\/p>\n<p><strong>Par Giuseppe Gagliano, Pr\u00e9sident du Centro Studi Strategici Carlo De Cristoforis (C\u00f4me, Italie)\u00a0<\/strong><\/p>\n<p><strong>Au cours des derni\u00e8res semaines, les discours des responsables politiques et des services de renseignement occidentaux sur une pr\u00e9tendue menace imminente d\u2019attaque russe ont r\u00e9v\u00e9l\u00e9 une fragmentation croissante au sein de l\u2019OTAN et de l\u2019Union europ\u00e9enne. Entre d\u00e9clarations alarmistes, \u00e9valuations contradictoires et rh\u00e9torique hyperbolique, le r\u00e9cit g\u00e9opolitique donne l\u2019impression d\u2019un bloc incapable d\u2019articuler une position strat\u00e9gique coh\u00e9rente face \u00e0 Moscou.<\/strong><\/p>\n<p><strong>L\u2019alerte des services allemands<\/strong><\/p>\n<p>Le 13 octobre, les chefs des services de renseignement allemands ont d\u00e9clar\u00e9 que la Russie aurait \u00ab des possibilit\u00e9s r\u00e9alistes \u00bb d\u2019\u00e9tendre son influence vers l\u2019ouest et pourrait, si n\u00e9cessaire, entrer en conflit direct avec l\u2019OTAN avant 2029. Cette position dramatique, exprim\u00e9e par Martin J\u00e4ger et Sinan Selen, repose sur une lecture maximaliste de la posture militaire russe, mais n\u2019est \u00e9tay\u00e9e par aucun \u00e9l\u00e9ment public concret.<\/p>\n<p>Paradoxalement, Berlin a subi l\u2019un des coups \u00e9conomiques les plus significatifs de ces derni\u00e8res ann\u00e9es non pas de Moscou, mais de ses propres alli\u00e9s, avec la destruction des gazoducs Nord Stream en 2022. L\u2019id\u00e9e d\u2019une invasion russe planifi\u00e9e repose donc davantage sur des perceptions politiques que sur des donn\u00e9es op\u00e9rationnelles tangibles.<\/p>\n<p><strong>\u00c0 lire aussi :<\/strong> <a href=\"https:\/\/lediplomate.media\/2025\/09\/analyse-modele-finlandais-boussole-lendemain-ukrainien\/giuseppe-gagliano\/monde\/europe\/\" target=\"_blank\" rel=\"noreferrer noopener\">ANALYSE \u2013 Le \u00ab mod\u00e8le finlandais \u00bb comme boussole du lendemain ukrainien<\/a><\/p>\n<p><strong>La vision am\u00e9ricaine et finlandaise<\/strong><\/p>\n<p>\u00c0 Washington, le pr\u00e9sident am\u00e9ricain a affirm\u00e9 qu\u2019il d\u00e9fendrait la Finlande, membre de l\u2019OTAN, en cas d\u2019attaque, tout en pr\u00e9cisant qu\u2019il ne croyait pas \u00e0 une telle \u00e9ventualit\u00e9. Le pr\u00e9sident finlandais a lui aussi relativis\u00e9 le risque d\u2019une offensive russe \u00e0 court terme, estimant que la priorit\u00e9 devait \u00eatre le renforcement de la dissuasion plut\u00f4t que la diffusion de sc\u00e9narios catastrophistes. Ces prises de position contredisent directement la rh\u00e9torique allemande.<\/p>\n<p><strong>\u00c0 lire aussi :<\/strong> <a href=\"https:\/\/lediplomate.media\/2023\/08\/les-implications-geostrategiques-de-ladhesion-de-la-finlande-et-de-la-suede-a-lotan\/ana-pouvreau\/monde\/\" target=\"_blank\" rel=\"noreferrer noopener\">Adh\u00e9sion Finlande Su\u00e8de OTAN : Impact Strat\u00e9gique \u00c9crasant<\/a><\/p>\n<p><strong>L\u2019hyperbole de Rutte<\/strong><\/p>\n<p>Le secr\u00e9taire g\u00e9n\u00e9ral d\u00e9sign\u00e9 de l\u2019OTAN a ajout\u00e9 une tonalit\u00e9 dramatique au d\u00e9bat, \u00e9voquant une \u00ab guerre ouverte \u00bb en cas d\u2019attaque russe, tout en affirmant que l\u2019Alliance est \u00ab beaucoup plus forte \u00bb que Moscou. Ce discours paradoxal \u2014 affirmer une sup\u00e9riorit\u00e9 strat\u00e9gique tout en annon\u00e7ant un danger imminent \u2014 illustre la confusion de la communication occidentale. Si l\u2019OTAN est r\u00e9ellement plus puissante, pourquoi redouter une attaque imminente ?<\/p>\n<p><strong>\u00c0 lire aussi : <\/strong><a href=\"https:\/\/lediplomate.media\/2025\/05\/grand-bluff-sanctions-comment-occident-perdu-guerre-economique-contre-russie\/giuseppe-gagliano\/monde\/russie-et-ukraine\/\" target=\"_blank\" rel=\"noreferrer noopener\">Le grand bluff des sanctions : Comment l\u2019Occident a perdu la guerre \u00e9conomique contre la Russie<\/a><\/p>\n<p><strong>Le facteur industriel et technologique<\/strong><\/p>\n<p>Le commissaire europ\u00e9en \u00e0 la d\u00e9fense a reconnu que l\u2019Union europ\u00e9enne \u00ab n\u2019est pas pr\u00eate \u00bb \u00e0 se d\u00e9fendre contre des attaques de drones russes. Il a \u00e9galement rappel\u00e9 que la Russie produit en trois mois plus de munitions que l\u2019ensemble des \u00c9tats membres de l\u2019OTAN en un an. Ce constat affaiblit la narration d\u2019une sup\u00e9riorit\u00e9 occidentale incontest\u00e9e et renforce les interrogations sur la r\u00e9elle capacit\u00e9 de l\u2019Europe \u00e0 soutenir une confrontation prolong\u00e9e.<\/p>\n<p><strong>\u00c0 lire aussi :<\/strong> <a href=\"https:\/\/lediplomate.media\/2024\/12\/tribune-le-modele-libyen-libanais-un-futur-dinstabilite-pour-la-syrie-post-assad\/giuseppe-gagliano\/monde\/mena\/moyen-orient\/\" target=\"_blank\" rel=\"noreferrer noopener\">TRIBUNE \u2013 Le Mod\u00e8le Libyen-Libanais : Un Futur d\u2019Instabilit\u00e9 pour la Syrie Post-Assad<\/a><\/p>\n<p><strong>Un r\u00e9cit strat\u00e9gique incoh\u00e9rent<\/strong><\/p>\n<p>Entre la dramatisation allemande, le scepticisme am\u00e9ricain et finlandais, et les d\u00e9clarations th\u00e9\u00e2trales de Rutte, l\u2019Occident projette une image divis\u00e9e et peu cr\u00e9dible. Le contraste entre les proclamations de sup\u00e9riorit\u00e9 militaire et la reconnaissance des vuln\u00e9rabilit\u00e9s concr\u00e8tes \u2014 hypersoniques russes, drones, capacit\u00e9s industrielles \u2014 alimente le doute plut\u00f4t que la dissuasion.<\/p>\n<p>Avant de parler de \u00ab menace existentielle \u00bb russe, une coordination strat\u00e9gique minimale entre capitales occidentales appara\u00eet indispensable. Sans cela, la rh\u00e9torique de peur risque moins de renforcer la dissuasion que d\u2019exposer les fractures d\u2019un syst\u00e8me de s\u00e9curit\u00e9 collectif encore incapable d\u2019un discours unifi\u00e9.<\/p>\n<p><strong>\u00c0 lire ausi :<\/strong> <a href=\"https:\/\/lediplomate.media\/2025\/07\/tribune-voyage-au-bout-diplomatie\/jean-daspry\/france\/culture\/livres\/\" target=\"_blank\" rel=\"noreferrer noopener\">TRIBUNE \u2013 Voyage au bout de la diplomatie<\/a><\/p>\n<p>#Russie, #OTAN, #UnionEurop\u00e9enne, #GuerreFroide, #MenaceRusse, #G\u00e9opolitique, #S\u00e9curit\u00e9Europ\u00e9enne, #Renseignement, #Berlin, #Washington, #Moscou, #Finlande, #MarkRutte, #NATO, #D\u00e9fenseEurop\u00e9enne, #NordStream, #Strat\u00e9gieMilitaire, #GuerreEnEurope, #CriseDiplomatique, #PolitiqueInternationale, #AnalyseG\u00e9opolitique, #GiuseppeGagliano, #Dissuasion, #RussieOccident, #BlocOccidental, #UnionDivis\u00e9e, #MenaceMilitaire, #D\u00e9sinformation, #PostureMilitaire, #IndustrieDeLaD\u00e9fense, #TensionsInternationales, #EuropeDeLaD\u00e9fense, #CriseDeConfiance, #RelationsRussoEurop\u00e9ennes, #R\u00e9citOccidental, #Strat\u00e9gieGlobale, #Rivalit\u00e9EstOuest, #MondeMultipolaire, #D\u00e9cryptage, #PolitiqueDeS\u00e9curit\u00e9,<\/p>\n<p><img loading=\"lazy\" data-lazyloaded=\"1\" decoding=\"async\" src=\"https:\/\/www.europesays.com\/fr\/wp-content\/uploads\/2025\/10\/Giuseppe-Gagliano.jpg\" width=\"100\" height=\"100\" alt=\"menace russe\" itemprop=\"image\"\/><\/p>\n","protected":false},"excerpt":{"rendered":"Imprimer l\u2019articleR\u00e9alisation\u00a0Le Lab Le Diplo Par Giuseppe Gagliano, Pr\u00e9sident du Centro Studi Strategici Carlo De Cristoforis (C\u00f4me, Italie)\u00a0&hellip;\n","protected":false},"author":2,"featured_media":476359,"comment_status":"","ping_status":"","sticky":false,"template":"","format":"standard","meta":{"footnotes":""},"categories":[1591],"tags":[11,16403,674,1887,12,136,1885,1886,132,38930,220],"class_list":{"0":"post-476358","1":"post","2":"type-post","3":"status-publish","4":"format-standard","5":"has-post-thumbnail","7":"category-russie","8":"tag-actualites","9":"tag-decryptage","10":"tag-europe","11":"tag-federation-de-russie","12":"tag-news","13":"tag-otan","14":"tag-russia","15":"tag-russian-federation","16":"tag-russie","17":"tag-russie-ukraine","18":"tag-ukraine"},"share_on_mastodon":{"url":"https:\/\/pubeurope.com\/@fr\/115404909106962456","error":""},"_links":{"self":[{"href":"https:\/\/www.europesays.com\/fr\/wp-json\/wp\/v2\/posts\/476358","targetHints":{"allow":["GET"]}}],"collection":[{"href":"https:\/\/www.europesays.com\/fr\/wp-json\/wp\/v2\/posts"}],"about":[{"href":"https:\/\/www.europesays.com\/fr\/wp-json\/wp\/v2\/types\/post"}],"author":[{"embeddable":true,"href":"https:\/\/www.europesays.com\/fr\/wp-json\/wp\/v2\/users\/2"}],"replies":[{"embeddable":true,"href":"https:\/\/www.europesays.com\/fr\/wp-json\/wp\/v2\/comments?post=476358"}],"version-history":[{"count":0,"href":"https:\/\/www.europesays.com\/fr\/wp-json\/wp\/v2\/posts\/476358\/revisions"}],"wp:featuredmedia":[{"embeddable":true,"href":"https:\/\/www.europesays.com\/fr\/wp-json\/wp\/v2\/media\/476359"}],"wp:attachment":[{"href":"https:\/\/www.europesays.com\/fr\/wp-json\/wp\/v2\/media?parent=476358"}],"wp:term":[{"taxonomy":"category","embeddable":true,"href":"https:\/\/www.europesays.com\/fr\/wp-json\/wp\/v2\/categories?post=476358"},{"taxonomy":"post_tag","embeddable":true,"href":"https:\/\/www.europesays.com\/fr\/wp-json\/wp\/v2\/tags?post=476358"}],"curies":[{"name":"wp","href":"https:\/\/api.w.org\/{rel}","templated":true}]}}