{"id":476360,"date":"2025-10-20T05:45:17","date_gmt":"2025-10-20T05:45:17","guid":{"rendered":"https:\/\/www.europesays.com\/fr\/476360\/"},"modified":"2025-10-20T05:45:17","modified_gmt":"2025-10-20T05:45:17","slug":"elle-achemine-des-ambulances-en-ukraine","status":"publish","type":"post","link":"https:\/\/www.europesays.com\/fr\/476360\/","title":{"rendered":"elle achemine des ambulances en Ukraine"},"content":{"rendered":"<p>Anna La Beaume est une b\u00e9n\u00e9vole exp\u00e9riment\u00e9e.\u00a0Mandat\u00e9e par l\u2019association Ukraine Focus (lire par ailleurs), elle entamait son cinqui\u00e8me convoi humanitaire \u00e0 bord d\u2019une ambulance le 2\u00a0octobre.\u00a0Une aventure humaine et solidaire qui d\u00e9passe le simple transport de v\u00e9hicules.<\/p>\n<p>Malgr\u00e9 l\u2019appr\u00e9hension face aux risques croissants, Anna La Beaume pr\u00e9pare d\u00e9j\u00e0 sa prochaine mission, pr\u00e9vue en mai.<\/p>\n<p>Six ambulances et des fronti\u00e8res \u00e0 franchir<\/p>\n<p>Le 2\u00a0octobre, Anna La Beaume et d\u2019autres b\u00e9n\u00e9voles ont pris la route pour Munich, premi\u00e8re&#8230;<\/p>\n","protected":false},"excerpt":{"rendered":"Anna La Beaume est une b\u00e9n\u00e9vole exp\u00e9riment\u00e9e.\u00a0Mandat\u00e9e par l\u2019association Ukraine Focus (lire par ailleurs), elle entamait son cinqui\u00e8me&hellip;\n","protected":false},"author":2,"featured_media":476361,"comment_status":"","ping_status":"","sticky":false,"template":"","format":"standard","meta":{"footnotes":""},"categories":[1590],"tags":[11,11743,1777,674,107,1757,12,59992,220,40142],"class_list":{"0":"post-476360","1":"post","2":"type-post","3":"status-publish","4":"format-standard","5":"has-post-thumbnail","7":"category-ukraine","8":"tag-actualites","9":"tag-edition-haute-cote-dor","10":"tag-eu","11":"tag-europe","12":"tag-fil-info","13":"tag-insolite","14":"tag-news","15":"tag-saint-thibault","16":"tag-ukraine","17":"tag-vitteaux-bassin"},"share_on_mastodon":{"url":"","error":""},"_links":{"self":[{"href":"https:\/\/www.europesays.com\/fr\/wp-json\/wp\/v2\/posts\/476360","targetHints":{"allow":["GET"]}}],"collection":[{"href":"https:\/\/www.europesays.com\/fr\/wp-json\/wp\/v2\/posts"}],"about":[{"href":"https:\/\/www.europesays.com\/fr\/wp-json\/wp\/v2\/types\/post"}],"author":[{"embeddable":true,"href":"https:\/\/www.europesays.com\/fr\/wp-json\/wp\/v2\/users\/2"}],"replies":[{"embeddable":true,"href":"https:\/\/www.europesays.com\/fr\/wp-json\/wp\/v2\/comments?post=476360"}],"version-history":[{"count":0,"href":"https:\/\/www.europesays.com\/fr\/wp-json\/wp\/v2\/posts\/476360\/revisions"}],"wp:featuredmedia":[{"embeddable":true,"href":"https:\/\/www.europesays.com\/fr\/wp-json\/wp\/v2\/media\/476361"}],"wp:attachment":[{"href":"https:\/\/www.europesays.com\/fr\/wp-json\/wp\/v2\/media?parent=476360"}],"wp:term":[{"taxonomy":"category","embeddable":true,"href":"https:\/\/www.europesays.com\/fr\/wp-json\/wp\/v2\/categories?post=476360"},{"taxonomy":"post_tag","embeddable":true,"href":"https:\/\/www.europesays.com\/fr\/wp-json\/wp\/v2\/tags?post=476360"}],"curies":[{"name":"wp","href":"https:\/\/api.w.org\/{rel}","templated":true}]}}