{"id":476374,"date":"2025-10-20T05:52:12","date_gmt":"2025-10-20T05:52:12","guid":{"rendered":"https:\/\/www.europesays.com\/fr\/476374\/"},"modified":"2025-10-20T05:52:12","modified_gmt":"2025-10-20T05:52:12","slug":"en-atterrissant-un-avion-cargo-fait-deux-morts-et-termine-dans-la-mer","status":"publish","type":"post","link":"https:\/\/www.europesays.com\/fr\/476374\/","title":{"rendered":"En atterrissant, un avion-cargo fait deux morts et termine dans la mer"},"content":{"rendered":"<p>Un <a href=\"https:\/\/www.20minutes.fr\/societe\/4174801-20250923-crash-evite-nice-emotion-reprend-dessus-comment-pilotes-avion-gerent-peur\" target=\"_blank\" class=\"c-link c-link--is-underlined\" rel=\"nofollow noopener\">accident<\/a> endeuille ce lundi l\u2019a\u00e9roport de <a href=\"https:\/\/www.20minutes.fr\/monde\/4169429-20250825-boeing-passagers-bloques-pres-29-heures-avion-pouvoir-mettre-nez-dehors-seule-fois\" target=\"_blank\" class=\"c-link c-link--is-underlined\" rel=\"nofollow noopener\">Hong Kong<\/a>. Deux personnes ont \u00e9t\u00e9 tu\u00e9es avant l\u2019aube quand un avion de transport de fret a heurt\u00e9 un v\u00e9hicule au sol lors de son atterrissage, indique la police.<\/p>\n<p>Un avion-cargo Boeing 744 en provenance des <a href=\"https:\/\/www.20minutes.fr\/dossier\/emirats_arabes_unis\" target=\"_blank\" class=\"c-link c-link--is-underlined\" rel=\"nofollow noopener\">Emirats arabes unis<\/a> \u00ab\u00a0est sorti de la piste nord apr\u00e8s l\u2019atterrissage et s\u2019est ab\u00eem\u00e9 en mer\u00a0\u00bb, rapporte le D\u00e9partement de l\u2019aviation civile de Hong Kong dans un communiqu\u00e9.<\/p>\n<p>Les victimes travaillaient au sol<\/p>\n<p>\u00ab\u00a0Selon les premi\u00e8res informations, les quatre membres d\u2019\u00e9quipage \u00e0 bord (de l\u2019avion) ont \u00e9t\u00e9 secourus et transport\u00e9s \u00e0 l\u2019h\u00f4pital alors que deux membres du personnel au sol ont \u00e9t\u00e9 touch\u00e9s et sont tomb\u00e9s \u00e0 la mer\u00a0\u00bb, ajoute le D\u00e9partement de l\u2019aviation civile.<\/p>\n<\/p>\n<p>L\u2019un des hommes \u00e0 bord du v\u00e9hicule, \u00e2g\u00e9 de 30 ans, a \u00e9t\u00e9 d\u00e9clar\u00e9 mort sur place. Un autre occupant, \u00e2g\u00e9 de 41 ans, a \u00e9t\u00e9 d\u00e9clar\u00e9 mort apr\u00e8s avoir \u00e9t\u00e9 transport\u00e9 d\u2019urgence \u00e0 l\u2019h\u00f4pital.<\/p>\n<p><a href=\"https:\/\/www.20minutes.fr\/dossier\/hong_kong\" target=\"_blank\" class=\"c-link c-btn c-btn--primary\" rel=\"nofollow noopener\">Notre dossier sur Hong Kong<\/a><\/p>\n<p>La piste nord de l\u2019a\u00e9roport a \u00e9t\u00e9 temporairement ferm\u00e9e, ont indiqu\u00e9 les autorit\u00e9s. Les deux autres pistes continuent \u00e0 fonctionner.<\/p>\n","protected":false},"excerpt":{"rendered":"Un accident endeuille ce lundi l\u2019a\u00e9roport de Hong Kong. Deux personnes ont \u00e9t\u00e9 tu\u00e9es avant l\u2019aube quand un&hellip;\n","protected":false},"author":2,"featured_media":476375,"comment_status":"","ping_status":"","sticky":false,"template":"","format":"standard","meta":{"footnotes":""},"categories":[2],"tags":[10996,47,11,4098,118,1011,27,8233,74,12,25,133],"class_list":{"0":"post-476374","1":"post","2":"type-post","3":"status-publish","4":"format-standard","5":"has-post-thumbnail","7":"category-actualites","8":"tag-accident-davion","9":"tag-actualite","10":"tag-actualites","11":"tag-crash","12":"tag-faits-divers","13":"tag-fr","14":"tag-france","15":"tag-hong-kong","16":"tag-monde","17":"tag-news","18":"tag-republique-francaise","19":"tag-video"},"share_on_mastodon":{"url":"https:\/\/pubeurope.com\/@fr\/115404941033343783","error":""},"_links":{"self":[{"href":"https:\/\/www.europesays.com\/fr\/wp-json\/wp\/v2\/posts\/476374","targetHints":{"allow":["GET"]}}],"collection":[{"href":"https:\/\/www.europesays.com\/fr\/wp-json\/wp\/v2\/posts"}],"about":[{"href":"https:\/\/www.europesays.com\/fr\/wp-json\/wp\/v2\/types\/post"}],"author":[{"embeddable":true,"href":"https:\/\/www.europesays.com\/fr\/wp-json\/wp\/v2\/users\/2"}],"replies":[{"embeddable":true,"href":"https:\/\/www.europesays.com\/fr\/wp-json\/wp\/v2\/comments?post=476374"}],"version-history":[{"count":0,"href":"https:\/\/www.europesays.com\/fr\/wp-json\/wp\/v2\/posts\/476374\/revisions"}],"wp:featuredmedia":[{"embeddable":true,"href":"https:\/\/www.europesays.com\/fr\/wp-json\/wp\/v2\/media\/476375"}],"wp:attachment":[{"href":"https:\/\/www.europesays.com\/fr\/wp-json\/wp\/v2\/media?parent=476374"}],"wp:term":[{"taxonomy":"category","embeddable":true,"href":"https:\/\/www.europesays.com\/fr\/wp-json\/wp\/v2\/categories?post=476374"},{"taxonomy":"post_tag","embeddable":true,"href":"https:\/\/www.europesays.com\/fr\/wp-json\/wp\/v2\/tags?post=476374"}],"curies":[{"name":"wp","href":"https:\/\/api.w.org\/{rel}","templated":true}]}}