{"id":476382,"date":"2025-10-20T05:57:20","date_gmt":"2025-10-20T05:57:20","guid":{"rendered":"https:\/\/www.europesays.com\/fr\/476382\/"},"modified":"2025-10-20T05:57:20","modified_gmt":"2025-10-20T05:57:20","slug":"wta-tampico-premier-titre-wta-pour-hanne-vandewinkel-la-confirmation-que-je-vis-une-belle-annee","status":"publish","type":"post","link":"https:\/\/www.europesays.com\/fr\/476382\/","title":{"rendered":"WTA Tampico \u2013 Premier titre WTA pour Hanne Vandewinkel\u00a0: &lsquo;La confirmation que je vis une belle ann\u00e9e&rsquo;"},"content":{"rendered":"<p style=\"text-align:start\">La jeune Limbourgeoise, 21 ans, 163e au classement mondial, a pris la mesure de la Canadienne de 20 ans, Cadence Brace (N.6), 203e joueuse du monde. La partie s&rsquo;est achev\u00e9e sur le score de 6-4, 6-3 au bout de 1 heure et 31 minutes de jeu.<\/p>\n<p>\u00ab\u00a0J&rsquo;\u00e9tais un peu nerveuse, car il s\u2019agissait d\u2019un grand match pour moi, la premi\u00e8re finale \u00e0 ce niveau\u00a0\u00bb, a confi\u00e9 La Limbourgeoise, 21 ans, \u00e0 l\u2019Agence BELGA. \u00ab\u00a0Je voulais \u00e9videmment en retirer le maximum et aller chercher ce titre. Mais je suis tr\u00e8s bien rentr\u00e9e dans la partie et cela m\u2019a lib\u00e9r\u00e9e, car mon adversaire \u00e9tait plut\u00f4t coriace. Elle essayait de mettre la pression, mais sans forcer ses frappes. Il fallait que je sois pr\u00e9sente sur chaque point pour en faire une vraie bataille, d\u2019autant qu\u2019elle avait d\u00e9j\u00e0 pass\u00e9 pas mal d\u2019heures sur le court durant la semaine. Ce fut un match de haut niveau que j\u2019ai v\u00e9cu intens\u00e9ment. Il y a eu de tr\u00e8s longs \u00e9changes, mais je suis parvenue \u00e0 apporter un peu plus de vari\u00e9t\u00e9 dans mon jeu, tout en demeurant solide. C\u2019est ce qui a fait la diff\u00e9rence\u00a0\u00bb.<\/p>\n<p>Il s\u2019agissait de la toute premi\u00e8re finale \u00e0 ce niveau pour Hanne Vandewinkel, pass\u00e9e tout pr\u00e8s de se qualifier pour le tableau final \u00e0 l\u2019US Open fin ao\u00fbt. <strong>Troisi\u00e8me joueuse belge dans la hi\u00e9rarchie<\/strong>, la native de Bree n\u2019avait jusqu\u2019ici remport\u00e9 que des tournois du circuit ITF dont les deux plus dot\u00e9s furent des 40.000\u00a0dollars.\u00a0\u00ab\u00a0Remporter un titre fait toujours plaisir, mais celui-ci est \u00e9videmment particulier. C\u2019est la confirmation que je vis une belle ann\u00e9e, surtout au niveau de mon d\u00e9veloppement. J\u2019ai franchi pas mal d\u2019\u00e9tapes et pu me familiariser \u00e0 plusieurs reprises avec le haut niveau en allant disputer des plus grands tournois, comme des ITF 100 et des WTA 125. Et je suis tr\u00e8s heureuse d\u2019en obtenir la r\u00e9compense ici\u00a0\u00bb.<\/p>\n","protected":false},"excerpt":{"rendered":"La jeune Limbourgeoise, 21 ans, 163e au classement mondial, a pris la mesure de la Canadienne de 20&hellip;\n","protected":false},"author":2,"featured_media":476383,"comment_status":"","ping_status":"","sticky":false,"template":"","format":"standard","meta":{"footnotes":""},"categories":[1415],"tags":[1011,27,60,1467],"class_list":{"0":"post-476382","1":"post","2":"type-post","3":"status-publish","4":"format-standard","5":"has-post-thumbnail","7":"category-tennis","8":"tag-fr","9":"tag-france","10":"tag-sports","11":"tag-tennis"},"share_on_mastodon":{"url":"https:\/\/pubeurope.com\/@fr\/115404960358688302","error":""},"_links":{"self":[{"href":"https:\/\/www.europesays.com\/fr\/wp-json\/wp\/v2\/posts\/476382","targetHints":{"allow":["GET"]}}],"collection":[{"href":"https:\/\/www.europesays.com\/fr\/wp-json\/wp\/v2\/posts"}],"about":[{"href":"https:\/\/www.europesays.com\/fr\/wp-json\/wp\/v2\/types\/post"}],"author":[{"embeddable":true,"href":"https:\/\/www.europesays.com\/fr\/wp-json\/wp\/v2\/users\/2"}],"replies":[{"embeddable":true,"href":"https:\/\/www.europesays.com\/fr\/wp-json\/wp\/v2\/comments?post=476382"}],"version-history":[{"count":0,"href":"https:\/\/www.europesays.com\/fr\/wp-json\/wp\/v2\/posts\/476382\/revisions"}],"wp:featuredmedia":[{"embeddable":true,"href":"https:\/\/www.europesays.com\/fr\/wp-json\/wp\/v2\/media\/476383"}],"wp:attachment":[{"href":"https:\/\/www.europesays.com\/fr\/wp-json\/wp\/v2\/media?parent=476382"}],"wp:term":[{"taxonomy":"category","embeddable":true,"href":"https:\/\/www.europesays.com\/fr\/wp-json\/wp\/v2\/categories?post=476382"},{"taxonomy":"post_tag","embeddable":true,"href":"https:\/\/www.europesays.com\/fr\/wp-json\/wp\/v2\/tags?post=476382"}],"curies":[{"name":"wp","href":"https:\/\/api.w.org\/{rel}","templated":true}]}}