{"id":476386,"date":"2025-10-20T05:59:13","date_gmt":"2025-10-20T05:59:13","guid":{"rendered":"https:\/\/www.europesays.com\/fr\/476386\/"},"modified":"2025-10-20T05:59:13","modified_gmt":"2025-10-20T05:59:13","slug":"massimo-rivola-previent-apres-phillip-island-aprilia-fixe-un-objectif-audacieux","status":"publish","type":"post","link":"https:\/\/www.europesays.com\/fr\/476386\/","title":{"rendered":"Massimo Rivola pr\u00e9vient apr\u00e8s Phillip Island, Aprilia fixe un objectif audacieux"},"content":{"rendered":"<p>Sous le vent et la tension de Phillip Island, Marco Bezzecchi a offert \u00e0 Aprilia Racing une victoire aussi brillante que symbolique. Le pilote italien s\u2019est montr\u00e9 imp\u00e9rial, encha\u00eenant les d\u00e9passements avec audace. \u00ab Bezzecchi a \u00e9t\u00e9 parfait. Il d\u00e9passe \u00e0 tous les niveaux, c\u2019est fantastique \u00bb, a salu\u00e9 Massimo Rivola, PDG d\u2019Aprilia Racing, sur Sky Sport.<\/p>\n<p>Le dirigeant a \u00e9galement tenu \u00e0 f\u00e9liciter Raul Fernandez, auteur d\u2019un superbe week-end. \u00ab Je suis \u00e9galement heureux pour Raul Fernandez. Nous avons toujours cru en lui. \u00bb<\/p>\n<p>Aprilia sur la bonne voie, mais encore en qu\u00eate de constance<\/p>\n<p>Pour Rivola, cette 300e victoire n\u2019est pas une fin, mais un tremplin. \u00ab Nous sommes sur la bonne voie. Malgr\u00e9 l\u2019absence de Martin et les blessures d\u2019Ogura, nous avons montr\u00e9 notre solidit\u00e9. \u00bb<\/p>\n<p>L\u2019objectif est d\u00e9sormais de battre Marc Marquez. Rivola n\u2019\u00e9lude pas les regrets, puisque le champion espagnol n&rsquo;\u00e9tait pas \u00e0 Phillip Island, pour cause de blessure. \u00ab Je regrette son absence, et c\u2019est un peu de notre faute. \u00bb<\/p>\n<p>Un test attendu \u00e0 Sepang<\/p>\n<p>Apr\u00e8s Phillip Island, Aprilia tourne vers la Malaisie, o\u00f9 elle n\u2019a jamais vraiment brill\u00e9. \u00ab Si seulement nous \u00e9tions comp\u00e9titifs l\u00e0-bas \u00bb, se dit Rivola. Mais avec un Marco Bezzecchi conqu\u00e9rant et un Fernandez en pleine progression, l\u2019optimisme est de mise.<\/p>\n<p>   Partagez cette info avec vos amis et vos proches en cliquant ici<br \/> Pour r\u00e9sumer<\/p>\n<p>Aprilia c\u00e9l\u00e8bre sa 300e victoire en MotoGP gr\u00e2ce \u00e0 un Marco Bezzecchi imp\u00e9rial \u00e0 Phillip Island. Massimo Rivola salue aussi Raul Fernandez et fixe un nouvel objectif ambitieux : battre Marc Marquez, avant un test crucial en Malaisie \u00e0 Sepang.<\/p>\n<p>R\u00e9dacteur<\/p>\n<p><img decoding=\"async\" width=\"76\" height=\"76\" loading=\"lazy\" src=\"https:\/\/www.europesays.com\/fr\/wp-content\/uploads\/2025\/09\/logo-juste-houngla.jpg\" alt=\"Juste Houngla\"\/><\/p>\n","protected":false},"excerpt":{"rendered":"Sous le vent et la tension de Phillip Island, Marco Bezzecchi a offert \u00e0 Aprilia Racing une victoire&hellip;\n","protected":false},"author":2,"featured_media":476387,"comment_status":"","ping_status":"","sticky":false,"template":"","format":"standard","meta":{"footnotes":""},"categories":[1413],"tags":[1011,27,1457,1456,60,59961],"class_list":{"0":"post-476386","1":"post","2":"type-post","3":"status-publish","4":"format-standard","5":"has-post-thumbnail","7":"category-moto","8":"tag-fr","9":"tag-france","10":"tag-moto","11":"tag-motocycle","12":"tag-sports","13":"tag-sports-moto"},"share_on_mastodon":{"url":"https:\/\/pubeurope.com\/@fr\/115404969076067410","error":""},"_links":{"self":[{"href":"https:\/\/www.europesays.com\/fr\/wp-json\/wp\/v2\/posts\/476386","targetHints":{"allow":["GET"]}}],"collection":[{"href":"https:\/\/www.europesays.com\/fr\/wp-json\/wp\/v2\/posts"}],"about":[{"href":"https:\/\/www.europesays.com\/fr\/wp-json\/wp\/v2\/types\/post"}],"author":[{"embeddable":true,"href":"https:\/\/www.europesays.com\/fr\/wp-json\/wp\/v2\/users\/2"}],"replies":[{"embeddable":true,"href":"https:\/\/www.europesays.com\/fr\/wp-json\/wp\/v2\/comments?post=476386"}],"version-history":[{"count":0,"href":"https:\/\/www.europesays.com\/fr\/wp-json\/wp\/v2\/posts\/476386\/revisions"}],"wp:featuredmedia":[{"embeddable":true,"href":"https:\/\/www.europesays.com\/fr\/wp-json\/wp\/v2\/media\/476387"}],"wp:attachment":[{"href":"https:\/\/www.europesays.com\/fr\/wp-json\/wp\/v2\/media?parent=476386"}],"wp:term":[{"taxonomy":"category","embeddable":true,"href":"https:\/\/www.europesays.com\/fr\/wp-json\/wp\/v2\/categories?post=476386"},{"taxonomy":"post_tag","embeddable":true,"href":"https:\/\/www.europesays.com\/fr\/wp-json\/wp\/v2\/tags?post=476386"}],"curies":[{"name":"wp","href":"https:\/\/api.w.org\/{rel}","templated":true}]}}