{"id":476388,"date":"2025-10-20T06:00:13","date_gmt":"2025-10-20T06:00:13","guid":{"rendered":"https:\/\/www.europesays.com\/fr\/476388\/"},"modified":"2025-10-20T06:00:13","modified_gmt":"2025-10-20T06:00:13","slug":"une-mauvaise-course-pour-esteban-ocon-au-gp-des-etats-unis","status":"publish","type":"post","link":"https:\/\/www.europesays.com\/fr\/476388\/","title":{"rendered":"\u00ab Une mauvaise course \u00bb pour Esteban Ocon au GP des \u00c9tats-Unis"},"content":{"rendered":"<p><a href=\"https:\/\/www.autohebdo.fr\/pilote\/f1\/esteban-ocon-2\" data-internallinksmanager029f6b8e52c=\"37\" title=\"Esteban Ocon\" rel=\"nofollow noopener\" target=\"_blank\">Esteban Ocon<\/a> (<a href=\"https:\/\/www.autohebdo.fr\/actualites\/ecurie\/haas\" data-internallinksmanager029f6b8e52c=\"82\" title=\"Ecurie Haas F1 Team\" rel=\"nofollow noopener\" target=\"_blank\">Haas<\/a>) n\u2019a pas pass\u00e9 un bon week-end au Texas. Harponn\u00e9 par <a href=\"https:\/\/www.autohebdo.fr\/pilote\/f1\/lance-stroll\" data-internallinksmanager029f6b8e52c=\"48\" title=\"Lance Stroll\" rel=\"nofollow noopener\" target=\"_blank\">Lance Stroll<\/a> (<a href=\"https:\/\/www.autohebdo.fr\/actualites\/ecurie\/aston-martin\" data-internallinksmanager029f6b8e52c=\"77\" title=\"Ecurie Aston Martin F1 Team\" rel=\"nofollow noopener\" target=\"_blank\">Aston Martin<\/a>) lors de la course Sprint, le Fran\u00e7ais a termin\u00e9 au 15e rang de la course dominicale. Surtout, l\u2019ancien pilote <a href=\"https:\/\/www.autohebdo.fr\/actualites\/monoplace\/fr-alpine\" data-internallinksmanager029f6b8e52c=\"18\" title=\"Alpine\" rel=\"nofollow noopener\" target=\"_blank\">Alpine<\/a> a \u00e9t\u00e9 devanc\u00e9 lors des deux derniers Grands Prix par son \u00e9quipier Oliver Bearman, le Britannique inscrivant des points \u00e0 Singapour (9e) et \u00e0 Austin (9e).<\/p>\n<p>\u00ab Cela a \u00e9t\u00e9 un week-end tr\u00e8s difficile, n\u2019a pas cach\u00e9 Ocon au micro de Canal +. Nous n\u2019avons pas fait les bons choix sur cette course. Nous nous sommes \u00e9lanc\u00e9s avec le pneu dur et nous avons montr\u00e9 \u00e0 tout le monde que ce n\u2019\u00e9tait pas la bonne strat\u00e9gie. Ils ont donc tous fait medium-soft ou soft-medium en \u00e9vitant le dur. Nous avons perdu \u00e9norm\u00e9ment de positions. J\u2019en avais gagn\u00e9 trois ou quatre au d\u00e9part et je me suis fait doubler sur les quatre tours suivants. Je n\u2019avais aucun rythme sur ce pneu. Apr\u00e8s, en mediums notre rythme \u00e9tait correct mais c\u2019\u00e9tait trop tard. Nous ne pouvions pas rattraper ce que nous avions perdu sur les 25 premiers tours. C\u2019\u00e9tait une mauvaise course. \u00bb<\/p>\n<p>Le Normand se consolera peut-\u00eatre avec la place honorifique de meilleur Fran\u00e7ais du Grand Prix, puisqu\u2019il a devanc\u00e9 Isack Hadjar (Racing Bulls, 16e) et <a href=\"https:\/\/www.autohebdo.fr\/pilote\/f1\/pierre-gasly\" data-internallinksmanager029f6b8e52c=\"8\" title=\"Pierre Gasly\" rel=\"nofollow noopener\" target=\"_blank\">Pierre Gasly<\/a> (Alpine, 19e).<\/p>\n<p><strong>\u00c0 LIRE AUSSI &gt; <\/strong><a href=\"https:\/\/www.autohebdo.fr\/actualites\/f1\/gp-des-etats-unis-max-verstappen-gagne-et-relance-le-championnat.html\" target=\"_blank\" rel=\"noopener nofollow\"><strong>GP des \u00c9tats-Unis : Max Verstappen gagne et relance le championnat<\/strong><\/a><\/p>\n","protected":false},"excerpt":{"rendered":"Esteban Ocon (Haas) n\u2019a pas pass\u00e9 un bon week-end au Texas. Harponn\u00e9 par Lance Stroll (Aston Martin) lors&hellip;\n","protected":false},"author":2,"featured_media":476389,"comment_status":"","ping_status":"","sticky":false,"template":"","format":"standard","meta":{"footnotes":""},"categories":[1412],"tags":[1451,1452,1453,1454,1455,1011,27,60],"class_list":{"0":"post-476388","1":"post","2":"type-post","3":"status-publish","4":"format-standard","5":"has-post-thumbnail","7":"category-f1","8":"tag-f1","9":"tag-formula-1","10":"tag-formula1","11":"tag-formule-1","12":"tag-formule1","13":"tag-fr","14":"tag-france","15":"tag-sports"},"share_on_mastodon":{"url":"https:\/\/pubeurope.com\/@fr\/115404971891357474","error":""},"_links":{"self":[{"href":"https:\/\/www.europesays.com\/fr\/wp-json\/wp\/v2\/posts\/476388","targetHints":{"allow":["GET"]}}],"collection":[{"href":"https:\/\/www.europesays.com\/fr\/wp-json\/wp\/v2\/posts"}],"about":[{"href":"https:\/\/www.europesays.com\/fr\/wp-json\/wp\/v2\/types\/post"}],"author":[{"embeddable":true,"href":"https:\/\/www.europesays.com\/fr\/wp-json\/wp\/v2\/users\/2"}],"replies":[{"embeddable":true,"href":"https:\/\/www.europesays.com\/fr\/wp-json\/wp\/v2\/comments?post=476388"}],"version-history":[{"count":0,"href":"https:\/\/www.europesays.com\/fr\/wp-json\/wp\/v2\/posts\/476388\/revisions"}],"wp:featuredmedia":[{"embeddable":true,"href":"https:\/\/www.europesays.com\/fr\/wp-json\/wp\/v2\/media\/476389"}],"wp:attachment":[{"href":"https:\/\/www.europesays.com\/fr\/wp-json\/wp\/v2\/media?parent=476388"}],"wp:term":[{"taxonomy":"category","embeddable":true,"href":"https:\/\/www.europesays.com\/fr\/wp-json\/wp\/v2\/categories?post=476388"},{"taxonomy":"post_tag","embeddable":true,"href":"https:\/\/www.europesays.com\/fr\/wp-json\/wp\/v2\/tags?post=476388"}],"curies":[{"name":"wp","href":"https:\/\/api.w.org\/{rel}","templated":true}]}}