{"id":476390,"date":"2025-10-20T06:01:10","date_gmt":"2025-10-20T06:01:10","guid":{"rendered":"https:\/\/www.europesays.com\/fr\/476390\/"},"modified":"2025-10-20T06:01:10","modified_gmt":"2025-10-20T06:01:10","slug":"alexys-brunel-jai-encore-beaucoup-de-boulot-actualite","status":"publish","type":"post","link":"https:\/\/www.europesays.com\/fr\/476390\/","title":{"rendered":"Alexys Brunel : \u00ab J\u2019ai encore beaucoup de boulot \u00bb &#8211; Actualit\u00e9"},"content":{"rendered":"<p style=\"text-align: justify;\"><strong><strong><a href=\"https:\/\/www.directvelo.com\/coureur\/4948\/alexys-brunel\" target=\"_blank\" rel=\"noopener\">Alexys Brunel<\/a><\/strong>\u00a0a mis un terme \u00e0 sa saison 2025 ce dimanche lors du Chrono des Nations, <strong><a href=\"https:\/\/www.directvelo.com\/actualite\/124750\/chrono-des-nations-elite-hommes-classement\" target=\"_blank\" rel=\"noopener\">o\u00f9 il a d\u00e9croch\u00e9 un fond de Top 15<\/a><\/strong>. Loin du meilleur temps de Joshua Tarling, et derri\u00e8re des coureurs r\u00e9put\u00e9s moins sp\u00e9cialistes, comme son propre co\u00e9quipier Emilien Jeanni\u00e8re, mais l\u2019essentiel \u00e9tait ailleurs pour le Nordiste. \u201cOn est en fin de saison et j\u2019ai fait le Mondial de Gravel la semaine derni\u00e8re, \u00e7a a laiss\u00e9 des traces. Physiquement, je ne pouvais pas faire beaucoup mieux mais je n\u2019ai pas de regrets, j\u2019ai bien g\u00e9r\u00e9 et je n\u2019ai pas p\u00e9ch\u00e9 dans le final. Au niveau des donn\u00e9es, c\u2019est plut\u00f4t correct. Je suis simplement heureux d\u2019avoir fait mon retour sur le Chrono des Nations, c\u2019est cool\u201d.<br \/>Grand sp\u00e9cialiste des efforts chronom\u00e9tr\u00e9s depuis les jeunes cat\u00e9gories, l\u2019ancien Champion d\u2019Europe Juniors puis double Champion de France Espoirs de la discipline n\u2019a plus le m\u00eame rendement actuellement. Mais pas de panique : il esp\u00e8re bien que ce n\u2019est qu\u2019une question de temps. \u201cCe chrono, c\u2019\u00e9tait du travail pour la saison prochaine. J\u2019ai encore beaucoup de boulot \u00e0 faire pour revenir \u00e0 mon meilleur niveau en chrono mais je fais le maximum au quotidien pour retrouver ce niveau-l\u00e0. Le chrono est une discipline \u00e0 part. \u00catre tout seul avec sa machine, j\u2019ai toujours aim\u00e9 \u00e7a\u201d, rappelle <strong><a href=\"https:\/\/www.directvelo.com\/epreuve\/14195\/chrono-des-nations-juniors\" target=\"_blank\" rel=\"noopener\">celui qui avait d\u2019ailleurs remport\u00e9 le Chrono des Nations chez les Juniors en 2016<\/a><\/strong>. \u201cL\u2019\u00e9quipe met tout en place pour que l\u2019on r\u00e9ussisse, c\u2019est un vrai point positif m\u00eame si on peut encore s\u2019am\u00e9liorer un petit peu sur le mat\u00e9riel\u201d.<\/strong><\/p>\n<p><strong>DU GRAVEL PENDANT UN MOIS<\/strong><br \/>Le coureur du Team TotalEnergies n\u2019avait plus disput\u00e9 la moindre course sur route depuis plus d\u2019un mois et le Tour d\u2019Istanbul (2.1) en Turquie. Entre-temps, il avait encha\u00een\u00e9 les comp\u00e9titions de\u2026 gravel, jusqu\u2019au Championnat de France (7e) et au Mondial (26e). \u201cJ\u2019aime \u00e7a. Il a fallu que je reprenne mes marques mais c\u2019est hyper ludique. Je suis vraiment content que l\u2019\u00e9quipe me donne l\u2019opportunit\u00e9 d\u2019aller faire un peu de gravel de temps en temps\u201d. L\u2019athl\u00e8te de 27 ans &#8211; il les a f\u00eat\u00e9s le 10 octobre dernier &#8211; va d\u00e9sormais prendre le temps de souffler avant de se tourner vers 2026 <strong><a href=\"https:\/\/www.directvelo.com\/actualite\/124248\/alexys-brunel-fixe-sur-son-avenir\" target=\"_blank\" rel=\"noopener\">et une nouvelle ann\u00e9e au sein de la ProTeam vend\u00e9enne<\/a><\/strong>.<\/p>\n<p><strong><a href=\"https:\/\/www.directvelo.com\/actualite\/119209\/alexys-brunel-je-ne-veux-pas-m-arreter-la\" target=\"_blank\" rel=\"noopener\">Vainqueur du Grand Prix Jean-Pierre Monser\u00e9 d\u00e9but mars<\/a><\/strong>, Alexys Brunel tire un bilan positif de sa saison, pour son retour chez les pros, et ne compte pas s\u2019arr\u00eater en si bon chemin. \u201cJe veux continuer sur cette lign\u00e9e l\u2019an prochain, refaire de tr\u00e8s belles performances. J\u2019ai envie de gagner \u00e0 nouveau. Pour un retour, avoir gagn\u00e9 en aussi peu de temps est d\u00e9j\u00e0 bien. Certes, ce n\u2019\u00e9tait pas au niveau WorldTour mais il faut savoir y aller \u00e9tape par \u00e9tape et se satisfaire de \u00e7a. Je suis content\u201d, insiste-t-il pour conclure.\u00a0 <\/p>\n","protected":false},"excerpt":{"rendered":"Alexys Brunel\u00a0a mis un terme \u00e0 sa saison 2025 ce dimanche lors du Chrono des Nations, o\u00f9 il&hellip;\n","protected":false},"author":2,"featured_media":476391,"comment_status":"","ping_status":"","sticky":false,"template":"","format":"standard","meta":{"footnotes":""},"categories":[1411],"tags":[834,828,836,829,837,827,83,826,824,823,1154,207,814,817,815,816,822,821,832,211,839,1011,27,820,818,819,835,831,830,833,838,60,212,208,825],"class_list":{"0":"post-476390","1":"post","2":"type-post","3":"status-publish","4":"format-standard","5":"has-post-thumbnail","7":"category-cyclisme","8":"tag-attaque","9":"tag-belgique","10":"tag-braquet","11":"tag-bretagne","12":"tag-chute","13":"tag-competition","14":"tag-coupe-de-france","15":"tag-coureur","16":"tag-course-cyclisme","17":"tag-course-cycliste","18":"tag-cycling","19":"tag-cyclisme","20":"tag-direct","21":"tag-direct-velo","22":"tag-directvelo","23":"tag-directvelo-com","24":"tag-epreuve","25":"tag-epreuve-cycliste","26":"tag-federation-francaise-de-cyclisme","27":"tag-ffc","28":"tag-flandres","29":"tag-fr","30":"tag-france","31":"tag-live","32":"tag-live-course","33":"tag-live-epreuve","34":"tag-peloton","35":"tag-radio-peloton","36":"tag-radio-tour","37":"tag-ravitaillement","38":"tag-relance","39":"tag-sports","40":"tag-uci","41":"tag-velo","42":"tag-velos"},"share_on_mastodon":{"url":"","error":""},"_links":{"self":[{"href":"https:\/\/www.europesays.com\/fr\/wp-json\/wp\/v2\/posts\/476390","targetHints":{"allow":["GET"]}}],"collection":[{"href":"https:\/\/www.europesays.com\/fr\/wp-json\/wp\/v2\/posts"}],"about":[{"href":"https:\/\/www.europesays.com\/fr\/wp-json\/wp\/v2\/types\/post"}],"author":[{"embeddable":true,"href":"https:\/\/www.europesays.com\/fr\/wp-json\/wp\/v2\/users\/2"}],"replies":[{"embeddable":true,"href":"https:\/\/www.europesays.com\/fr\/wp-json\/wp\/v2\/comments?post=476390"}],"version-history":[{"count":0,"href":"https:\/\/www.europesays.com\/fr\/wp-json\/wp\/v2\/posts\/476390\/revisions"}],"wp:featuredmedia":[{"embeddable":true,"href":"https:\/\/www.europesays.com\/fr\/wp-json\/wp\/v2\/media\/476391"}],"wp:attachment":[{"href":"https:\/\/www.europesays.com\/fr\/wp-json\/wp\/v2\/media?parent=476390"}],"wp:term":[{"taxonomy":"category","embeddable":true,"href":"https:\/\/www.europesays.com\/fr\/wp-json\/wp\/v2\/categories?post=476390"},{"taxonomy":"post_tag","embeddable":true,"href":"https:\/\/www.europesays.com\/fr\/wp-json\/wp\/v2\/tags?post=476390"}],"curies":[{"name":"wp","href":"https:\/\/api.w.org\/{rel}","templated":true}]}}