{"id":476398,"date":"2025-10-20T06:05:15","date_gmt":"2025-10-20T06:05:15","guid":{"rendered":"https:\/\/www.europesays.com\/fr\/476398\/"},"modified":"2025-10-20T06:05:15","modified_gmt":"2025-10-20T06:05:15","slug":"prix-litteraire-les-inrockuptibles-2025-qui-sont-les-quatre-laureates","status":"publish","type":"post","link":"https:\/\/www.europesays.com\/fr\/476398\/","title":{"rendered":"Prix litt\u00e9raire Les Inrockuptibles 2025 : qui sont les quatre laur\u00e9ates ?"},"content":{"rendered":"<p>Roman et r\u00e9cit fran\u00e7ais ou \u00e9tranger, premier roman\u2026 Voici les quatre laur\u00e9ates du Prix litt\u00e9raire Les Inrockuptibles 2025.<\/p>\n<p>Beaucoup de tr\u00e8s bons livres sont parus depuis janvier et n\u2019en choisir que dix pour nos premi\u00e8res s\u00e9lections a relev\u00e9 du v\u00e9ritable casse-t\u00eate. Apr\u00e8s, pourtant, tout a \u00e9t\u00e9 tr\u00e8s vite\u00a0: <a href=\"https:\/\/www.lesinrocks.com\/livres\/rentree-litteraire-2025-laura-vazquez-une-voix-queer-et-hyper-contemporaine-a-decouvrir-677697-21-08-2025\/\" target=\"_blank\" rel=\"noopener\">Laura Vazquez<\/a> s\u2019est d\u2019embl\u00e9e impos\u00e9e pour remporter le Prix Les Inrockuptibles en litt\u00e9rature fran\u00e7aise avec Les Forces (Sous-sol), tant ce deuxi\u00e8me roman queer et punk allie tout ce que nous appelions de nos v\u0153ux pour un \u201cprix Inrocks\u201d quand nous l\u2019avons cr\u00e9\u00e9 en 2020.<\/p>\n<p>Cette 6e \u00e9dition de notre prix, <a href=\"https:\/\/www.lesinrocks.com\/livres\/prix-litteraire-les-inrockuptibles-2025-vincent-macaigne-sera-le-parrain-de-notre-6e-edition-679781-11-09-2025\/\" target=\"_blank\" rel=\"noopener\">parrain\u00e9e par l\u2019auteur de th\u00e9\u00e2tre, l\u2019acteur et r\u00e9alisateur Vincent Macaigne,<\/a> a donc trouv\u00e9 dans Les Forces l\u2019audace, la prise de risque, la puissance d\u2019une voix singuli\u00e8re, le souffle, l\u2019\u00e9nergie et la libert\u00e9 inou\u00ef\u00b7es qui l\u2019imposent comme un v\u00e9ritable geste litt\u00e9raire ultra contemporain, ce que nous avons toujours voulu r\u00e9compenser. L\u2019\u00e9criture de Laura Vazquez bouscule tout, et surtout tout ce qu\u2019on d\u00e9teste et qui sont en train de s\u2019imposer dangereusement dans le monde\u00a0: les conformismes, les doxas et toute forme de bigoterie.<\/p>\n<p>Dans la cat\u00e9gorie premier roman, c\u2019est la r\u00e9v\u00e9lation de la rentr\u00e9e, <a href=\"https:\/\/www.lesinrocks.com\/livres\/sephora-pondi-primo-romanciere-conquerante-et-loin-des-cliches-677689-20-08-2025\/\" target=\"_blank\" rel=\"noopener\">S\u00e9phora Pondi, 33 ans, qui l\u2019emporte avec Avale (Grasset)<\/a>\u00a0: elle aussi a fait le choix de la contemporan\u00e9it\u00e9, depuis ses th\u00e9matiques (le regard pos\u00e9 sur le corps), jusqu\u2019\u00e0 son style tr\u00e8s direct, et la forme m\u00eame de son texte. Enfin, pour le Prix Les Inrockuptibles du roman \u00e9tranger, le choix s\u2019est r\u00e9v\u00e9l\u00e9 tellement difficile entre deux propositions si diff\u00e9rentes (une autrice septuag\u00e9naire et c\u00e9l\u00e9br\u00e9e, une autre trentenaire et d\u00e9butante), arrivant ex-aequo au moment de nos votes, que nous avons d\u00e9cid\u00e9, exceptionnellement, de ne pas trancher. Avec <a href=\"https:\/\/www.lesinrocks.com\/livres\/je-suis-fan-de-sheena-patel-lemergence-dune-voix-corrosive-et-originale-655904-25-04-2025\/\" target=\"_blank\" rel=\"noopener\">Je suis fan (Gallimard), <\/a>sorti en avril dernier et traduit par Marie Darrieussecq, l\u2019Anglaise Sheena Patel signe elle aussi un premier texte travaill\u00e9 par le monde d\u2019aujourd\u2019hui (r\u00e9seaux sociaux, polyamour, mixit\u00e9 ethnique, racisme, perte de rep\u00e8res) et le roman d\u2019une nouvelle g\u00e9n\u00e9ration perdue. Quant \u00e0<a href=\"https:\/\/www.lesinrocks.com\/livres\/rentree-litteraire-2025-sigrid-nunez-comprendre-quon-peut-rater-ca-a-change-toute-ma-vie-677844-20-08-2025\/\" target=\"_blank\" rel=\"noopener\"> Sigrid Nunez<\/a>, qu\u2019on ne pr\u00e9sente plus apr\u00e8s les succ\u00e8s de L\u2019Ami et de Quel est donc ton tourment ? (<a href=\"https:\/\/www.lesinrocks.com\/cinema\/mostra-de-venise-2024-the-room-next-door-un-pedro-almodovar-magistral-627888-02-09-2024\/\" target=\"_blank\" rel=\"noopener\">The Room Next Door par Almod\u00f3var<\/a>), elle nous a encore une fois fascin\u00e9s avec la virtuosit\u00e9 de Les Vuln\u00e9rables (Stock), traduit par Mathilde Bach, dans lequel elle tisse autour de la confrontation entre une \u00e9crivaine \u00e2g\u00e9e, un perroquet et un gar\u00e7on d\u00e9pressif, une d\u00e9rive narrative autour du temps perdu et du m\u00e9tier d\u2019\u00e9crire.<\/p>\n<p><strong>Le prochain rendez-vous du Prix des Inrockuptibles, le prix de l\u2019essai, aura lieu en mars 2026.<\/strong><\/p>\n","protected":false},"excerpt":{"rendered":"Roman et r\u00e9cit fran\u00e7ais ou \u00e9tranger, premier roman\u2026 Voici les quatre laur\u00e9ates du Prix litt\u00e9raire Les Inrockuptibles 2025.&hellip;\n","protected":false},"author":2,"featured_media":476399,"comment_status":"","ping_status":"","sticky":false,"template":"","format":"standard","meta":{"footnotes":""},"categories":[1357],"tags":[1379,58,59,1011,27,1380],"class_list":{"0":"post-476398","1":"post","2":"type-post","3":"status-publish","4":"format-standard","5":"has-post-thumbnail","7":"category-livres","8":"tag-books","9":"tag-divertissement","10":"tag-entertainment","11":"tag-fr","12":"tag-france","13":"tag-livres"},"share_on_mastodon":{"url":"https:\/\/pubeurope.com\/@fr\/115404992302243538","error":""},"_links":{"self":[{"href":"https:\/\/www.europesays.com\/fr\/wp-json\/wp\/v2\/posts\/476398","targetHints":{"allow":["GET"]}}],"collection":[{"href":"https:\/\/www.europesays.com\/fr\/wp-json\/wp\/v2\/posts"}],"about":[{"href":"https:\/\/www.europesays.com\/fr\/wp-json\/wp\/v2\/types\/post"}],"author":[{"embeddable":true,"href":"https:\/\/www.europesays.com\/fr\/wp-json\/wp\/v2\/users\/2"}],"replies":[{"embeddable":true,"href":"https:\/\/www.europesays.com\/fr\/wp-json\/wp\/v2\/comments?post=476398"}],"version-history":[{"count":0,"href":"https:\/\/www.europesays.com\/fr\/wp-json\/wp\/v2\/posts\/476398\/revisions"}],"wp:featuredmedia":[{"embeddable":true,"href":"https:\/\/www.europesays.com\/fr\/wp-json\/wp\/v2\/media\/476399"}],"wp:attachment":[{"href":"https:\/\/www.europesays.com\/fr\/wp-json\/wp\/v2\/media?parent=476398"}],"wp:term":[{"taxonomy":"category","embeddable":true,"href":"https:\/\/www.europesays.com\/fr\/wp-json\/wp\/v2\/categories?post=476398"},{"taxonomy":"post_tag","embeddable":true,"href":"https:\/\/www.europesays.com\/fr\/wp-json\/wp\/v2\/tags?post=476398"}],"curies":[{"name":"wp","href":"https:\/\/api.w.org\/{rel}","templated":true}]}}