{"id":476414,"date":"2025-10-20T06:13:16","date_gmt":"2025-10-20T06:13:16","guid":{"rendered":"https:\/\/www.europesays.com\/fr\/476414\/"},"modified":"2025-10-20T06:13:16","modified_gmt":"2025-10-20T06:13:16","slug":"les-valeurs-a-suivre-a-paris-et-en-europe-actualise-20-10-2025-a-0727","status":"publish","type":"post","link":"https:\/\/www.europesays.com\/fr\/476414\/","title":{"rendered":"Les valeurs \u00e0 suivre \u00e0 Paris et en Europe (actualis\u00e9) &#8211; 20\/10\/2025 \u00e0 07:27"},"content":{"rendered":"<p>\n (Actualis\u00e9 avec Forvia,)\n<\/p>\n<p>\n *\n<\/p>\n<p>\n Variation des futures sur indice CAC 40  0#FCE:\n<\/p>\n<p>\n *\n<\/p>\n<p>\n Variation des futures sur indice Stoxx 600  0#FXXP:\n<\/p>\n<p>\n *\n<\/p>\n<p>\n Valeurs qui se traitent ex-dividende  .EX.PA\n<\/p>\n<p>\n *\n<\/p>\n<p>\n Le point sur les march\u00e9s europ\u00e9ens  .EUFR\n<\/p>\n<p>\n Les valeurs \u00e0 suivre lundi<br \/>\n\u00e0 la Bourse de Paris et en Europe :\n<\/p>\n<p>\n * KERING<br \/>\n <a href=\"https:\/\/www.boursorama.com\/cours\/1rPKER\/\" rel=\"nofollow noopener\" target=\"_blank\"><br \/>\n  PRTP.PA<br \/>\n <\/a><br \/>\n a annonc\u00e9 dimanche soir avoir accept\u00e9 de<br \/>\nvendre sa division beaut\u00e9 \u00e0 L&rsquo;OR\u00c9AL<br \/>\n <a href=\"https:\/\/www.boursorama.com\/cours\/1rPOR\/\" rel=\"nofollow noopener\" target=\"_blank\"><br \/>\n  OREP.PA<br \/>\n <\/a><br \/>\n pour un montant de<br \/>\n4 milliards d&rsquo;euros, une op\u00e9ration qui s&rsquo;inscrit dans le plan du<br \/>\nnouveau directeur g\u00e9n\u00e9ral de Kering, Luca de Meo, pour all\u00e9ger<br \/>\nla dette du groupe et recentrer ses activit\u00e9s sur la mode.\n<\/p>\n<p>\n * FORVIA<br \/>\n <a href=\"https:\/\/www.boursorama.com\/cours\/1rPFRVIA\/\" rel=\"nofollow noopener\" target=\"_blank\"><br \/>\n  FRVIA.PA<br \/>\n <\/a><br \/>\n a fait \u00e9tat lundi d&rsquo;une baisse de 3,7%<br \/>\nde son chiffre d&rsquo;affaires au troisi\u00e8me trimestre \u00e0 cause<br \/>\nd&rsquo;effets de changes n\u00e9gatifs, mais a confirm\u00e9 ses objectifs 2025<br \/>\ngr\u00e2ce \u00e0 ses plans de r\u00e9ductions de co\u00fbts en Europe ainsi qu&rsquo;\u00e0<br \/>\nl&rsquo;\u00e9chelle mondiale.\n<\/p>\n<p>\n L&rsquo;AGENDA FRANCE &amp; INTERNATIONAL \u00c0 7 JOURS:<br \/>\n nL5N3VY0DX\n<\/p>\n<p>\n (R\u00e9dig\u00e9 par Diana Mandia et Mara V\u00eelcu, \u00e9dit\u00e9 par Augustin<br \/>\nTurpin)<\/p>\n","protected":false},"excerpt":{"rendered":"(Actualis\u00e9 avec Forvia,) * Variation des futures sur indice CAC 40 0#FCE: * Variation des futures sur indice&hellip;\n","protected":false},"author":2,"featured_media":64038,"comment_status":"","ping_status":"","sticky":false,"template":"","format":"standard","meta":{"footnotes":""},"categories":[6],"tags":[400,398,408,35,405,33,34,1011,27,403,402,399,404,401,406,407],"class_list":{"0":"post-476414","1":"post","2":"type-post","3":"status-publish","4":"format-standard","5":"has-post-thumbnail","7":"category-economie","8":"tag-action-cac-40","9":"tag-bourse-de-paris","10":"tag-boursorama","11":"tag-business","12":"tag-cotations","13":"tag-economie","14":"tag-economy","15":"tag-fr","16":"tag-france","17":"tag-indices-devises","18":"tag-investir","19":"tag-investissement","20":"tag-marche-boursier","21":"tag-sicav","22":"tag-trackers","23":"tag-warrants"},"share_on_mastodon":{"url":"https:\/\/pubeurope.com\/@fr\/115405023018320219","error":""},"_links":{"self":[{"href":"https:\/\/www.europesays.com\/fr\/wp-json\/wp\/v2\/posts\/476414","targetHints":{"allow":["GET"]}}],"collection":[{"href":"https:\/\/www.europesays.com\/fr\/wp-json\/wp\/v2\/posts"}],"about":[{"href":"https:\/\/www.europesays.com\/fr\/wp-json\/wp\/v2\/types\/post"}],"author":[{"embeddable":true,"href":"https:\/\/www.europesays.com\/fr\/wp-json\/wp\/v2\/users\/2"}],"replies":[{"embeddable":true,"href":"https:\/\/www.europesays.com\/fr\/wp-json\/wp\/v2\/comments?post=476414"}],"version-history":[{"count":0,"href":"https:\/\/www.europesays.com\/fr\/wp-json\/wp\/v2\/posts\/476414\/revisions"}],"wp:featuredmedia":[{"embeddable":true,"href":"https:\/\/www.europesays.com\/fr\/wp-json\/wp\/v2\/media\/64038"}],"wp:attachment":[{"href":"https:\/\/www.europesays.com\/fr\/wp-json\/wp\/v2\/media?parent=476414"}],"wp:term":[{"taxonomy":"category","embeddable":true,"href":"https:\/\/www.europesays.com\/fr\/wp-json\/wp\/v2\/categories?post=476414"},{"taxonomy":"post_tag","embeddable":true,"href":"https:\/\/www.europesays.com\/fr\/wp-json\/wp\/v2\/tags?post=476414"}],"curies":[{"name":"wp","href":"https:\/\/api.w.org\/{rel}","templated":true}]}}