{"id":476420,"date":"2025-10-20T06:18:31","date_gmt":"2025-10-20T06:18:31","guid":{"rendered":"https:\/\/www.europesays.com\/fr\/476420\/"},"modified":"2025-10-20T06:18:31","modified_gmt":"2025-10-20T06:18:31","slug":"il-faut-vite-arreter-de-se-voir-trop-beau-apres-la-defaite-face-au-mans-2-3","status":"publish","type":"post","link":"https:\/\/www.europesays.com\/fr\/476420\/","title":{"rendered":"\u00ab\u00a0il faut vite arr\u00eater de se voir trop beau\u00a0\u00bb apr\u00e8s la d\u00e9faite face au Mans (2-3)"},"content":{"rendered":"<p>Zapping Foot National \u00c0 la 93, le film <\/p>\n<p data-start=\"129\" data-end=\"677\">Comment viser une mont\u00e9e en Ligue 1 en perdant ces matchs \u00e0 domicile, c&rsquo;est la question que doit r\u00e9soudre l&rsquo;AS Saint-\u00c9tienne. D\u00e9j\u00e0 d\u00e9fait face \u00e0 Guingamp avant la tr\u00eave (2-3), les St\u00e9phanois se sont inclin\u00e9s sur le m\u00eame score ce samedi face au Mans. Pourtant, port\u00e9s par un stade Geoffroy-Guichard toujours au rendez-vous, les hommes d&rsquo;Eirik Horneland peinent \u00e0 s&rsquo;installer \u00e0 la premi\u00e8re place de Ligue 2, pas aid\u00e9s par des prestations moyennes \u00e0 domicile. Un constat que partage le milieu de terrain Florian Tardieu en zone mixte d&rsquo;apr\u00e8s-match :<\/p>\n<p data-start=\"679\" data-end=\"1138\">\u00ab\u00a0\u00c0 domicile, on doit faire peur, les \u00e9quipes qui viennent ici doivent trembler, elles jouent leur match et repartent avec les trois points. Il faut vite arr\u00eater \u00e7a, \u00e0 domicile \u00e7a doit \u00eatre notre point fort. J\u2019ai l\u2019impression qu\u2019on joue \u00e0 la baballe. On doit remettre de l\u2019intensit\u00e9, arr\u00eater d\u2019\u00eatre trop gentils et refaire peur car avec tout ce qu\u2019on a ici on doit faire trembler tout le monde. Deux revers \u00e0 domicile, il faut que ce soit les deux derniers.\u00a0\u00bb<\/p>\n<p>\u00ab\u00a0J\u2019aurais pr\u00e9f\u00e9r\u00e9 marquer z\u00e9ro but et qu\u2019on gagne\u00a0\u00bb<\/p>\n<p data-start=\"1194\" data-end=\"1681\">L&rsquo;ancien Troyen estime que son \u00e9quipe n&rsquo;est pas dans l&rsquo;efficacit\u00e9, aussi bien devant que derri\u00e8re : \u00ab\u00a0Des fois on a des situations, on cherche le beau dribble ou la belle passe alors que le copain est d\u00e9marqu\u00e9 et que c\u2019est plus simple. Sur le troisi\u00e8me but on n&rsquo;a pas le droit, long ballon, le mec il centre, \u00e7a fait but. Mon doubl\u00e9 de ce soir, c\u2019est bien mais je m\u2019en fous un peu.\u00a0\u00bb Double buteur, le joueur de 33 ans \u00ab\u00a0aurait pr\u00e9f\u00e9r\u00e9 marquer z\u00e9ro but et qu\u2019on gagne.\u00a0\u00bb<\/p>\n<p data-start=\"1683\" data-end=\"2107\">Alors que les Verts font figure d&rsquo;\u00e9pouvantail en championnat, les r\u00e9sultats des joueurs du Forez ne sont pas toujours au niveau des attentes selon le natif d&rsquo;Istres (Bouches-du-Rh\u00f4ne) : \u00ab\u00a0On se voyait rouler sur la Ligue 2, j\u2019ai entendu des commentaires en ce sens en tout cas, sans pr\u00e9tention, je sais qu\u2019en \u00e9tant Saint\u00e9 et avec mon exp\u00e9rience, il faut vite arr\u00eater de se voir trop beaux. Tous les matchs sont compliqu\u00e9s.\u00a0\u00bb Pour Tardieu et ses co\u00e9quipiers, le prochain match sera un d\u00e9placement sur la pelouse d&rsquo;Annecy samedi prochain (20h). Les Verts, actuellement 3\u1d49, voudront revenir \u00e0 hauteur du leader troyen, \u00e0 3 points devant.<\/p>\n<p>Partagez cette info avec vos amis et vos proches en cliquant ici<br \/>Florian Tardieu (Saint Etienne) : \u00ab\u00a0il faut vite arr\u00eater de se voir trop beau\u00a0\u00bb apr\u00e8s la d\u00e9faite face au Mans (2-3)<\/p>\n<p>Saint-\u00c9tienne peine \u00e0 domicile en Ligue 2, battu par Guingamp et Le Mans (2-3). Florian Tardieu regrette le manque d\u2019efficacit\u00e9 et d\u2019intensit\u00e9, et appelle \u00e0 retrouver la peur que doivent inspirer les Verts avant le d\u00e9placement \u00e0 Annecy samedi prochain.<\/p>\n<p> <img decoding=\"async\" width=\"76\" height=\"76\" loading=\"lazy\" src=\"https:\/\/static.wui.fr\/images_v3\/avatar-footnational.png\" alt=\"Clement Fradique\"\/><\/p>\n","protected":false},"excerpt":{"rendered":"Zapping Foot National \u00c0 la 93, le film Comment viser une mont\u00e9e en Ligue 1 en perdant ces&hellip;\n","protected":false},"author":2,"featured_media":476421,"comment_status":"","ping_status":"","sticky":false,"template":"","format":"standard","meta":{"footnotes":""},"categories":[9653],"tags":[1111,11,2430,1777,674,1011,27,59995,12,25,4001],"class_list":{"0":"post-476420","1":"post","2":"type-post","3":"status-publish","4":"format-standard","5":"has-post-thumbnail","7":"category-saint-etienne","8":"tag-actu","9":"tag-actualites","10":"tag-auvergne-rhone-alpes","11":"tag-eu","12":"tag-europe","13":"tag-fr","14":"tag-france","15":"tag-ligue-2-actus","16":"tag-news","17":"tag-republique-francaise","18":"tag-saint-etienne"},"share_on_mastodon":{"url":"https:\/\/pubeurope.com\/@fr\/115405043837197189","error":""},"_links":{"self":[{"href":"https:\/\/www.europesays.com\/fr\/wp-json\/wp\/v2\/posts\/476420","targetHints":{"allow":["GET"]}}],"collection":[{"href":"https:\/\/www.europesays.com\/fr\/wp-json\/wp\/v2\/posts"}],"about":[{"href":"https:\/\/www.europesays.com\/fr\/wp-json\/wp\/v2\/types\/post"}],"author":[{"embeddable":true,"href":"https:\/\/www.europesays.com\/fr\/wp-json\/wp\/v2\/users\/2"}],"replies":[{"embeddable":true,"href":"https:\/\/www.europesays.com\/fr\/wp-json\/wp\/v2\/comments?post=476420"}],"version-history":[{"count":0,"href":"https:\/\/www.europesays.com\/fr\/wp-json\/wp\/v2\/posts\/476420\/revisions"}],"wp:featuredmedia":[{"embeddable":true,"href":"https:\/\/www.europesays.com\/fr\/wp-json\/wp\/v2\/media\/476421"}],"wp:attachment":[{"href":"https:\/\/www.europesays.com\/fr\/wp-json\/wp\/v2\/media?parent=476420"}],"wp:term":[{"taxonomy":"category","embeddable":true,"href":"https:\/\/www.europesays.com\/fr\/wp-json\/wp\/v2\/categories?post=476420"},{"taxonomy":"post_tag","embeddable":true,"href":"https:\/\/www.europesays.com\/fr\/wp-json\/wp\/v2\/tags?post=476420"}],"curies":[{"name":"wp","href":"https:\/\/api.w.org\/{rel}","templated":true}]}}