{"id":476422,"date":"2025-10-20T06:19:42","date_gmt":"2025-10-20T06:19:42","guid":{"rendered":"https:\/\/www.europesays.com\/fr\/476422\/"},"modified":"2025-10-20T06:19:42","modified_gmt":"2025-10-20T06:19:42","slug":"nancy-en-2018-le-port-de-la-rochelle-subtilise-du-musee-des-beaux-arts-de-nancy","status":"publish","type":"post","link":"https:\/\/www.europesays.com\/fr\/476422\/","title":{"rendered":"Nancy. En 2018, \u00ab\u00a0le Port de la Rochelle\u00a0\u00bb subtilis\u00e9 du mus\u00e9e des Beaux-Arts de Nancy"},"content":{"rendered":"<p>Jug\u00e9 sur deux jours <a href=\"https:\/\/www.estrepublicain.fr\/edition-de-nancy-ville\/2018\/05\/25\/une-toile-estimee-a-1-5-m-derobee\" target=\"_blank\" rel=\"noopener\">par le tribunal correctionnel de Nancy,<\/a> Vadym Huzhva, 63 ans, a \u00e9t\u00e9 reconnu coupable des cinq vols d\u2019\u0153uvres d\u2019art &#8211; commis en\u00a02017 et\u00a02018 &#8211; et de l\u2019association de malfaiteurs pour lesquels il \u00e9tait poursuivi et a \u00e9t\u00e9 condamn\u00e9 \u00e0 une peine de 5 ans ferme avec maintien en d\u00e9tention. L\u2019homme \u00e9tait incarc\u00e9r\u00e9 en pr\u00e9ventive depuis juin\u00a02020. Il devra par ailleurs payer pr\u00e8s de 300.000 \u20ac de dommages et int\u00e9r\u00eats.<\/p>\n<p>Les deux autres pr\u00e9venus, absents car incarc\u00e9r\u00e9s pour l\u2019heure pour d\u2019autres faits en Autriche et en Russie, ont \u00e9cop\u00e9 de 3 ans ferme, avec mandat d\u2019arr\u00eat. Ils ont \u00e9t\u00e9 condamn\u00e9s pour association de malfaiteurs, mais aussi, tout comme Huzhva, pour le vol de la toile \u00ab\u00a0Le Port de la\u00a0Rochelle\u00a0\u00bb, sign\u00e9e Paul Signac, commis le 23\u00a0mai 2018, en fin de matin\u00e9e, au mus\u00e9e des Beaux-Arts de Nancy. Une \u0153uvre estim\u00e9e \u00e0 1,5\u00a0million d\u2019\u20ac et qui sera retrouv\u00e9e en avril\u00a02019 au domicile de Serhii Vitiuhov.<\/p>\n<p>\u00ab\u00a0Une criminalit\u00e9 hypersp\u00e9cialis\u00e9e\u00a0\u00bb<\/p>\n<p>Huzhva, qui se pr\u00e9sente comme expert pour&#8230;<\/p>\n","protected":false},"excerpt":{"rendered":"Jug\u00e9 sur deux jours par le tribunal correctionnel de Nancy, Vadym Huzhva, 63 ans, a \u00e9t\u00e9 reconnu coupable&hellip;\n","protected":false},"author":2,"featured_media":476423,"comment_status":"","ping_status":"","sticky":false,"template":"","format":"standard","meta":{"footnotes":""},"categories":[9635],"tags":[1111,11,1777,674,274,1011,27,775,3457,1702,12,3456,25],"class_list":{"0":"post-476422","1":"post","2":"type-post","3":"status-publish","4":"format-standard","5":"has-post-thumbnail","7":"category-nancy","8":"tag-actu","9":"tag-actualites","10":"tag-eu","11":"tag-europe","12":"tag-faits-divers-justice","13":"tag-fr","14":"tag-france","15":"tag-grand-est","16":"tag-meurthe-et-moselle","17":"tag-nancy","18":"tag-news","19":"tag-region-lorraine","20":"tag-republique-francaise"},"share_on_mastodon":{"url":"https:\/\/pubeurope.com\/@fr\/115405047366311443","error":""},"_links":{"self":[{"href":"https:\/\/www.europesays.com\/fr\/wp-json\/wp\/v2\/posts\/476422","targetHints":{"allow":["GET"]}}],"collection":[{"href":"https:\/\/www.europesays.com\/fr\/wp-json\/wp\/v2\/posts"}],"about":[{"href":"https:\/\/www.europesays.com\/fr\/wp-json\/wp\/v2\/types\/post"}],"author":[{"embeddable":true,"href":"https:\/\/www.europesays.com\/fr\/wp-json\/wp\/v2\/users\/2"}],"replies":[{"embeddable":true,"href":"https:\/\/www.europesays.com\/fr\/wp-json\/wp\/v2\/comments?post=476422"}],"version-history":[{"count":0,"href":"https:\/\/www.europesays.com\/fr\/wp-json\/wp\/v2\/posts\/476422\/revisions"}],"wp:featuredmedia":[{"embeddable":true,"href":"https:\/\/www.europesays.com\/fr\/wp-json\/wp\/v2\/media\/476423"}],"wp:attachment":[{"href":"https:\/\/www.europesays.com\/fr\/wp-json\/wp\/v2\/media?parent=476422"}],"wp:term":[{"taxonomy":"category","embeddable":true,"href":"https:\/\/www.europesays.com\/fr\/wp-json\/wp\/v2\/categories?post=476422"},{"taxonomy":"post_tag","embeddable":true,"href":"https:\/\/www.europesays.com\/fr\/wp-json\/wp\/v2\/tags?post=476422"}],"curies":[{"name":"wp","href":"https:\/\/api.w.org\/{rel}","templated":true}]}}