{"id":476434,"date":"2025-10-20T06:25:12","date_gmt":"2025-10-20T06:25:12","guid":{"rendered":"https:\/\/www.europesays.com\/fr\/476434\/"},"modified":"2025-10-20T06:25:12","modified_gmt":"2025-10-20T06:25:12","slug":"rouen-on-en-sait-plus-sur-le-116-ce-grand-projet-immobilier-qui-veut-transformer-le-quartier-pasteur","status":"publish","type":"post","link":"https:\/\/www.europesays.com\/fr\/476434\/","title":{"rendered":"Rouen. On en sait plus sur le 116, ce grand projet immobilier qui veut transformer le quartier Pasteur"},"content":{"rendered":"<p>            Par<br \/>\n        <strong><br \/>\n            <a href=\"https:\/\/actu.fr\/auteur\/adrien-filoche\" title=\"Consulter tous les articles de Adrien Filoche\" target=\"_blank\" rel=\"noopener\">Adrien Filoche<\/a><br \/>\n        <\/strong><\/p>\n<p>        Publi\u00e9 le<\/p>\n<p>            20 oct. 2025 \u00e0 7h12        <\/p>\n<p><strong>Les chantiers immobiliers se suivent dans les quartiers ouest de Rouen\u2009!<\/strong> Apr\u00e8s <a href=\"https:\/\/actu.fr\/normandie\/rouen_76540\/c-est-quoi-cette-nouvelle-residence-qui-veut-metamorphoser-le-quartier-pasteur-a-rouen_62951749.html\" target=\"_blank\" rel=\"noopener\">cette importante r\u00e9sidence qui doit voir le jour<\/a> dans le secteur de la facult\u00e9 Pasteur, un autre projet immobilier d\u2019envergure va lui aussi m\u00e9tamorphoser le quartier\u2009: il s\u2019agit <a href=\"https:\/\/actu.fr\/normandie\/rouen_76540\/rouen-le-116-decouvrez-ce-grand-projet-immobilier-sur-le-mont-riboudet_57045794.html\" target=\"_blank\" rel=\"noopener\">du 116<\/a>, dont le chantier est d\u00e9j\u00e0 engag\u00e9 depuis plusieurs ann\u00e9es. L\u00e0 encore, le projet est port\u00e9 par Camille Zolli, le dirigeant d\u2019Ananas Promotion, \u00e9galement <a href=\"https:\/\/actu.fr\/normandie\/rouen_76540\/info76actu-un-repreneur-trouve-pour-le-projet-d-hotel-au-105-de-rouen-ce-que-l-on-sait_63307750.html\" target=\"_blank\" rel=\"noopener\">promoteur du 105.<\/a> L\u2019occasion de faire un point d\u2019\u00e9tape.<\/p>\n<p>250 logements, avec une r\u00e9sidence seniors et \u00e9tudiante<\/p>\n<p class=\" wall-content\">Ceux qui passent par le <a href=\"https:\/\/actu.fr\/normandie\/rouen_76540\/c-est-quoi-le-mont-riboudet-a-rouen-et-quelle-est-l-origine-de-son-nom_58690715.html\" target=\"_blank\" rel=\"noopener\">Mont Riboudet<\/a> ont sans doute d\u00e9j\u00e0 aper\u00e7u une grande all\u00e9e de travaux au niveau de la rue de Lisbonne. Ici, \u00e0 la place de l\u2019ancien concessionnaire Peugeot, une future r\u00e9sidence doit sortir de terre. C\u2019est en 2023 que le chantier a v\u00e9ritablement commenc\u00e9 avec la d\u00e9molition et le d\u00e9samiantage de l\u2019ancienne b\u00e2tisse.<\/p>\n<p class=\" wall-content\">D\u00e9sormais, il reste \u00e0 construire cette future r\u00e9sidence, qui comprendra un total <strong>quatre immeubles<\/strong>. Le 116 promet d\u2019\u00eatre un lieu hybride.<\/p>\n<p>    <img   decoding=\"async\" loading=\"lazy\" src=\"https:\/\/www.europesays.com\/fr\/wp-content\/uploads\/2025\/10\/plan-masse-le-116-960x640.png\" alt=\"Le plan du futur 116.\" width=\"960\" height=\"640\"\/><br \/>\n    Le plan du futur 116. (\u00a9Ananas Promotion)<\/p>\n<p class=\" wall-content\">Il comportera ainsi <strong>une r\u00e9sidence s\u00e9niors<\/strong> avec <strong>une centaine de logements<\/strong>,<strong> une r\u00e9sidence \u00e9tudiante<\/strong> comprenant <strong>une cinquantaine d\u2019appartements<\/strong>, ainsi qu\u2019une centaine de logements plus classiques, allant du T2 \u00e0 de grands appartements de 150 \u00e0 170\u00a0m2.<\/p>\n<p class=\" wall-content\">Au total, ce promet titanesque regroupe <strong>pr\u00e8s de 250 logements<\/strong> sur un espace d\u2019environ 13\u2009000 m\u00b2. La commercialisation des futurs appartements a d\u00e9j\u00e0 bien avanc\u00e9 puisque deux tiers ont d\u00e9j\u00e0 \u00e9t\u00e9 vendus, fait savoir Camille Zolli.<\/p>\n<p>Le calendrier des travaux<\/p>\n<p class=\" wall-content\">Par ailleurs, une grande travers\u00e9e pi\u00e9tonne doit parcourir et relier les diff\u00e9rents immeubles, et des espaces verts y seront am\u00e9nag\u00e9es.<\/p>\n<p class=\" wall-content\">En plus des habitations, le 116 compte accueillir des commerces. Des n\u00e9gociations sont notamment en cours pour l\u2019implantation d\u2019une \u00e9picerie de proximit\u00e9, ainsi que celle d\u2019une \u00e9cole. L\u00e0 \u00e9galement, les accords sont en finalisation.<\/p>\n<p>Votre r\u00e9gion, votre actu !<\/p>\n<p>Recevez chaque jour les infos qui comptent pour vous.<\/p>\n<p>\t<a href=\"https:\/\/actu.fr\/newsletter\" class=\"ac-btn ac-btn--corner ac-btn--medium ac-btn--blue800\" target=\"_blank\" rel=\"noopener\">S&rsquo;incrire<\/a><\/p>\n<p class=\" wall-content\">Concernant la finalisation du chantier, la livraison finale est pr\u00e9vue pour fin 2026, d\u00e9but 2027.<\/p>\n<p>Suivez l\u2019actualit\u00e9 de Rouen sur <a href=\"https:\/\/www.whatsapp.com\/channel\/0029VaKfnf99hXF2ddApFB1D\" target=\"_blank\" rel=\"noopener\">notre cha\u00eene WhatsApp<\/a> et sur <a href=\"https:\/\/www.tiktok.com\/@76actu.fr?lang=fr\" target=\"_blank\" rel=\"noopener\">notre compte TikTok<\/a><\/p>\n<p class=\" wall-content\">Personnalisez votre actualit\u00e9 en ajoutant vos villes et m\u00e9dias en favori avec <a href=\"https:\/\/moncompte.actu.fr\" title=\"D\u00e9couvez Mon Actu\" rel=\"nofollow noopener\" data-trk=\"{&quot;cta&quot;:{&quot;action&quot;:&quot;https:\\\/\\\/moncompte.actu.fr&quot;,&quot;category&quot;:&quot;mon compte&quot;,&quot;from&quot;:&quot;article footer&quot;,&quot;name&quot;:&quot;Mon actu&quot;,&quot;type&quot;:&quot;cta&quot;}}\" target=\"_blank\">Mon Actu<\/a>.<\/p>\n<p>                    <script async src=\"\/\/www.tiktok.com\/embed.js\"><\/script><\/p>\n","protected":false},"excerpt":{"rendered":"Par Adrien Filoche Publi\u00e9 le 20 oct. 2025 \u00e0 7h12 Les chantiers immobiliers se suivent dans les quartiers&hellip;\n","protected":false},"author":2,"featured_media":476435,"comment_status":"","ping_status":"","sticky":false,"template":"","format":"standard","meta":{"footnotes":""},"categories":[9587],"tags":[1111,11,33,1777,674,1011,27,1116,12,5161,25,9590,2086],"class_list":{"0":"post-476434","1":"post","2":"type-post","3":"status-publish","4":"format-standard","5":"has-post-thumbnail","7":"category-rouen","8":"tag-actu","9":"tag-actualites","10":"tag-economie","11":"tag-eu","12":"tag-europe","13":"tag-fr","14":"tag-france","15":"tag-immobilier","16":"tag-news","17":"tag-normandie","18":"tag-republique-francaise","19":"tag-rouen","20":"tag-travaux"},"share_on_mastodon":{"url":"https:\/\/pubeurope.com\/@fr\/115405070338356502","error":""},"_links":{"self":[{"href":"https:\/\/www.europesays.com\/fr\/wp-json\/wp\/v2\/posts\/476434","targetHints":{"allow":["GET"]}}],"collection":[{"href":"https:\/\/www.europesays.com\/fr\/wp-json\/wp\/v2\/posts"}],"about":[{"href":"https:\/\/www.europesays.com\/fr\/wp-json\/wp\/v2\/types\/post"}],"author":[{"embeddable":true,"href":"https:\/\/www.europesays.com\/fr\/wp-json\/wp\/v2\/users\/2"}],"replies":[{"embeddable":true,"href":"https:\/\/www.europesays.com\/fr\/wp-json\/wp\/v2\/comments?post=476434"}],"version-history":[{"count":0,"href":"https:\/\/www.europesays.com\/fr\/wp-json\/wp\/v2\/posts\/476434\/revisions"}],"wp:featuredmedia":[{"embeddable":true,"href":"https:\/\/www.europesays.com\/fr\/wp-json\/wp\/v2\/media\/476435"}],"wp:attachment":[{"href":"https:\/\/www.europesays.com\/fr\/wp-json\/wp\/v2\/media?parent=476434"}],"wp:term":[{"taxonomy":"category","embeddable":true,"href":"https:\/\/www.europesays.com\/fr\/wp-json\/wp\/v2\/categories?post=476434"},{"taxonomy":"post_tag","embeddable":true,"href":"https:\/\/www.europesays.com\/fr\/wp-json\/wp\/v2\/tags?post=476434"}],"curies":[{"name":"wp","href":"https:\/\/api.w.org\/{rel}","templated":true}]}}