{"id":476442,"date":"2025-10-20T06:29:09","date_gmt":"2025-10-20T06:29:09","guid":{"rendered":"https:\/\/www.europesays.com\/fr\/476442\/"},"modified":"2025-10-20T06:29:09","modified_gmt":"2025-10-20T06:29:09","slug":"des-bus-relais-mis-en-place-2","status":"publish","type":"post","link":"https:\/\/www.europesays.com\/fr\/476442\/","title":{"rendered":"des bus relais mis en place"},"content":{"rendered":"<p>            Par<br \/>\n        <strong><br \/>\n            <a href=\"https:\/\/actu.fr\/auteur\/brian-legoff\" title=\"Consulter tous les articles de Brian Le Goff\" target=\"_blank\" rel=\"noopener\">Brian Le Goff<\/a><br \/>\n        <\/strong><\/p>\n<p>        Publi\u00e9 le<\/p>\n<p>            20 oct. 2025 \u00e0 8h08        <\/p>\n<p>Comme \u00e0 chaque <a href=\"https:\/\/actu.fr\/tag\/panne\" target=\"_blank\" rel=\"noopener\">panne<\/a>, c\u2019est<strong> via les r\u00e9seaux sociaux et son site internet<\/strong> que le <a href=\"https:\/\/actu.fr\/tag\/reseau-star\" target=\"_blank\" rel=\"noopener\">r\u00e9seau Star<\/a> informe les usagers de l\u2019interruption de trafic sur la ligne B du <a href=\"https:\/\/actu.fr\/tag\/metro-de-rennes\" target=\"_blank\" rel=\"noopener\">m\u00e9tro \u00e0 Rennes<\/a>.<\/p>\n<p class=\" wall-content\">Et, en<strong> ce lundi 20\u00a0octobre,<\/strong> premier jour des vacances scolaires de la Toussaint apr\u00e8s le week-end,<strong> alors que la fr\u00e9quentation devait \u00eatre forc\u00e9ment moindre,<\/strong> les rames de la seconde ligne de m\u00e9tro de la capitale bretonne ne circulent pas <strong>depuis 6h06<\/strong>, indique le gestionnaire du r\u00e9seau.<\/p>\n<p class=\" wall-content\">\n<p>Lus bus relais d\u00e9ploy\u00e9s<\/p>\n<p class=\" wall-content\"><strong>Vers 6h20,<\/strong> le r\u00e9seau Star a annonc\u00e9 la mise en place de la ligne bus relais m\u00e9tro, <strong>signe que le trafic <\/strong>de la ligne B <strong>ne va pas reprendre imm\u00e9diatement<\/strong>.<\/p>\n<p class=\" wall-content\">\n<p class=\" wall-content\">Pour conna\u00eetre les arr\u00eats desservis par les bus relais, <a href=\"https:\/\/actu.fr\/bretagne\/rennes_35238\/bus-relais-metro-a-rennes-quels-sont-les-arrets-desservis_60358293.html\" target=\"_blank\" rel=\"noopener\">consultez notre article d\u00e9di\u00e9.<\/a><\/p>\n<p class=\" wall-content\"><strong>Plus d\u2019informations \u00e0 venir (rafra\u00eechissez r\u00e9guli\u00e8rement la page ou consulter notre site pour en savoir plus dans les prochaines minutes et heures)\u2026<\/strong><\/p>\n<p class=\" wall-content\">Personnalisez votre actualit\u00e9 en ajoutant vos villes et m\u00e9dias en favori avec <a href=\"https:\/\/moncompte.actu.fr\" title=\"D\u00e9couvez Mon Actu\" rel=\"nofollow noopener\" data-trk=\"{&quot;cta&quot;:{&quot;action&quot;:&quot;https:\\\/\\\/moncompte.actu.fr&quot;,&quot;category&quot;:&quot;mon compte&quot;,&quot;from&quot;:&quot;article footer&quot;,&quot;name&quot;:&quot;Mon actu&quot;,&quot;type&quot;:&quot;cta&quot;}}\" target=\"_blank\">Mon Actu<\/a>.<\/p>\n","protected":false},"excerpt":{"rendered":"Par Brian Le Goff Publi\u00e9 le 20 oct. 2025 \u00e0 8h08 Comme \u00e0 chaque panne, c\u2019est via les&hellip;\n","protected":false},"author":2,"featured_media":476443,"comment_status":"","ping_status":"","sticky":false,"template":"","format":"standard","meta":{"footnotes":""},"categories":[2821],"tags":[1111,11,829,1777,674,118,1011,27,5000,12,10899,584,25,5001],"class_list":{"0":"post-476442","1":"post","2":"type-post","3":"status-publish","4":"format-standard","5":"has-post-thumbnail","7":"category-rennes","8":"tag-actu","9":"tag-actualites","10":"tag-bretagne","11":"tag-eu","12":"tag-europe","13":"tag-faits-divers","14":"tag-fr","15":"tag-france","16":"tag-metro-de-rennes","17":"tag-news","18":"tag-panne","19":"tag-rennes","20":"tag-republique-francaise","21":"tag-reseau-star"},"share_on_mastodon":{"url":"https:\/\/pubeurope.com\/@fr\/115405086008467546","error":""},"_links":{"self":[{"href":"https:\/\/www.europesays.com\/fr\/wp-json\/wp\/v2\/posts\/476442","targetHints":{"allow":["GET"]}}],"collection":[{"href":"https:\/\/www.europesays.com\/fr\/wp-json\/wp\/v2\/posts"}],"about":[{"href":"https:\/\/www.europesays.com\/fr\/wp-json\/wp\/v2\/types\/post"}],"author":[{"embeddable":true,"href":"https:\/\/www.europesays.com\/fr\/wp-json\/wp\/v2\/users\/2"}],"replies":[{"embeddable":true,"href":"https:\/\/www.europesays.com\/fr\/wp-json\/wp\/v2\/comments?post=476442"}],"version-history":[{"count":0,"href":"https:\/\/www.europesays.com\/fr\/wp-json\/wp\/v2\/posts\/476442\/revisions"}],"wp:featuredmedia":[{"embeddable":true,"href":"https:\/\/www.europesays.com\/fr\/wp-json\/wp\/v2\/media\/476443"}],"wp:attachment":[{"href":"https:\/\/www.europesays.com\/fr\/wp-json\/wp\/v2\/media?parent=476442"}],"wp:term":[{"taxonomy":"category","embeddable":true,"href":"https:\/\/www.europesays.com\/fr\/wp-json\/wp\/v2\/categories?post=476442"},{"taxonomy":"post_tag","embeddable":true,"href":"https:\/\/www.europesays.com\/fr\/wp-json\/wp\/v2\/tags?post=476442"}],"curies":[{"name":"wp","href":"https:\/\/api.w.org\/{rel}","templated":true}]}}