{"id":476447,"date":"2025-10-20T06:32:30","date_gmt":"2025-10-20T06:32:30","guid":{"rendered":"https:\/\/www.europesays.com\/fr\/476447\/"},"modified":"2025-10-20T06:32:30","modified_gmt":"2025-10-20T06:32:30","slug":"strasbourg-psg-les-equipes-officielles","status":"publish","type":"post","link":"https:\/\/www.europesays.com\/fr\/476447\/","title":{"rendered":"Strasbourg\/PSG &#8211; Les \u00e9quipes officielles"},"content":{"rendered":"<p><strong>Ce dimanche, les \u00e9quipes f\u00e9minines du Paris Saint-Germain (2e) et de Strasbourg (7e) vont s\u2019affronter au Stade de la Meinau <\/strong><strong>\u00e0 15h lors de la 4e journ\u00e9e <b>de la Premi\u00e8re Ligue Ark\u00e9ma 2025-2026<\/b> (diffusion sur FFF TV). Voici les \u00e9quipes officielles pour cette rencontre.<\/strong><\/p>\n<p>Strasbourg<strong> :<\/strong><\/p>\n<p><img loading=\"lazy\" decoding=\"async\" class=\"aligncenter size-full wp-image-882469 lazyload\" alt=\"\" width=\"1080\" height=\"1351\" data-eio=\"p\" src=\"https:\/\/www.europesays.com\/fr\/wp-content\/uploads\/2025\/10\/20251019_151805.jpg\"  data- data-eio-rwidth=\"1080\" data-eio-rheight=\"1351\"\/><\/p>\n<p>PSG :<br \/>\n<img loading=\"lazy\" decoding=\"async\" class=\"aligncenter size-full wp-image-882470 lazyload\" alt=\"\" width=\"1080\" height=\"1440\" data-eio=\"p\" src=\"https:\/\/www.europesays.com\/fr\/wp-content\/uploads\/2025\/10\/20251019_151801.jpg\"  data- data-eio-rwidth=\"1080\" data-eio-rheight=\"1440\"\/><\/p>\n<p>\t\t\t\t\t\t\t\t\t\t\tMot(s) cl\u00e9(s) de l&rsquo;article<a href=\"https:\/\/www.parisfans.fr\/tag\/equipe\" rel=\"tag noopener\" target=\"_blank\">\u00e9quipe<\/a><a href=\"https:\/\/www.parisfans.fr\/tag\/feminine\" rel=\"tag noopener\" target=\"_blank\">f\u00e9minine<\/a><a href=\"https:\/\/www.parisfans.fr\/tag\/strasbourg-psg\" rel=\"tag noopener\" target=\"_blank\">Strasbourg &#8211; PSG<\/a><a href=\"https:\/\/www.parisfans.fr\/tag\/une-2\" rel=\"tag noopener\" target=\"_blank\">une<\/a><\/p>\n<p>\t\t\t\t\t\t\t\t\t\t\t\t\t\t\t\t\t\t\t\t\t\t\t<img loading=\"lazy\" src=\"https:\/\/www.europesays.com\/fr\/wp-content\/uploads\/2025\/04\/ParisFans_Logo.png\" decoding=\"async\" class=\"lazyload\" width=\"240\" height=\"54\" data-eio-rwidth=\"240\" data-eio-rheight=\"54\"\/><\/p>\n","protected":false},"excerpt":{"rendered":"Ce dimanche, les \u00e9quipes f\u00e9minines du Paris Saint-Germain (2e) et de Strasbourg (7e) vont s\u2019affronter au Stade de&hellip;\n","protected":false},"author":2,"featured_media":476448,"comment_status":"","ping_status":"","sticky":false,"template":"","format":"standard","meta":{"footnotes":""},"categories":[2820],"tags":[1111,11,2263,1777,674,4283,1011,27,775,12,25,640,11176,96],"class_list":{"0":"post-476447","1":"post","2":"type-post","3":"status-publish","4":"format-standard","5":"has-post-thumbnail","7":"category-strasbourg","8":"tag-actu","9":"tag-actualites","10":"tag-equipe","11":"tag-eu","12":"tag-europe","13":"tag-feminine","14":"tag-fr","15":"tag-france","16":"tag-grand-est","17":"tag-news","18":"tag-republique-francaise","19":"tag-strasbourg","20":"tag-strasbourg-psg","21":"tag-une"},"share_on_mastodon":{"url":"https:\/\/pubeurope.com\/@fr\/115405098974237430","error":""},"_links":{"self":[{"href":"https:\/\/www.europesays.com\/fr\/wp-json\/wp\/v2\/posts\/476447","targetHints":{"allow":["GET"]}}],"collection":[{"href":"https:\/\/www.europesays.com\/fr\/wp-json\/wp\/v2\/posts"}],"about":[{"href":"https:\/\/www.europesays.com\/fr\/wp-json\/wp\/v2\/types\/post"}],"author":[{"embeddable":true,"href":"https:\/\/www.europesays.com\/fr\/wp-json\/wp\/v2\/users\/2"}],"replies":[{"embeddable":true,"href":"https:\/\/www.europesays.com\/fr\/wp-json\/wp\/v2\/comments?post=476447"}],"version-history":[{"count":0,"href":"https:\/\/www.europesays.com\/fr\/wp-json\/wp\/v2\/posts\/476447\/revisions"}],"wp:featuredmedia":[{"embeddable":true,"href":"https:\/\/www.europesays.com\/fr\/wp-json\/wp\/v2\/media\/476448"}],"wp:attachment":[{"href":"https:\/\/www.europesays.com\/fr\/wp-json\/wp\/v2\/media?parent=476447"}],"wp:term":[{"taxonomy":"category","embeddable":true,"href":"https:\/\/www.europesays.com\/fr\/wp-json\/wp\/v2\/categories?post=476447"},{"taxonomy":"post_tag","embeddable":true,"href":"https:\/\/www.europesays.com\/fr\/wp-json\/wp\/v2\/tags?post=476447"}],"curies":[{"name":"wp","href":"https:\/\/api.w.org\/{rel}","templated":true}]}}