{"id":476472,"date":"2025-10-20T06:46:14","date_gmt":"2025-10-20T06:46:14","guid":{"rendered":"https:\/\/www.europesays.com\/fr\/476472\/"},"modified":"2025-10-20T06:46:14","modified_gmt":"2025-10-20T06:46:14","slug":"quatre-morts-dans-un-immeuble-lorigine-du-feu-inconnue","status":"publish","type":"post","link":"https:\/\/www.europesays.com\/fr\/476472\/","title":{"rendered":"quatre morts dans un immeuble, l&rsquo;origine du feu inconnue"},"content":{"rendered":"<p class=\"app_entry_lead\">\n<p>                    <a title=\"\u00a0\u00a9\u00a0Matthieu Mirville\/ZUMA\/SIPA (publi\u00e9e le 20\/10\/2025)\" href=\"https:\/\/www.europesays.com\/fr\/wp-content\/uploads\/2025\/10\/81718226.jpg\" class=\"fancy\"><\/p>\n<p>                            <img loading=\"lazy\" decoding=\"async\" src=\"https:\/\/www.europesays.com\/fr\/wp-content\/uploads\/2025\/10\/81718226.jpg\" alt=\"Incendie \u00e0 Lyon\u00a0: quatre morts dans un immeuble, l'origine du feu inconnue\" width=\"1500\" height=\"1000\"\/><\/p>\n<p>                    <\/a><\/p>\n<p>                Une incendie a fait au moins quatre morts dans un immeuble de 10\u00a0\u00e9tages situ\u00e9 dans le 3e arrondissement de Lyon, \u00e0 l&rsquo;aube de ce lundi 20\u00a0octobre. Les pompiers sont venus \u00e0 bout du feu.<\/p>\n<p>Un important <a href=\"https:\/\/www.linternaute.com\/incendies\/\" title=\"Incendies\" rel=\"nofollow noopener\" target=\"_blank\">incendie<\/a> s&rsquo;est d\u00e9clar\u00e9 dans un immeuble de 10 \u00e9tages \u00e0 Lyon, ce lundi 20 octobre vers 5h10\u00a0du matin selon les informations de la pr\u00e9fecture. Le feu a pris dans un b\u00e2timent du 3e arrondissement lyonnais, pr\u00e8s du centre commercial La Part-Dieu. Quatre personnes sont mortes dans l&rsquo;incendie malgr\u00e9 l&rsquo;intervention des secours.<\/p>\n<p>78 sapeurs-pompiers, soutenus par des \u00e9quipes du Samu et de la police nationale, sont intervenus. Ils ont r\u00e9ussi \u00e0 \u00e9teindre l&rsquo;incendie vers 7 heures. De nombreuses personnes se trouvant \u00e0 l&rsquo;int\u00e9rieur de l&rsquo;immeuble et \u00e0 proximit\u00e9 du feu ont \u00e9t\u00e9 prises en charge, mais \u00ab\u00a0quatre personnes sont d\u00e9c\u00e9d\u00e9es malgr\u00e9 [cette] prise en charge\u00a0\u00bb a indiqu\u00e9 la pr\u00e9fecture ajoutant que \u00ab\u00a0dix autres personnes ont \u00e9t\u00e9 examin\u00e9es\u00a0\u00bb. Pour l&rsquo;heure, aucune information n&rsquo;a \u00e9t\u00e9 donn\u00e9e concernant l&rsquo;origine de l&rsquo;incendie.<\/p>\n<p>Les sinistr\u00e9s ont \u00e9t\u00e9 accueillis dans un gymnase mis \u00e0 disposition par la mairie. Un cellule m\u00e9dico-psychologique a \u00e9galement \u00e9t\u00e9 ouverte par les autorit\u00e9s.<\/p>\n","protected":false},"excerpt":{"rendered":"Une incendie a fait au moins quatre morts dans un immeuble de 10\u00a0\u00e9tages situ\u00e9 dans le 3e arrondissement&hellip;\n","protected":false},"author":2,"featured_media":476473,"comment_status":"","ping_status":"","sticky":false,"template":"","format":"standard","meta":{"footnotes":""},"categories":[1889],"tags":[1111,11,2430,60000,51761,1777,674,118,51763,1011,27,5383,2428,12,51767,25],"class_list":{"0":"post-476472","1":"post","2":"type-post","3":"status-publish","4":"format-standard","5":"has-post-thumbnail","7":"category-lyon","8":"tag-actu","9":"tag-actualites","10":"tag-auvergne-rhone-alpes","11":"tag-cms-linternaute-9055179","12":"tag-controller-content","13":"tag-eu","14":"tag-europe","15":"tag-faits-divers","16":"tag-format-papier","17":"tag-fr","18":"tag-france","19":"tag-incendies","20":"tag-lyon","21":"tag-news","22":"tag-parallaxeinfeed","23":"tag-republique-francaise"},"share_on_mastodon":{"url":"","error":""},"_links":{"self":[{"href":"https:\/\/www.europesays.com\/fr\/wp-json\/wp\/v2\/posts\/476472","targetHints":{"allow":["GET"]}}],"collection":[{"href":"https:\/\/www.europesays.com\/fr\/wp-json\/wp\/v2\/posts"}],"about":[{"href":"https:\/\/www.europesays.com\/fr\/wp-json\/wp\/v2\/types\/post"}],"author":[{"embeddable":true,"href":"https:\/\/www.europesays.com\/fr\/wp-json\/wp\/v2\/users\/2"}],"replies":[{"embeddable":true,"href":"https:\/\/www.europesays.com\/fr\/wp-json\/wp\/v2\/comments?post=476472"}],"version-history":[{"count":0,"href":"https:\/\/www.europesays.com\/fr\/wp-json\/wp\/v2\/posts\/476472\/revisions"}],"wp:featuredmedia":[{"embeddable":true,"href":"https:\/\/www.europesays.com\/fr\/wp-json\/wp\/v2\/media\/476473"}],"wp:attachment":[{"href":"https:\/\/www.europesays.com\/fr\/wp-json\/wp\/v2\/media?parent=476472"}],"wp:term":[{"taxonomy":"category","embeddable":true,"href":"https:\/\/www.europesays.com\/fr\/wp-json\/wp\/v2\/categories?post=476472"},{"taxonomy":"post_tag","embeddable":true,"href":"https:\/\/www.europesays.com\/fr\/wp-json\/wp\/v2\/tags?post=476472"}],"curies":[{"name":"wp","href":"https:\/\/api.w.org\/{rel}","templated":true}]}}