{"id":476482,"date":"2025-10-20T06:52:18","date_gmt":"2025-10-20T06:52:18","guid":{"rendered":"https:\/\/www.europesays.com\/fr\/476482\/"},"modified":"2025-10-20T06:52:18","modified_gmt":"2025-10-20T06:52:18","slug":"cest-un-super-choix-melanie-taravant-de-lopera-de-paris-a-la-presentation-du-13-heures-de-france-2","status":"publish","type":"post","link":"https:\/\/www.europesays.com\/fr\/476482\/","title":{"rendered":"\u00ab\u00a0C\u2019est un super choix\u00a0!\u00a0\u00bb\u00a0: M\u00e9lanie Taravant, de l\u2019Op\u00e9ra de Paris \u00e0 la pr\u00e9sentation du 13\u00a0Heures de France\u00a02"},"content":{"rendered":"<p class=\"paragraph text_align_left lp-f-body-02\">Le nom de M\u00e9lanie Taravant, lui, s\u2019est impos\u00e9 d\u00e8s septembre apr\u00e8s un test r\u00e9alis\u00e9 dans les conditions du direct. Lors de ce JT \u00ab \u00e0 blanc \u00bb, la journaliste a su \u00e9viter les peaux de bananes sem\u00e9es par l\u2019encadrement. \u00ab Il y a eu des petits pi\u00e8ges, rigole-t-elle encore. On m\u2019a dit qu\u2019un reportage n\u2019arrivait pas, le prompteur s\u2019est aussi bloqu\u00e9 pendant le journal. On m\u2019a enfin demand\u00e9 de rajouter au dernier moment une br\u00e8ve sur un exploit sportif \u00bb.<\/p>\n","protected":false},"excerpt":{"rendered":"Le nom de M\u00e9lanie Taravant, lui, s\u2019est impos\u00e9 d\u00e8s septembre apr\u00e8s un test r\u00e9alis\u00e9 dans les conditions du&hellip;\n","protected":false},"author":2,"featured_media":476483,"comment_status":"","ping_status":"","sticky":false,"template":"","format":"standard","meta":{"footnotes":""},"categories":[1888],"tags":[11,872,1777,674,1011,27,12,626,25,2205],"class_list":{"0":"post-476482","1":"post","2":"type-post","3":"status-publish","4":"format-standard","5":"has-post-thumbnail","7":"category-paris","8":"tag-actualites","9":"tag-culture-et-loisirs","10":"tag-eu","11":"tag-europe","12":"tag-fr","13":"tag-france","14":"tag-news","15":"tag-paris","16":"tag-republique-francaise","17":"tag-television-medias"},"share_on_mastodon":{"url":"https:\/\/pubeurope.com\/@fr\/115405177012393170","error":""},"_links":{"self":[{"href":"https:\/\/www.europesays.com\/fr\/wp-json\/wp\/v2\/posts\/476482","targetHints":{"allow":["GET"]}}],"collection":[{"href":"https:\/\/www.europesays.com\/fr\/wp-json\/wp\/v2\/posts"}],"about":[{"href":"https:\/\/www.europesays.com\/fr\/wp-json\/wp\/v2\/types\/post"}],"author":[{"embeddable":true,"href":"https:\/\/www.europesays.com\/fr\/wp-json\/wp\/v2\/users\/2"}],"replies":[{"embeddable":true,"href":"https:\/\/www.europesays.com\/fr\/wp-json\/wp\/v2\/comments?post=476482"}],"version-history":[{"count":0,"href":"https:\/\/www.europesays.com\/fr\/wp-json\/wp\/v2\/posts\/476482\/revisions"}],"wp:featuredmedia":[{"embeddable":true,"href":"https:\/\/www.europesays.com\/fr\/wp-json\/wp\/v2\/media\/476483"}],"wp:attachment":[{"href":"https:\/\/www.europesays.com\/fr\/wp-json\/wp\/v2\/media?parent=476482"}],"wp:term":[{"taxonomy":"category","embeddable":true,"href":"https:\/\/www.europesays.com\/fr\/wp-json\/wp\/v2\/categories?post=476482"},{"taxonomy":"post_tag","embeddable":true,"href":"https:\/\/www.europesays.com\/fr\/wp-json\/wp\/v2\/tags?post=476482"}],"curies":[{"name":"wp","href":"https:\/\/api.w.org\/{rel}","templated":true}]}}