{"id":476488,"date":"2025-10-20T06:55:11","date_gmt":"2025-10-20T06:55:11","guid":{"rendered":"https:\/\/www.europesays.com\/fr\/476488\/"},"modified":"2025-10-20T06:55:11","modified_gmt":"2025-10-20T06:55:11","slug":"etats-unis-un-vehicule-de-police-touche-accidentellement-par-un-eclat-dobus-actualites","status":"publish","type":"post","link":"https:\/\/www.europesays.com\/fr\/476488\/","title":{"rendered":"Etats-Unis: un v\u00e9hicule de police touch\u00e9 accidentellement par un \u00e9clat d&rsquo;obus : Actualit\u00e9s"},"content":{"rendered":"<p class=\"lead \">Un v\u00e9hicule des forces de l&rsquo;ordre a \u00e9t\u00e9 accidentellement touch\u00e9 en Californie par un \u00e9clat d&rsquo;obus provenant d&rsquo;un projectile d&rsquo;artillerie tir\u00e9 lors d&rsquo;une d\u00e9monstration militaire, \u00e0 l&rsquo;occasion du 250e anniversaire du Corps des Marines auquel assistait le vice-pr\u00e9sident am\u00e9ricain JD Vance, a indiqu\u00e9 lundi la police. <\/p>\n<p class=\"lead \">L&rsquo;incident, qui s&rsquo;est d\u00e9roul\u00e9 samedi, n&rsquo;a pas fait de bless\u00e9, a pr\u00e9cis\u00e9 la police de la route dans un communiqu\u00e9.<\/p>\n<p class=\"lead \">L&rsquo;obus a \u00ab\u00a0explos\u00e9 pr\u00e9matur\u00e9ment en plein vol\u00a0\u00bb. \u00ab\u00a0Il s&rsquo;agit d&rsquo;une situation inhabituelle et pr\u00e9occupante\u00a0\u00bb, a estim\u00e9 Tony Coronado un des chefs de la police de la route, ajoutant qu&rsquo;il est \u00ab\u00a0extr\u00eamement rare que des activit\u00e9s d&rsquo;entra\u00eenement avec munitions r\u00e9elles ou explosifs aient lieu au-dessus d&rsquo;une autoroute en service\u00a0\u00bb.<\/p>\n<p class=\"lead \">Le gouverneur d\u00e9mocrate de Californie, Gavin Newsom, avait critiqu\u00e9 la d\u00e9monstration de tirs r\u00e9els dans les jours pr\u00e9c\u00e9dant l&rsquo;\u00e9v\u00e9nement, qui a entra\u00een\u00e9 la fermeture d&rsquo;un tron\u00e7on de 27 kilom\u00e8tres de l&rsquo;autoroute reliant Los Angeles \u00e0 San Diego.<\/p>\n<p class=\"lead \">M. Newsom, critique de Donald Trump et pressenti pour une candidature \u00e0 la Maison Blanche en 2028, a d\u00e9clar\u00e9 sur X que l&rsquo;accident \u00ab\u00a0aurait pu tuer quelqu&rsquo;un\u00a0\u00bb.<\/p>\n<p class=\"lead \">Le Corps des Marines, qui avait auparavant assur\u00e9 qu&rsquo;il n&rsquo;y avait aucun risque pour le public, a \u00e9galement ouvert une enqu\u00eate sur l&rsquo;incident, selon NBC News.<\/p>\n<p class=\"lead \">Les exercices pour c\u00e9l\u00e9brer le 250e anniversaire du Corps des Marines comprenait des survols de chasseurs, l&rsquo;usage de navires amphibies, des explosions dans un village factice et des membres des forces sp\u00e9ciales Navy Seals se jetant dans l&rsquo;oc\u00e9an Pacifique depuis des h\u00e9licopt\u00e8res.<\/p>\n<p class=\"small font-weight-bold text-gray3 \"> publi\u00e9 le 20 octobre \u00e0 08h50, AFP<\/p>\n<p>                             Partager<\/p>\n","protected":false},"excerpt":{"rendered":"Un v\u00e9hicule des forces de l&rsquo;ordre a \u00e9t\u00e9 accidentellement touch\u00e9 en Californie par un \u00e9clat d&rsquo;obus provenant d&rsquo;un&hellip;\n","protected":false},"author":2,"featured_media":476489,"comment_status":"","ping_status":"","sticky":false,"template":"","format":"standard","meta":{"footnotes":""},"categories":[1589],"tags":[119,11,10268,73,1866,12,1864,1865,1863,308],"class_list":{"0":"post-476488","1":"post","2":"type-post","3":"status-publish","4":"format-standard","5":"has-post-thumbnail","7":"category-etats-unis","8":"tag-accident","9":"tag-actualites","10":"tag-arme","11":"tag-etats-unis","12":"tag-etats-unis-damerique","13":"tag-news","14":"tag-united-states","15":"tag-united-states-of-america","16":"tag-us","17":"tag-usa"},"share_on_mastodon":{"url":"","error":""},"_links":{"self":[{"href":"https:\/\/www.europesays.com\/fr\/wp-json\/wp\/v2\/posts\/476488","targetHints":{"allow":["GET"]}}],"collection":[{"href":"https:\/\/www.europesays.com\/fr\/wp-json\/wp\/v2\/posts"}],"about":[{"href":"https:\/\/www.europesays.com\/fr\/wp-json\/wp\/v2\/types\/post"}],"author":[{"embeddable":true,"href":"https:\/\/www.europesays.com\/fr\/wp-json\/wp\/v2\/users\/2"}],"replies":[{"embeddable":true,"href":"https:\/\/www.europesays.com\/fr\/wp-json\/wp\/v2\/comments?post=476488"}],"version-history":[{"count":0,"href":"https:\/\/www.europesays.com\/fr\/wp-json\/wp\/v2\/posts\/476488\/revisions"}],"wp:featuredmedia":[{"embeddable":true,"href":"https:\/\/www.europesays.com\/fr\/wp-json\/wp\/v2\/media\/476489"}],"wp:attachment":[{"href":"https:\/\/www.europesays.com\/fr\/wp-json\/wp\/v2\/media?parent=476488"}],"wp:term":[{"taxonomy":"category","embeddable":true,"href":"https:\/\/www.europesays.com\/fr\/wp-json\/wp\/v2\/categories?post=476488"},{"taxonomy":"post_tag","embeddable":true,"href":"https:\/\/www.europesays.com\/fr\/wp-json\/wp\/v2\/tags?post=476488"}],"curies":[{"name":"wp","href":"https:\/\/api.w.org\/{rel}","templated":true}]}}