{"id":476496,"date":"2025-10-20T07:01:13","date_gmt":"2025-10-20T07:01:13","guid":{"rendered":"https:\/\/www.europesays.com\/fr\/476496\/"},"modified":"2025-10-20T07:01:13","modified_gmt":"2025-10-20T07:01:13","slug":"a-nice-lol-na-pas-eu-cette-attitude-de-mort-de-faim","status":"publish","type":"post","link":"https:\/\/www.europesays.com\/fr\/476496\/","title":{"rendered":"A Nice, l\u2019OL n\u2019a pas eu cette attitude de mort de faim"},"content":{"rendered":"<p>                            <img width=\"770\" height=\"433\" src=\"https:\/\/www.europesays.com\/fr\/wp-content\/uploads\/2025\/10\/Morton-770x433.jpg\" class=\"attachment-article size-article wp-post-image\" alt=\"Morton face \u00e0 Boga (Nice - OL)\" decoding=\"async\" fetchpriority=\"high\"  \/><\/p>\n<p>Morton face \u00e0 Boga (Nice \u2013 OL) (Photo by Valery HACHE \/ AFP)<\/p>\n<p>Port\u00e9e aux nues depuis le d\u00e9but de la saison, la d\u00e9fense de l\u2019OL a pris l\u2019eau samedi \u00e0 Nice. Apr\u00e8s Toulouse, ce deuxi\u00e8me match illustre un collectif bien moins agressif et solide.<\/p>\n<p>Il fallait se douter que tout ne serait pas tout rose pendant 34 journ\u00e9es de Ligue 1. Malgr\u00e9 un d\u00e9but de saison canon, nombreux sont les observateurs \u00e0 avoir rapidement soulign\u00e9 que cet OL version 2025-2026 n\u2019avait pas l\u2019\u00e9toffe d\u2019une formation capable de se battre pour le titre jusqu\u2019\u00e0 la fin. Non pas \u00e0 cause de la qualit\u00e9 des joueurs qui composent cet effectif, mais bien par la quantit\u00e9 de solutions pour Paulo\u00a0<strong>Fonseca<\/strong>. Samedi apr\u00e8s-midi \u00e0 Nice, l\u2019<strong>OL<\/strong>\u00a0a vu cette r\u00e9alit\u00e9 le rattraper, montrant aussi\u00a0<a href=\"https:\/\/www.olympique-et-lyonnais.com\/trois-titulaires-en-moins-cest-trop-pour-cet-ol,382895.html\" target=\"_blank\" rel=\"noopener\">le gap qu\u2019il pouvait exister<\/a>\u00a0entre les titulaires quasi certains et ceux capables de les remplacer.<\/p>\n<p>Sans Moussa\u00a0<strong>Niakhat\u00e9<\/strong>, Nicolas\u00a0<strong>Tagliafico<\/strong>\u00a0et Tanner\u00a0<strong>Tessmann<\/strong>, les Lyonnais ont pris une nouvelle douche froide\u00a0<a href=\"https:\/\/www.olympique-et-lyonnais.com\/plombe-par-trop-de-rates-lol-chute-a-nice-3-2,382849.html\" target=\"_blank\" rel=\"noopener\">(3-2)<\/a>sur la C\u00f4te d\u2019Azur. Pourtant, \u00e0 regarder les statistiques, l\u2019OL est loin d\u2019avoir rendu une copie blanche dans laquelle il n\u2019y a rien \u00e0 en tirer. Avec 29 tirs et plus de trois expected-goals attendus, les co\u00e9quipiers de Corentin\u00a0<strong>Tolisso<\/strong>\u00a0auraient largement pu esp\u00e9rer repartir de la French Riviera avec trois points dans la besace. Il aurait fallu pour cela \u00eatre plus efficace, que ce soit offensivement mais surtout d\u00e9fensivement.<\/p>\n<p>Kluivert et Maitland-Niles cristallisent les critiques<\/p>\n<p>Encens\u00e9e depuis le d\u00e9but de saison \u00e0 juste titre, la d\u00e9fense rhodanienne a vol\u00e9 en \u00e9clats samedi face aux Aiglons. Avec\u00a0<strong>Kluivert<\/strong>\u00a0et\u00a0<strong>Abner<\/strong>\u00a0dans le onze, c\u2019est 50% des titulaires qui ont \u00e9t\u00e9 chang\u00e9s. Pas forc\u00e9ment une excuse mais la passivit\u00e9 du N\u00e9erlandais a rejailli aupr\u00e8s de tous \u00e0\u00a0<strong>Nice<\/strong>. \u00c0 la diff\u00e9rence d\u2019<strong>Utrecht<\/strong>\u00a0ou\u00a0<strong>Salzbourg<\/strong>\u00a0o\u00f9 il avait commenc\u00e9 \u00e0 droite de la d\u00e9fense, Ruben Kluivert n\u2019a pas vraiment eu d\u2019excuse pour justifier sa prestation cataclysmique comme central. Encore impliqu\u00e9 sur certains des buts ni\u00e7ois, comme ce fut d\u00e9j\u00e0 le cas \u00e0 son entr\u00e9e \u00e0\u00a0<strong>Rennes<\/strong>\u00a0un mois plus t\u00f4t, l\u2019ancien de\u00a0<strong>Casa Pia\u00a0<\/strong>a cristallis\u00e9 toutes les critiques samedi.<\/p>\n<p>De quoi permettre \u00e0 certains de passer entre les mailles du filet, et pas seulement les d\u00e9fenseurs. A l\u2019Allianz Riviera, c\u2019est tout le collectif lyonnais qui a p\u00e9ch\u00e9 dans cet aspect qui faisait sa force depuis presque sept journ\u00e9es.\u00a0\u00ab\u00a0On \u00e9tait clairement moins en bloc que d\u2019habitude. Nice est une \u00e9quipe de contre, et on n\u2019a pas assur\u00e9 sur les marquages, les pr\u00e9ventions,\u00a0a avanc\u00e9 Clinton\u00a0<strong>Mata<\/strong>\u00a0apr\u00e8s le match.\u00a0C\u2019est du pain b\u00e9ni pour eux avec leurs attaquants rapides.\u00a0\u00bb<\/p>\n<p>\u00ab\u00a0\u00catre \u00e0 100% de la 1re \u00e0 la 90e\u00a0\u00bb<\/p>\n<p>Des offrandes dont\u00a0<strong>Nice\u00a0<\/strong>n\u2019a pas manqu\u00e9 d\u2019en profiter. Avec moins d\u2019un but attendu sur les 90 minutes jou\u00e9es, les hommes de Franck\u00a0<strong>Haise<\/strong>\u00a0ont parfaitement optimis\u00e9 la moindre de leurs incursions en zone lyonnaise. Comme dans un pass\u00e9 pas si lointain, l\u2019OL a donc \u00e9t\u00e9 trahi par sa d\u00e9fense, logiquement plus point\u00e9e du doigt que les 29 tirs tent\u00e9s pour seulement deux petits buts. C\u2019est le revers de la m\u00e9daille apr\u00e8s plusieurs semaines \u00e0 se voir encenser.\u00a0\u00ab\u00a0C\u2019est compl\u00e8tement de notre faute, il faut assumer. On n\u2019a pas \u00e0 trouver d\u2019excuse, on a manqu\u00e9 d\u2019agressivit\u00e9 et j\u2019en prends aussi la responsabilit\u00e9,\u00a0a poursuivi l\u2019Angolais dans un discours capt\u00e9 par les m\u00e9dias pr\u00e9sents \u00e0 Nice.\u00a0On a fait des \u00e9loges sur notre d\u00e9fense, donc quand tout va mal, on ne va pas se cacher. \u00c7a n\u2019a pas \u00e9t\u00e9 comme d\u2019habitude, alors que c\u2019\u00e9tait une de nos forces jusqu\u2019ici.\u00a0\u00bb<\/p>\n<p>Si\u00a0<strong>Kluivert<\/strong>,\u00a0<strong>Maitland-Niles\u00a0<\/strong>ou m\u00eame\u00a0<strong>Mata<\/strong>\u00a0vont\u00a0<a href=\"https:\/\/www.olympique-et-lyonnais.com\/nice-ol-3-2-top-flop-ce-quil-faut-retenir,382858.html\" target=\"_blank\" rel=\"noopener\">\u00eatre \u00e0 la une de l\u2019affiche<\/a>\u00a0pour\u00a0encore quelques heures, ce revers ne doit pas faire oublier l\u2019essentiel : l\u2019OL avait tir\u00e9 sa force de son collectif depuis la mi-ao\u00fbt. C\u2019est ensemble que cette \u00e9quipe pourra esp\u00e9rer quelque chose. Pour \u00e7a, il faudra \u00eatre\u00a0\u00ab\u00a0\u00e0 100% de la 1re \u00e0 la 90e minute. D\u00e8s qu\u2019on en fait un peu moins, on le paie cash\u00a0\u00bb, comme l\u2019avait souffl\u00e9 Moussa\u00a0<strong>Niakhat\u00e9<\/strong>\u00a0apr\u00e8s OL &#8211; Toulouse. L&rsquo;avertissement ne semble pas avoir \u00e9t\u00e9 entendu, alors une piq\u00fbre\u00a0de rappel ne fait jamais de mal.<\/p>\n","protected":false},"excerpt":{"rendered":"Morton face \u00e0 Boga (Nice \u2013 OL) (Photo by Valery HACHE \/ AFP) Port\u00e9e aux nues depuis le&hellip;\n","protected":false},"author":2,"featured_media":476497,"comment_status":"","ping_status":"","sticky":false,"template":"","format":"standard","meta":{"footnotes":""},"categories":[1586],"tags":[11,1777,674,1779,1011,27,66,12,241,978,25,1778,364],"class_list":{"0":"post-476496","1":"post","2":"type-post","3":"status-publish","4":"format-standard","5":"has-post-thumbnail","7":"category-europe","8":"tag-actualites","9":"tag-eu","10":"tag-europe","11":"tag-european-union","12":"tag-fr","13":"tag-france","14":"tag-ligue-1","15":"tag-news","16":"tag-ol","17":"tag-olympique-lyonnais","18":"tag-republique-francaise","19":"tag-ue","20":"tag-union-europeenne"},"share_on_mastodon":{"url":"https:\/\/pubeurope.com\/@fr\/115405212821590776","error":""},"_links":{"self":[{"href":"https:\/\/www.europesays.com\/fr\/wp-json\/wp\/v2\/posts\/476496","targetHints":{"allow":["GET"]}}],"collection":[{"href":"https:\/\/www.europesays.com\/fr\/wp-json\/wp\/v2\/posts"}],"about":[{"href":"https:\/\/www.europesays.com\/fr\/wp-json\/wp\/v2\/types\/post"}],"author":[{"embeddable":true,"href":"https:\/\/www.europesays.com\/fr\/wp-json\/wp\/v2\/users\/2"}],"replies":[{"embeddable":true,"href":"https:\/\/www.europesays.com\/fr\/wp-json\/wp\/v2\/comments?post=476496"}],"version-history":[{"count":0,"href":"https:\/\/www.europesays.com\/fr\/wp-json\/wp\/v2\/posts\/476496\/revisions"}],"wp:featuredmedia":[{"embeddable":true,"href":"https:\/\/www.europesays.com\/fr\/wp-json\/wp\/v2\/media\/476497"}],"wp:attachment":[{"href":"https:\/\/www.europesays.com\/fr\/wp-json\/wp\/v2\/media?parent=476496"}],"wp:term":[{"taxonomy":"category","embeddable":true,"href":"https:\/\/www.europesays.com\/fr\/wp-json\/wp\/v2\/categories?post=476496"},{"taxonomy":"post_tag","embeddable":true,"href":"https:\/\/www.europesays.com\/fr\/wp-json\/wp\/v2\/tags?post=476496"}],"curies":[{"name":"wp","href":"https:\/\/api.w.org\/{rel}","templated":true}]}}