{"id":476498,"date":"2025-10-20T07:02:13","date_gmt":"2025-10-20T07:02:13","guid":{"rendered":"https:\/\/www.europesays.com\/fr\/476498\/"},"modified":"2025-10-20T07:02:13","modified_gmt":"2025-10-20T07:02:13","slug":"en-direct-lyon-quatre-personnes-decedent-dans-un-incendie-dans-le-3e-arrondissement-le-progres","status":"publish","type":"post","link":"https:\/\/www.europesays.com\/fr\/476498\/","title":{"rendered":"En direct Lyon. Quatre personnes d\u00e9c\u00e8dent dans un incendie dans le 3e arrondissement &#8211; Le Progr\u00e8s"},"content":{"rendered":"<ol>\n<li><a href=\"https:\/\/news.google.com\/rss\/articles\/CBMiwwFBVV95cUxORzJsMzBkdXd6ODlZeVEzTndxMUtTSlRlVnc0ODl1UnJZdjVCcHRieTlma2loVXRZRl9jMHNYQ2lSUVNmWGhGN1JqTGlJRWFqT3lydzkxQ3V1cEVmdkFHUEEyajFKb1pWdTR6VmJNcW9XSkdTU3puSmtKNHJnMEdseG03UkNyMTVheFV5WGdsbFp0S2c4cWpBUV82bFV0M3BYVWdfVXhmWDdTQ0kxUXZYbncxN2tUcURPbUJKUVg2QlR6eFU?oc=5\" target=\"_blank\" rel=\"noopener\">En direct Lyon. Quatre personnes d\u00e9c\u00e8dent dans un incendie dans le 3e arrondissement<\/a>&nbsp;&nbsp;Le Progr\u00e8s<\/li>\n<li><a href=\"https:\/\/news.google.com\/rss\/articles\/CBMijgFBVV95cUxOUzZDbU5wRW9JcDdfNUZ5VUlyOWhCZ2hnMW9TdV9tU3lsakxfLWtHbWZBM0xMaW14cHhQaEZGb0JocGFicVRqMlc3VkNjbzJjMFZVeW10aUV5VTczOU9IdTE3UVZiU3FvRHozRENFX3NtQWxlX0pBcE4wNW1WMmVmeGk0QmU4ZHNzZXpPWmVB?oc=5\" target=\"_blank\" rel=\"noopener\">Lyon : quatre morts dans l\u2019incendie d\u2019un immeuble<\/a>&nbsp;&nbsp;Le Figaro<\/li>\n<li><a href=\"https:\/\/news.google.com\/rss\/articles\/CBMipgFBVV95cUxPdUc0aWgxMjRHaDFqQk9sbXg5TUdJRktoUjFoSjF3QzYxY3JUSXNTRjBCZXFoNmNRLWFZUnJuV05KYTZWWVBSb3l1djQwMl93ZEh3YVdtcURJTGtQbTNNbHlWTk03Uk50RG5jVC1ZTzJvbEJELUU1WE1TU0hTbUsxSjNacjZCRTFBWHhhVVlwUlU2ZmlPUnUzRUl1NWZIbVVNaUt4SzNR?oc=5\" target=\"_blank\" rel=\"noopener\">\u00c0 Lyon, 4 morts dans l\u2019incendie tragique d\u2019un immeuble<\/a>&nbsp;&nbsp;parismatch.com<\/li>\n<li><a href=\"https:\/\/news.google.com\/rss\/articles\/CBMi8wFBVV95cUxPUGRKeHo2Nk55T1N0OEY4QkNYdEJmMTJmdmdtV3dxM1R1T3lsM3RuRlEtOFpEZFJMV005TEF1c2dMbEdGWFpRTTZpd3F3WXBVZjVhV3VGU2FOQTEySmhaYzEwam9oOXNsUllmdlo2MnhLVTh0QWcxc0M4U0RsR3lQRndDbWNPa3lTcnVvb1FsS2YzY2l1eS1pVXJUY3lQQUZ5MGJWU3RaUGE3YzJUOHAtYkVVZmdpODFRb3FrU3BuZmN5dFBPVlBhMVdsZW4tYW9sMzh3MWh5WjhqaHItbmg3VFNPMHZIdHAyZk5hWUR2dkVRUWs?oc=5\" target=\"_blank\" rel=\"noopener\">L\u2019incendie d\u2019un immeuble fait quatre morts dans le 3e arrondissement de Lyon<\/a>&nbsp;&nbsp;Ouest-France<\/li>\n<li><a href=\"https:\/\/news.google.com\/rss\/articles\/CBMitwFBVV95cUxOZWlZQXNuQ0VaN0o3SHlrc2NxQmxqQTdJdkJ5WkVpaWY2Q1RoV00xOHp0NDNMSW56VmhYYWFBQ3BWYTZ5cnhlWkdlQmE4QTljSi0tWEIyQjVqTktKOTJXTE1Oa2x5Ujh0aXFGZWdhUTJtcm5yeS1LdWdVWkprYWhkSUpic2dSUXF0Tl9DTTVKRVFxaDNZU2RBbmh1bFVXZU5RcmNGOVdmV2NOMnkzYmJXMmZmVnJMVzg?oc=5\" target=\"_blank\" rel=\"noopener\">INFO BFM LYON. Quatre morts lors d&rsquo;un incendie dans un immeuble \u00e0 Lyon<\/a>&nbsp;&nbsp;BFMTV<\/li>\n<\/ol>\n","protected":false},"excerpt":{"rendered":"En direct Lyon. Quatre personnes d\u00e9c\u00e8dent dans un incendie dans le 3e arrondissement&nbsp;&nbsp;Le Progr\u00e8s Lyon : quatre morts&hellip;\n","protected":false},"author":2,"featured_media":476499,"comment_status":"","ping_status":"","sticky":false,"template":"","format":"standard","meta":{"footnotes":""},"categories":[2],"tags":[11,2757,274,107,1011,27,1310,2428,4750,12,25,2429],"class_list":{"0":"post-476498","1":"post","2":"type-post","3":"status-publish","4":"format-standard","5":"has-post-thumbnail","7":"category-actualites","8":"tag-actualites","9":"tag-edition-lyon-villeurbanne","10":"tag-faits-divers-justice","11":"tag-fil-info","12":"tag-fr","13":"tag-france","14":"tag-incendie","15":"tag-lyon","16":"tag-lyon-3e-arrondissement","17":"tag-news","18":"tag-republique-francaise","19":"tag-rhone"},"share_on_mastodon":{"url":"https:\/\/pubeurope.com\/@fr\/115405215674357196","error":""},"_links":{"self":[{"href":"https:\/\/www.europesays.com\/fr\/wp-json\/wp\/v2\/posts\/476498","targetHints":{"allow":["GET"]}}],"collection":[{"href":"https:\/\/www.europesays.com\/fr\/wp-json\/wp\/v2\/posts"}],"about":[{"href":"https:\/\/www.europesays.com\/fr\/wp-json\/wp\/v2\/types\/post"}],"author":[{"embeddable":true,"href":"https:\/\/www.europesays.com\/fr\/wp-json\/wp\/v2\/users\/2"}],"replies":[{"embeddable":true,"href":"https:\/\/www.europesays.com\/fr\/wp-json\/wp\/v2\/comments?post=476498"}],"version-history":[{"count":0,"href":"https:\/\/www.europesays.com\/fr\/wp-json\/wp\/v2\/posts\/476498\/revisions"}],"wp:featuredmedia":[{"embeddable":true,"href":"https:\/\/www.europesays.com\/fr\/wp-json\/wp\/v2\/media\/476499"}],"wp:attachment":[{"href":"https:\/\/www.europesays.com\/fr\/wp-json\/wp\/v2\/media?parent=476498"}],"wp:term":[{"taxonomy":"category","embeddable":true,"href":"https:\/\/www.europesays.com\/fr\/wp-json\/wp\/v2\/categories?post=476498"},{"taxonomy":"post_tag","embeddable":true,"href":"https:\/\/www.europesays.com\/fr\/wp-json\/wp\/v2\/tags?post=476498"}],"curies":[{"name":"wp","href":"https:\/\/api.w.org\/{rel}","templated":true}]}}